{"id":2695,"date":"2018-10-10T15:10:45","date_gmt":"2018-10-10T14:10:45","guid":{"rendered":"https:\/\/diba.ccoo.cat\/?p=2695"},"modified":"2023-02-22T19:09:40","modified_gmt":"2023-02-22T18:09:40","slug":"premis-per-anys-de-servei-situacio-actual-de-la-negociacio-octubre-2018-2","status":"publish","type":"post","link":"https:\/\/ccoo.app\/diputacio-de-barcelona\/premis-per-anys-de-servei-situacio-actual-de-la-negociacio-octubre-2018-2\/","title":{"rendered":"RESUM COMPLET DE L&#8217;ACTUAL SITUACI\u00d3 A LA NEGOCIACI\u00d3 COL\u00b7LECTIVA"},"content":{"rendered":"<p class=\"wp-caption-text\"><img loading=\"lazy\" decoding=\"async\" class=\"alignnone wp-image-1853\" src=\"http:\/\/ccoo.app\/diputacio-de-barcelona\/wp-content\/blogs.dir\/6\/files\/sites\/186\/2018\/01\/logoccoov18.jpg\" alt=\"\" width=\"137\" height=\"63\" \/>\u00a0 \u00a0 \u00a0 \u00a0 \u00a0 \u00a0 \u00a0 \u00a0 \u00a0 \u00a0 \u00a0 \u00a0 \u00a0 \u00a0 \u00a0 \u00a0<a href=\"https:\/\/diba.ccoo.cat\/wp-content\/uploads\/sites\/37\/2018\/10\/COMUNICAT-SITUACI%C3%93-ACTUAL-PREMIS.pdf\"><img loading=\"lazy\" decoding=\"async\" class=\"alignnone wp-image-2113\" src=\"http:\/\/ccoo.app\/diputacio-de-barcelona\/wp-content\/blogs.dir\/6\/files\/sites\/186\/2018\/04\/22-300x172.png\" alt=\"\" width=\"134\" height=\"77\" srcset=\"https:\/\/ccoo.app\/diputacio-de-barcelona\/wp-content\/blogs.dir\/6\/files\/sites\/186\/2018\/04\/22-300x172.png 300w, https:\/\/ccoo.app\/diputacio-de-barcelona\/wp-content\/blogs.dir\/6\/files\/sites\/186\/2018\/04\/22.png 327w\" sizes=\"auto, (max-width: 134px) 100vw, 134px\" \/><\/a><\/p>\n<p class=\"wp-caption-text\"><span style=\"font-family: 'arial black', sans-serif;font-size: 18pt;color: #ff0000\">RESUM COMPLET DE L&#8217;ACTUAL SITUACI\u00d3 A LA NEGOCIACI\u00d3 COL\u00b7LECTIVA\u00a0<\/span><\/p>\n<p class=\"wp-caption-text\"><span style=\"font-family: 'arial black', sans-serif;color: #0000ff;font-size: 14pt\"><strong>OCTUBRE 2018<\/strong><\/span><\/p>\n<p>&nbsp;<\/p>\n<ul>\n<li class=\"entry-title\"><span style=\"font-family: 'arial black', sans-serif;font-size: 14pt;color: #0000ff\">IMPAGAMENTS PREMIS PER ANYS DE SERVEI:<\/span><\/li>\n<\/ul>\n<p>https:\/\/diba.ccoo.cat\/premis-per-anys-de-servei-situacio-actual-de-la-negociacio-octubre-2018\/<\/p>\n<p>&nbsp;<\/p>\n<ul>\n<li class=\"entry-title\"><span style=\"font-family: 'arial black', sans-serif;font-size: 14pt;color: #0000ff\">PAGA D\u2019ASSIDU\u00cfTAT:<\/span><\/li>\n<\/ul>\n<p>https:\/\/diba.ccoo.cat\/paga-dassiduitat-situacio-actual\/<\/p>\n<p>&nbsp;<\/p>\n<ul>\n<li><span style=\"font-family: 'arial black', sans-serif;font-size: 14pt;color: #0000ff\">INCREMENT RETRIBUTIU ANY 2018 A LA DIPUTACI\u00d3:<\/span><\/li>\n<\/ul>\n<p>https:\/\/diba.ccoo.cat\/increment-retributiu-any-2018-a-la-diputacio-situacio-actual-de-la-negociacio\/<\/p>\n<p>&nbsp;<\/p>\n<p>&nbsp;<\/p>\n<ul>\n<li><span style=\"font-family: 'arial black', sans-serif;font-size: 14pt;color: #0000ff\">MESURES I MILLORES EN MAT\u00c8RIA D\u2019IT O BAIXA:<\/span><\/li>\n<\/ul>\n<p>https:\/\/diba.ccoo.cat\/mesures-i-millores-en-materia-dit-o-baixa-situacio-actual-de-la-negociacio\/<\/p>\n<p>&nbsp;<\/p>\n<p>&nbsp;<\/p>\n<ul>\n<li><span style=\"font-family: 'arial black', sans-serif;font-size: 14pt;color: #0000ff\">ALTRES TEMES TRACTATS A LA MESA GENERAL DE\u00a0NEGOCIACI\u00d3. OCTUBRE 2018:<\/span><\/li>\n<\/ul>\n<p>https:\/\/diba.ccoo.cat\/altres-temes-tractats-a-la-mesa-general-de-negociacio-octubre-2018\/<\/p>\n<p>&nbsp;<\/p>\n<p><a href=\"https:\/\/diba.ccoo.cat\/guia-ccoo-reclamacio-dels-impagaments-premis\/\"><img loading=\"lazy\" decoding=\"async\" class=\" wp-image-2618 aligncenter\" src=\"http:\/\/ccoo.app\/diputacio-de-barcelona\/wp-content\/blogs.dir\/6\/files\/sites\/186\/2018\/10\/uuuuuuuuuuuuuuuuuuuuo-300x126.png\" alt=\"\" width=\"355\" height=\"149\" srcset=\"https:\/\/ccoo.app\/diputacio-de-barcelona\/wp-content\/blogs.dir\/6\/files\/sites\/186\/2018\/10\/uuuuuuuuuuuuuuuuuuuuo-300x126.png 300w, https:\/\/ccoo.app\/diputacio-de-barcelona\/wp-content\/blogs.dir\/6\/files\/sites\/186\/2018\/10\/uuuuuuuuuuuuuuuuuuuuo.png 496w\" sizes=\"auto, (max-width: 355px) 100vw, 355px\" \/><\/a><\/p>\n<p>&nbsp;<\/p>\n<p>&nbsp;<\/p>\n<p><span style=\"font-family: arial, helvetica, sans-serif;color: #000000\"><strong>Horari d\u2019atenci\u00f3 CCOO DIBA: <\/strong><\/span><\/p>\n<p><span style=\"font-family: arial, helvetica, sans-serif;color: #000000\"><strong>CARRER MALLORCA, 244, 2on 3a<\/strong><\/span><\/p>\n<p><span style=\"font-family: arial, helvetica, sans-serif;color: #000000\"><strong>DE DILLUNS A DIVENDRES DE 8:30 A 16:30\u00a0\u00a0 <\/strong><span style=\"font-size: 10pt\"><strong>(FORA D\u2019AQUEST HORARI AMB CITA PR\u00c8VIA)<\/strong><\/span><\/span><\/p>\n<p style=\"text-align: center\"><span style=\"font-size: 18pt\"><span style=\"font-family: arial, helvetica, sans-serif;color: #000000\"><strong>\u00a0<\/strong><\/span><span style=\"font-family: arial, helvetica, sans-serif\"><strong><small><span style=\"color: #000000\">Contacta&#8217;ns per tel\u00e8fon 934 022 985 o correu:<\/span> <a href=\"mailto:ccoo@diba.cat\">ccoo@diba.cat<\/a><\/small> <\/strong><\/span><\/span><\/p>\n<p><strong>\u00a0<\/strong><\/p>\n<p><a href=\"https:\/\/twitter.com\/CCOODiba\"><img loading=\"lazy\" decoding=\"async\" class=\"alignleft\" src=\"http:\/\/www.mysocialaccounts.com\/wp-content\/uploads\/2017\/04\/twitter.jpg\" alt=\"Resultado de imagen de twitter\" width=\"44\" height=\"44\" \/><\/a>\u00a0 \u00a0\u00a0<a href=\"http:\/\/diba.ccoo.cat\/\"><img loading=\"lazy\" decoding=\"async\" class=\"\" src=\"https:\/\/encrypted-tbn0.gstatic.com\/images?q=tbn:ANd9GcS98Z75qmWgKpehEkfwdWrInKdK65A-jf2SgkGvuU4oy_fPYt9q\" alt=\"Imagen relacionada\" width=\"52\" height=\"53\" \/><\/a><a href=\"https:\/\/www.facebook.com\/CcooDiputacioDeBarcelona\/\"><img loading=\"lazy\" decoding=\"async\" class=\"alignleft\" src=\"https:\/\/upload.wikimedia.org\/wikipedia\/commons\/thumb\/7\/7c\/Facebook_New_Logo_%282015%29.svg\/2000px-Facebook_New_Logo_%282015%29.svg.png\" alt=\"Resultado de imagen de facebook\" width=\"122\" height=\"46\" \/><\/a><a href=\"https:\/\/www.youtube.com\/channel\/UCFzenkS75udEcs4pB4qoZsg\"><img loading=\"lazy\" decoding=\"async\" class=\"alignleft\" src=\"https:\/\/i.kinja-img.com\/gawker-media\/image\/upload\/s--heVex4FV--\/c_scale,fl_progressive,q_80,w_800\/pol5zfmalpqmpt1jcnbp.png\" alt=\"Resultado de imagen de youtube\" width=\"117\" height=\"50\" \/><\/a><img loading=\"lazy\" decoding=\"async\" class=\"alignleft\" src=\"https:\/\/www.educapeques.com\/wp-content\/uploads\/2016\/04\/descargar-whatsapp.png\" alt=\"Resultado de imagen de whatsapp\" width=\"64\" height=\"50\" \/><\/p>\n<p>&nbsp;<\/p>\n<p>&nbsp;<\/p>\n<p>&nbsp;<\/p>\n<p>&nbsp;<\/p>\n<p>&nbsp;<\/p>\n<p>&nbsp;<\/p>\n<p>&nbsp;<\/p>\n<p>&nbsp;<\/p>\n<p><img loading=\"lazy\" decoding=\"async\" class=\"wp-image-262 alignright\" src=\"http:\/\/ccoo.app\/diputacio-de-barcelona\/wp-content\/blogs.dir\/6\/files\/sites\/186\/2016\/04\/afiliat_ccoo_cat.gif\" alt=\"Tota la informaci\u00f3 de com afiliar-se a CCOO Catalunya i forlmulari d'alta o baxia.\" width=\"90\" height=\"80\" \/><\/p>\n<p>&nbsp;<\/p>\n<p>&nbsp;<\/p>\n<p>&nbsp;<\/p>\n<p>&nbsp;<\/p>\n<p>&nbsp;    \t<\/p>\n","protected":false},"excerpt":{"rendered":"<p>\u00a0 \u00a0 \u00a0 \u00a0 \u00a0 \u00a0 \u00a0 \u00a0 \u00a0 \u00a0 \u00a0 \u00a0 \u00a0 \u00a0 \u00a0 \u00a0 RESUM COMPLET DE L&#8217;ACTUAL SITUACI\u00d3 A LA NEGOCIACI\u00d3 COL\u00b7LECTIVA\u00a0 OCTUBRE 2018 &nbsp; IMPAGAMENTS PREMIS &#8230; <\/p>\n<p class=\"read-more-container\"><a title=\"RESUM COMPLET DE L&#8217;ACTUAL SITUACI\u00d3 A LA NEGOCIACI\u00d3 COL\u00b7LECTIVA\" class=\"read-more button\" href=\"https:\/\/ccoo.app\/diputacio-de-barcelona\/premis-per-anys-de-servei-situacio-actual-de-la-negociacio-octubre-2018-2\/#more-2695\" aria-label=\"Leer m\u00e1s sobre RESUM COMPLET DE L&#8217;ACTUAL SITUACI\u00d3 A LA NEGOCIACI\u00d3 COL\u00b7LECTIVA\">Continuar llegint<\/a><\/p>\n","protected":false},"author":4519,"featured_media":2658,"comment_status":"open","ping_status":"open","sticky":false,"template":"","format":"standard","meta":{"footnotes":""},"categories":[15,19,24,26,27,30,31,32,34,35],"tags":[86,104,107,127,148,154,168,174,175,180,208],"class_list":["post-2695","post","type-post","status-publish","format-standard","has-post-thumbnail","hentry","category-calendari","category-comunicats","category-interins","category-mgn","category-millores-socials","category-permisos","category-personal-interi-comunicats","category-premis","category-respir","category-salut-laboral","tag-baixes-altes-mediques-embaras-maternitat-flexibilitat-fills-ebep-eleccions-jornada-horari-horaris-laboral-jornada-jornades-laborals-its-incapacitat-temporal-salut-inspeccio-treball","tag-els-nostres-drets-no-es-suspenen","tag-es-defensen","tag-its","tag-mesa-general-negociacio","tag-mobilitat-teletreball","tag-paga-dassiduitat","tag-permis-de-conciliacio","tag-permis-de-maternitat","tag-personal-interi","tag-paga-productivitat","generate-columns","tablet-grid-50","mobile-grid-100","grid-parent","grid-50"],"_links":{"self":[{"href":"https:\/\/ccoo.app\/diputacio-de-barcelona\/wp-json\/wp\/v2\/posts\/2695","targetHints":{"allow":["GET"]}}],"collection":[{"href":"https:\/\/ccoo.app\/diputacio-de-barcelona\/wp-json\/wp\/v2\/posts"}],"about":[{"href":"https:\/\/ccoo.app\/diputacio-de-barcelona\/wp-json\/wp\/v2\/types\/post"}],"author":[{"embeddable":true,"href":"https:\/\/ccoo.app\/diputacio-de-barcelona\/wp-json\/wp\/v2\/users\/4519"}],"replies":[{"embeddable":true,"href":"https:\/\/ccoo.app\/diputacio-de-barcelona\/wp-json\/wp\/v2\/comments?post=2695"}],"version-history":[{"count":1,"href":"https:\/\/ccoo.app\/diputacio-de-barcelona\/wp-json\/wp\/v2\/posts\/2695\/revisions"}],"predecessor-version":[{"id":52121,"href":"https:\/\/ccoo.app\/diputacio-de-barcelona\/wp-json\/wp\/v2\/posts\/2695\/revisions\/52121"}],"wp:featuredmedia":[{"embeddable":true,"href":"https:\/\/ccoo.app\/diputacio-de-barcelona\/wp-json\/wp\/v2\/media\/2658"}],"wp:attachment":[{"href":"https:\/\/ccoo.app\/diputacio-de-barcelona\/wp-json\/wp\/v2\/media?parent=2695"}],"wp:term":[{"taxonomy":"category","embeddable":true,"href":"https:\/\/ccoo.app\/diputacio-de-barcelona\/wp-json\/wp\/v2\/categories?post=2695"},{"taxonomy":"post_tag","embeddable":true,"href":"https:\/\/ccoo.app\/diputacio-de-barcelona\/wp-json\/wp\/v2\/tags?post=2695"}],"curies":[{"name":"wp","href":"https:\/\/api.w.org\/{rel}","templated":true}]}}