{"id":2611,"date":"2018-10-03T17:11:57","date_gmt":"2018-10-03T16:11:57","guid":{"rendered":"https:\/\/diba.ccoo.cat\/?p=2611"},"modified":"2023-02-22T19:09:48","modified_gmt":"2023-02-22T18:09:48","slug":"premis-per-anys-de-servei-situacio-actual-de-la-negociacio-octubre-2018","status":"publish","type":"post","link":"https:\/\/ccoo.app\/diputacio-de-barcelona\/premis-per-anys-de-servei-situacio-actual-de-la-negociacio-octubre-2018\/","title":{"rendered":"IMPAGAMENTS PREMIS PER ANYS DE SERVEI: SITUACI\u00d3 ACTUAL DE LA NEGOCIACI\u00d3"},"content":{"rendered":"<p class=\"wp-caption-text\"><img loading=\"lazy\" decoding=\"async\" class=\"alignnone wp-image-1853\" src=\"http:\/\/ccoo.app\/diputacio-de-barcelona\/wp-content\/blogs.dir\/6\/files\/sites\/186\/2018\/01\/logoccoov18.jpg\" alt=\"\" width=\"137\" height=\"63\" \/>\u00a0 \u00a0 \u00a0 \u00a0 \u00a0 \u00a0 \u00a0 \u00a0 \u00a0 \u00a0 \u00a0 \u00a0 \u00a0 \u00a0 \u00a0 \u00a0<a href=\"https:\/\/diba.ccoo.cat\/wp-content\/uploads\/sites\/37\/2018\/10\/COMUNICAT-SITUACI%C3%93-ACTUAL-PREMIS.pdf\"><img loading=\"lazy\" decoding=\"async\" class=\"alignnone wp-image-2113\" src=\"http:\/\/ccoo.app\/diputacio-de-barcelona\/wp-content\/blogs.dir\/6\/files\/sites\/186\/2018\/04\/22-300x172.png\" alt=\"\" width=\"134\" height=\"77\" srcset=\"https:\/\/ccoo.app\/diputacio-de-barcelona\/wp-content\/blogs.dir\/6\/files\/sites\/186\/2018\/04\/22-300x172.png 300w, https:\/\/ccoo.app\/diputacio-de-barcelona\/wp-content\/blogs.dir\/6\/files\/sites\/186\/2018\/04\/22.png 327w\" sizes=\"auto, (max-width: 134px) 100vw, 134px\" \/><\/a><\/p>\n<p class=\"wp-caption-text\"><span style=\"font-family: 'arial black', sans-serif;font-size: 18pt;color: #ff0000\">IMPAGAMENTS PREMIS PER ANYS DE SERVEI: SITUACI\u00d3 ACTUAL DE LA NEGOCIACI\u00d3\u00a0<\/span><\/p>\n<p class=\"wp-caption-text\"><span style=\"font-family: 'arial black', sans-serif;color: #0000ff;font-size: 14pt\"><strong>OCTUBRE 2018<\/strong><\/span><\/p>\n<p>&nbsp;<\/p>\n<p><span style=\"font-family: arial, helvetica, sans-serif;color: #000000\">Paral\u00b7lelament a la via jur\u00eddica oberta, CCOO seguim treballant a la Mesa de Negociaci\u00f3.<\/span><\/p>\n<p><span style=\"font-family: arial, helvetica, sans-serif;color: #000000\">L\u2019any passat, ja <strong><u>vam aconseguir el comprom\u00eds pol\u00edtic de mantenir la partida pressupost\u00e0ria d\u20191.160.850 \u20ac<\/u><\/strong> dels PREMIS per a l\u2019any 2018. Com ja sabeu, la condici\u00f3 no obstant per a fer efectius aquests diners \u00e9s arribar a un acord que tingui en compte els actuals <u>criteris de la <em>Intervenci\u00f3<\/em><\/u> de la Diputaci\u00f3.<\/span><\/p>\n<p><span style=\"font-family: arial, helvetica, sans-serif;color: #000000\">Una de les propostes inicials de CCOO va ser <strong><u>passar la partida pressupost\u00e0ria de PREMIS<\/u><\/strong> (actualment encabida en els Fons d\u2019Acci\u00f3 Social) <strong><u>a la partida de Productivitat<\/u><\/strong>. (com podeu veure en el requadre adjunt &#8211; <a href=\"http:\/\/ccoo.app\/diputacio-de-barcelona\/wp-content\/blogs.dir\/6\/files\/sites\/186\/2018\/10\/millores-2.pdf\"><strong><span style=\"color: #0000ff\">CLIQUEU PER AMPLIAR<\/span><\/strong><\/a>).<img loading=\"lazy\" decoding=\"async\" class=\" wp-image-2612 alignright\" src=\"http:\/\/ccoo.app\/diputacio-de-barcelona\/wp-content\/blogs.dir\/6\/files\/sites\/186\/2018\/10\/uuuuuuuuuuuuuuuuuuuuuuuuuuuu-278x300.png\" alt=\"\" width=\"296\" height=\"319\" srcset=\"https:\/\/ccoo.app\/diputacio-de-barcelona\/wp-content\/blogs.dir\/6\/files\/sites\/186\/2018\/10\/uuuuuuuuuuuuuuuuuuuuuuuuuuuu-278x300.png 278w, https:\/\/ccoo.app\/diputacio-de-barcelona\/wp-content\/blogs.dir\/6\/files\/sites\/186\/2018\/10\/uuuuuuuuuuuuuuuuuuuuuuuuuuuu.png 634w\" sizes=\"auto, (max-width: 296px) 100vw, 296px\" \/><\/span><\/p>\n<p><span style=\"font-family: arial, helvetica, sans-serif;color: #000000\">Aquesta opci\u00f3 ens permetria fer efectiu les pagues de 25, 30 i 35 anys sense pr\u00e0cticament modificar les actuals condicions.<\/span><\/p>\n<p><strong><span style=\"font-family: arial, helvetica, sans-serif;color: #000000\">Per qu\u00e8 no es pot tirar endavant aquesta proposta?<\/span><\/strong><\/p>\n<p><span style=\"font-family: arial, helvetica, sans-serif;color: #000000\">El criteri de la <em>Intervenci\u00f3 <\/em>de la Diputaci\u00f3 de Barcelona \u00e9s que si fem aquesta operaci\u00f3, la productivitat\u00a0 augmentaria molt m\u00e9s del que la Llei de Pressupostos Generals de l\u2019Estat (LPGE) permet. Sostenen que <u>cada partida<\/u> pressupost\u00e0ria est\u00e0 subjecte als l\u00edmits de la LPGE (el mateix % que augmentaran els nostres sous).<\/span><\/p>\n<p><span style=\"font-family: arial, helvetica, sans-serif;color: #000000\">CCOO tenim clar que la citada Llei limita els augments en mat\u00e8ria de personal per\u00f2 ho fa amb car\u00e0cter GLOBAL del Cap\u00edtol 1 i no partida a partida. Per tant, nosaltres entenem que la productivitat pot augmentar en 1.160.850 \u20ac si traspassem dels Fons d\u2019Acci\u00f3 Social aquesta mateixa quantitat. En cap cas aix\u00f2 suposaria un increment del Cap\u00edtol 1 de personal (que \u00e9s el que d\u2019acord amb el nostre criteri realment limita la LPGE).<\/span><\/p>\n<p><span style=\"font-family: arial, helvetica, sans-serif;color: #000000\">Resumint: l\u2019actual criteri d\u2019Intervenci\u00f3 ens impedeix trobar soluci\u00f3 mitjan\u00e7ant la productivitat. \u00c9s per aix\u00f2 que la Diputaci\u00f3 en seu de Mesa de Negociaci\u00f3 ens va plantejar dos escenaris:<\/span><\/p>\n<ul>\n<li><span style=\"font-family: arial, helvetica, sans-serif;color: #000000\">Deixar \u00fanicament el que dictamini un jutge del contenci\u00f3s-administratiu.\u00a0Suposa perdre anualment la partida pressupost\u00e0ria (1.160.850 \u20ac \/ any) tot esperant que arribi una sent\u00e8ncia que tant podria ser favorable com desfavorable.<\/span><\/li>\n<\/ul>\n<ul>\n<li><span style=\"font-family: arial, helvetica, sans-serif;color: #000000\">Negociar com redistribu\u00efm la partida pressupost\u00e0ria (1.160.850 \u20ac \/ any) dins de les \u201cmillores socials\u201d.<\/span><\/li>\n<\/ul>\n<p>&nbsp;<\/p>\n<p><span style=\"font-family: 'arial black', sans-serif;color: #0000ff;font-size: 14pt\">PROPOSTA DE \u201cMILLORA SOCIAL PER EDAT\u201d<\/span><\/p>\n<p><span style=\"font-family: arial, helvetica, sans-serif;color: #000000\">D\u2019acord amb el que hem exposat abans, en aquest moment, l\u2019\u00fanica manera de no perdre els 1.160.850 \u20ac \u00e9s negociar dins dels marges del \u201cFons d\u2019Acci\u00f3 Social\u201d.<img loading=\"lazy\" decoding=\"async\" class=\"size-medium wp-image-2613 alignright\" src=\"http:\/\/ccoo.app\/diputacio-de-barcelona\/wp-content\/blogs.dir\/6\/files\/sites\/186\/2018\/10\/uuuuuuuuuuuuuuuuuuuuuui-256x300.png\" alt=\"\" width=\"256\" height=\"300\" srcset=\"https:\/\/ccoo.app\/diputacio-de-barcelona\/wp-content\/blogs.dir\/6\/files\/sites\/186\/2018\/10\/uuuuuuuuuuuuuuuuuuuuuui-256x300.png 256w, https:\/\/ccoo.app\/diputacio-de-barcelona\/wp-content\/blogs.dir\/6\/files\/sites\/186\/2018\/10\/uuuuuuuuuuuuuuuuuuuuuui.png 580w\" sizes=\"auto, (max-width: 256px) 100vw, 256px\" \/><\/span><\/p>\n<p><span style=\"font-family: arial, helvetica, sans-serif;color: #000000\">Aix\u00ed, la primera proposta de la Diputaci\u00f3 de Barcelona va ser passar les quanties econ\u00f2miques dels <em>Premis<\/em> al que coneixem com a \u201c<em>Millores socials<\/em>\u201d.<\/span><\/p>\n<p><span style=\"font-family: arial, helvetica, sans-serif;color: #000000\">La dotaci\u00f3 econ\u00f2mica per \u201cMillores socials: <em>Despesa cultural, sanit\u00e0ria, esportiva\u201d<\/em> \u00e9s de 710.000\u20ac i la dels \u201c<em>Premis per anys de Servei\u201d <\/em>de<em> 1.160.850\u20ac<\/em> (com podeu veure en el requadre adjunt &#8211; <a href=\"http:\/\/ccoo.app\/diputacio-de-barcelona\/wp-content\/blogs.dir\/6\/files\/sites\/186\/2018\/10\/millores-3.pdf\"><strong><span style=\"color: #0000ff\">CLIQUEU PER AMPLIAR<\/span><\/strong><\/a>).<\/span><\/p>\n<p><span style=\"font-family: arial, helvetica, sans-serif;color: #000000\">La proposta de CCOO va ser no obstant que el 1.160.850\u20ac pogu\u00e9s beneficiar el m\u00e0xim possible als afectats\/des dels impagaments. En altres paraules, que el que s\u2019acordi s\u2019ajusti al m\u00e0xim al deute envers la gent que ho ha meritat en concepte de premi per anys de serveis.<\/span><\/p>\n<p><span style=\"font-family: arial, helvetica, sans-serif;color: #000000\">En aquesta l\u00ednia vam fer la proposta de \u201c<em>Millores socials per edat<\/em>\u201d que consistiria de manera resumida en aix\u00f2:<\/span><\/p>\n<p><a href=\"https:\/\/diba.ccoo.cat\/wp-content\/uploads\/sites\/37\/2018\/10\/COMUNICAT-SITUACI%C3%93-ACTUAL-PREMIS.pdf\"><img loading=\"lazy\" decoding=\"async\" class=\"wp-image-2614 aligncenter\" src=\"http:\/\/ccoo.app\/diputacio-de-barcelona\/wp-content\/blogs.dir\/6\/files\/sites\/186\/2018\/10\/uuuuuuuuuuuuuuuuuul-300x50.png\" alt=\"\" width=\"606\" height=\"101\" srcset=\"https:\/\/ccoo.app\/diputacio-de-barcelona\/wp-content\/blogs.dir\/6\/files\/sites\/186\/2018\/10\/uuuuuuuuuuuuuuuuuul-300x50.png 300w, https:\/\/ccoo.app\/diputacio-de-barcelona\/wp-content\/blogs.dir\/6\/files\/sites\/186\/2018\/10\/uuuuuuuuuuuuuuuuuul.png 624w\" sizes=\"auto, (max-width: 606px) 100vw, 606px\" \/><\/a><\/p>\n<p><span style=\"font-family: arial, helvetica, sans-serif;color: #000000\">A m\u00e9s dels 150 \u20ac que tothom percep per les \u201cMillores Socials\u201d cada any, el personal a partir dels 50 anys podr\u00e0 tenir acc\u00e9s a una partida addicional que podeu veure a la taula anterior (tamb\u00e9 hi tindr\u00e0 dret el personal inter\u00ed).<\/span><\/p>\n<p><span style=\"font-family: arial, helvetica, sans-serif;color: #000000\">Els requisits per cobrar aquestes quanties d\u2019acord amb la nostra edat ser\u00e0 no haver percebut abans el premi que hipot\u00e8ticament es correspondria amb la franja d\u2019edat.<\/span><\/p>\n<p><span style=\"font-family: arial, helvetica, sans-serif;color: #000000\">Posem alguns exemples:<\/span><\/p>\n<ul>\n<li><strong><span style=\"font-family: arial, helvetica, sans-serif;color: #000000\">Tinc 53 anys i ja vaig cobrar la paga dels 25 anys.<\/span><\/strong><\/li>\n<\/ul>\n<p><span style=\"font-family: arial, helvetica, sans-serif;color: #000000\">Tinc dret a partir dels 55 anys al tram 2 i a partir del 60 anys al tram 3.<\/span><\/p>\n<ul>\n<li><strong><span style=\"font-family: arial, helvetica, sans-serif;color: #000000\">Tinc 61 anys i ja vaig cobrar les pagues dels 25 i 30 anys.<\/span><\/strong><\/li>\n<\/ul>\n<p><span style=\"font-family: arial, helvetica, sans-serif;color: #000000\">Tinc dret ja al tram 3 i cobrar-lo fins a la meva jubilaci\u00f3 for\u00e7osa<\/span><\/p>\n<ul>\n<li><strong><span style=\"font-family: arial, helvetica, sans-serif;color: #000000\">Tinc 58 anys i ja vaig cobrar la paga dels 25 anys.<\/span><\/strong><\/li>\n<\/ul>\n<p><span style=\"font-family: arial, helvetica, sans-serif;color: #000000\">Tinc dret ja al tram 2 i a partir del 60 anys al tram 3.<\/span><\/p>\n<p><span style=\"font-family: arial, helvetica, sans-serif;color: #000000\">Recordareu que nom\u00e9s disposem d\u20191.160.850 \u20ac.\u00a0 No incloure aquests requisits suposaria una despesa superior a aquesta partida pressupost\u00e0ria.<\/span><\/p>\n<p>&nbsp;<\/p>\n<p><span style=\"font-family: 'arial black', sans-serif;color: #0000ff;font-size: 14pt\">QUINA \u00c9S LA SITUACI\u00d3 ACTUAL?<\/span><\/p>\n<p><span style=\"font-family: arial, helvetica, sans-serif;color: #000000\">El dia 11 d\u2019octubre hi ha convocada una nova reuni\u00f3 de Mesa General de Negociaci\u00f3. <strong>Estem a l\u2019espera que ens envi\u00efn una nova redacci\u00f3 de la proposta d\u2019acord <em>\u201cMillora social per edat\u201d<\/em><\/strong> en conson\u00e0ncia amb les \u00faltimes esmenes efectuades.<\/span><\/p>\n<p><span style=\"font-family: arial, helvetica, sans-serif;color: #000000\">Treballem per arribar a <strong>una proposta digna que pugui ser presentada, debatuda i, si s\u2019escau, validada en assemblea.<\/strong><\/span><\/p>\n<p><span style=\"font-family: arial, helvetica, sans-serif;color: #000000\">Deixar-ho tot nom\u00e9s en mans de la just\u00edcia (oblidant-nos del 1.160.850 \u20ac) \u00e9s precisament l\u2019opci\u00f3 que Diputaci\u00f3 ens ha reiterat diverses vegades que escoll\u00edssim\u00a0 els sindicats.<\/span><\/p>\n<p><span style=\"font-family: arial, helvetica, sans-serif;color: #000000\">La proposta treballada no \u00e9s absolutament incompatible amb l\u2019opci\u00f3 de CCOO d\u2019interposar un <em>Contenci\u00f3s-administratiu. <\/em><\/span><\/p>\n<p><span style=\"font-family: arial, helvetica, sans-serif;color: #000000\">A m\u00e9s, sense voler patrimonialitzar-lo, per\u00f2 s\u00ed per recon\u00e8ixer el que fa cadasc\u00fa hem de recordar que CCOO ha estat la primera secci\u00f3 sindical en interposar recurs contenci\u00f3s, a m\u00e9s d\u2019assessorar i donar suport a desenes d\u2019afectats\/ades i mobilitzar-se i treballar activament a les reunions de Mesa de Negociaci\u00f3.<\/span><\/p>\n<p><span style=\"font-family: arial, helvetica, sans-serif;color: #000000\">Per tant, com a conclusi\u00f3, estem pendents de pr\u00f2ximes reunions de Mesa de Negociaci\u00f3. Llavors rebrem una nova proposta per escrit que esperem tingui en compte les darreres consideracions que els hi hem fet arribar.\u00a0<\/span><\/p>\n<p><span style=\"font-family: arial, helvetica, sans-serif;color: #000000\">En qualsevol cas, prengueu atenci\u00f3 a pr\u00f2ximes comunicacions i convocat\u00f2ries que farem.<\/span><\/p>\n<p><a href=\"https:\/\/diba.ccoo.cat\/guia-ccoo-reclamacio-dels-impagaments-premis\/\"><img loading=\"lazy\" decoding=\"async\" class=\" wp-image-2618 aligncenter\" src=\"http:\/\/ccoo.app\/diputacio-de-barcelona\/wp-content\/blogs.dir\/6\/files\/sites\/186\/2018\/10\/uuuuuuuuuuuuuuuuuuuuo-300x126.png\" alt=\"\" width=\"355\" height=\"149\" srcset=\"https:\/\/ccoo.app\/diputacio-de-barcelona\/wp-content\/blogs.dir\/6\/files\/sites\/186\/2018\/10\/uuuuuuuuuuuuuuuuuuuuo-300x126.png 300w, https:\/\/ccoo.app\/diputacio-de-barcelona\/wp-content\/blogs.dir\/6\/files\/sites\/186\/2018\/10\/uuuuuuuuuuuuuuuuuuuuo.png 496w\" sizes=\"auto, (max-width: 355px) 100vw, 355px\" \/><\/a><\/p>\n<p>&nbsp;<\/p>\n<p><span style=\"font-family: arial, helvetica, sans-serif;color: #000000\"><strong>Horari d\u2019atenci\u00f3 CCOO DIBA: <\/strong><\/span><\/p>\n<p><span style=\"font-family: arial, helvetica, sans-serif;color: #000000\"><strong>CARRER MALLORCA, 244, 2on 3a<\/strong><\/span><\/p>\n<p><span style=\"font-family: arial, helvetica, sans-serif;color: #000000\"><strong>DE DILLUNS A DIVENDRES DE 8:30 A 16:30\u00a0\u00a0 <\/strong><span style=\"font-size: 10pt\"><strong>(FORA D\u2019AQUEST HORARI AMB CITA PR\u00c8VIA)<\/strong><\/span><\/span><\/p>\n<p style=\"text-align: center\"><span style=\"font-size: 18pt\"><span style=\"font-family: arial, helvetica, sans-serif;color: #000000\"><strong>\u00a0<\/strong><\/span><span style=\"font-family: arial, helvetica, sans-serif\"><strong><small><span style=\"color: #000000\">Contacta&#8217;ns per tel\u00e8fon 934 022 985 o correu:<\/span> <a href=\"mailto:ccoo@diba.cat\">ccoo@diba.cat<\/a><\/small> <\/strong><\/span><\/span><\/p>\n<p><strong>\u00a0<\/strong><\/p>\n<p><a href=\"https:\/\/twitter.com\/CCOODiba\"><img loading=\"lazy\" decoding=\"async\" class=\"alignleft\" src=\"http:\/\/www.mysocialaccounts.com\/wp-content\/uploads\/2017\/04\/twitter.jpg\" alt=\"Resultado de imagen de twitter\" width=\"44\" height=\"44\" \/><\/a>\u00a0 \u00a0\u00a0<a href=\"http:\/\/diba.ccoo.cat\/\"><img loading=\"lazy\" decoding=\"async\" class=\"\" src=\"https:\/\/encrypted-tbn0.gstatic.com\/images?q=tbn:ANd9GcS98Z75qmWgKpehEkfwdWrInKdK65A-jf2SgkGvuU4oy_fPYt9q\" alt=\"Imagen relacionada\" width=\"52\" height=\"53\" \/><\/a><a href=\"https:\/\/www.facebook.com\/CcooDiputacioDeBarcelona\/\"><img loading=\"lazy\" decoding=\"async\" class=\"alignleft\" src=\"https:\/\/upload.wikimedia.org\/wikipedia\/commons\/thumb\/7\/7c\/Facebook_New_Logo_%282015%29.svg\/2000px-Facebook_New_Logo_%282015%29.svg.png\" alt=\"Resultado de imagen de facebook\" width=\"122\" height=\"46\" \/><\/a><a href=\"https:\/\/www.youtube.com\/channel\/UCFzenkS75udEcs4pB4qoZsg\"><img loading=\"lazy\" decoding=\"async\" class=\"alignleft\" src=\"https:\/\/i.kinja-img.com\/gawker-media\/image\/upload\/s--heVex4FV--\/c_scale,fl_progressive,q_80,w_800\/pol5zfmalpqmpt1jcnbp.png\" alt=\"Resultado de imagen de youtube\" width=\"117\" height=\"50\" \/><\/a><img loading=\"lazy\" decoding=\"async\" class=\"alignleft\" src=\"https:\/\/www.educapeques.com\/wp-content\/uploads\/2016\/04\/descargar-whatsapp.png\" alt=\"Resultado de imagen de whatsapp\" width=\"64\" height=\"50\" \/><\/p>\n<p>&nbsp;<\/p>\n<p>&nbsp;<\/p>\n<p>&nbsp;<\/p>\n<p>&nbsp;<\/p>\n<p>&nbsp;<\/p>\n<p>&nbsp;<\/p>\n<p>&nbsp;<\/p>\n<p>&nbsp;<\/p>\n<p><img loading=\"lazy\" decoding=\"async\" class=\"wp-image-262 alignright\" src=\"http:\/\/ccoo.app\/diputacio-de-barcelona\/wp-content\/blogs.dir\/6\/files\/sites\/186\/2016\/04\/afiliat_ccoo_cat.gif\" alt=\"Tota la informaci\u00f3 de com afiliar-se a CCOO Catalunya i forlmulari d'alta o baxia.\" width=\"90\" height=\"80\" \/><\/p>\n<p>&nbsp;<\/p>\n<p>&nbsp;<\/p>\n<p>&nbsp;<\/p>\n<p>&nbsp;<\/p>\n<p>&nbsp;    \t<\/p>\n","protected":false},"excerpt":{"rendered":"<p>\u00a0 \u00a0 \u00a0 \u00a0 \u00a0 \u00a0 \u00a0 \u00a0 \u00a0 \u00a0 \u00a0 \u00a0 \u00a0 \u00a0 \u00a0 \u00a0 IMPAGAMENTS PREMIS PER ANYS DE SERVEI: SITUACI\u00d3 ACTUAL DE LA NEGOCIACI\u00d3\u00a0 OCTUBRE 2018 &nbsp; &#8230; <\/p>\n<p class=\"read-more-container\"><a title=\"IMPAGAMENTS PREMIS PER ANYS DE SERVEI: SITUACI\u00d3 ACTUAL DE LA NEGOCIACI\u00d3\" class=\"read-more button\" href=\"https:\/\/ccoo.app\/diputacio-de-barcelona\/premis-per-anys-de-servei-situacio-actual-de-la-negociacio-octubre-2018\/#more-2611\" aria-label=\"Leer m\u00e1s sobre IMPAGAMENTS PREMIS PER ANYS DE SERVEI: SITUACI\u00d3 ACTUAL DE LA NEGOCIACI\u00d3\">Continuar llegint<\/a><\/p>\n","protected":false},"author":4519,"featured_media":2658,"comment_status":"open","ping_status":"open","sticky":false,"template":"","format":"standard","meta":{"footnotes":""},"categories":[19,26,27,31,32],"tags":[105,148],"class_list":["post-2611","post","type-post","status-publish","format-standard","has-post-thumbnail","hentry","category-comunicats","category-mgn","category-millores-socials","category-personal-interi-comunicats","category-premis","tag-els-nostres-drets-no-es-suspenen-es-defensen","tag-mesa-general-negociacio","generate-columns","tablet-grid-50","mobile-grid-100","grid-parent","grid-50"],"_links":{"self":[{"href":"https:\/\/ccoo.app\/diputacio-de-barcelona\/wp-json\/wp\/v2\/posts\/2611","targetHints":{"allow":["GET"]}}],"collection":[{"href":"https:\/\/ccoo.app\/diputacio-de-barcelona\/wp-json\/wp\/v2\/posts"}],"about":[{"href":"https:\/\/ccoo.app\/diputacio-de-barcelona\/wp-json\/wp\/v2\/types\/post"}],"author":[{"embeddable":true,"href":"https:\/\/ccoo.app\/diputacio-de-barcelona\/wp-json\/wp\/v2\/users\/4519"}],"replies":[{"embeddable":true,"href":"https:\/\/ccoo.app\/diputacio-de-barcelona\/wp-json\/wp\/v2\/comments?post=2611"}],"version-history":[{"count":1,"href":"https:\/\/ccoo.app\/diputacio-de-barcelona\/wp-json\/wp\/v2\/posts\/2611\/revisions"}],"predecessor-version":[{"id":52127,"href":"https:\/\/ccoo.app\/diputacio-de-barcelona\/wp-json\/wp\/v2\/posts\/2611\/revisions\/52127"}],"wp:featuredmedia":[{"embeddable":true,"href":"https:\/\/ccoo.app\/diputacio-de-barcelona\/wp-json\/wp\/v2\/media\/2658"}],"wp:attachment":[{"href":"https:\/\/ccoo.app\/diputacio-de-barcelona\/wp-json\/wp\/v2\/media?parent=2611"}],"wp:term":[{"taxonomy":"category","embeddable":true,"href":"https:\/\/ccoo.app\/diputacio-de-barcelona\/wp-json\/wp\/v2\/categories?post=2611"},{"taxonomy":"post_tag","embeddable":true,"href":"https:\/\/ccoo.app\/diputacio-de-barcelona\/wp-json\/wp\/v2\/tags?post=2611"}],"curies":[{"name":"wp","href":"https:\/\/api.w.org\/{rel}","templated":true}]}}