{"id":2589,"date":"2018-09-27T15:31:52","date_gmt":"2018-09-27T14:31:52","guid":{"rendered":"https:\/\/diba.ccoo.cat\/?p=2589"},"modified":"2023-02-22T19:09:59","modified_gmt":"2023-02-22T18:09:59","slug":"millores-socials-2018-2","status":"publish","type":"post","link":"https:\/\/ccoo.app\/diputacio-de-barcelona\/millores-socials-2018-2\/","title":{"rendered":"INFORMACI\u00d3 IMPORTANT: MILLORES SOCIALS 2018"},"content":{"rendered":"<p class=\"wp-caption-text\"><img loading=\"lazy\" decoding=\"async\" class=\"alignnone wp-image-1853\" src=\"http:\/\/ccoo.app\/diputacio-de-barcelona\/wp-content\/blogs.dir\/6\/files\/sites\/186\/2018\/01\/logoccoov18.jpg\" alt=\"\" width=\"137\" height=\"63\" \/>\u00a0 \u00a0<a href=\"http:\/\/ccoo.app\/diputacio-de-barcelona\/wp-content\/blogs.dir\/6\/files\/sites\/186\/2018\/07\/millores-socials-2018.pdf\"><img loading=\"lazy\" decoding=\"async\" class=\" wp-image-2113 alignnone\" src=\"http:\/\/ccoo.app\/diputacio-de-barcelona\/wp-content\/blogs.dir\/6\/files\/sites\/186\/2018\/04\/22-300x172.png\" alt=\"\" width=\"170\" height=\"98\" srcset=\"https:\/\/ccoo.app\/diputacio-de-barcelona\/wp-content\/blogs.dir\/6\/files\/sites\/186\/2018\/04\/22-300x172.png 300w, https:\/\/ccoo.app\/diputacio-de-barcelona\/wp-content\/blogs.dir\/6\/files\/sites\/186\/2018\/04\/22.png 327w\" sizes=\"auto, (max-width: 170px) 100vw, 170px\" \/><\/a><\/p>\n<p class=\"wp-caption-text\"><span style=\"font-family: 'arial black', sans-serif;font-size: 12pt;color: #000000\">27.07.2018\u00a0<\/span><\/p>\n<p><span style=\"font-family: 'arial black', sans-serif;color: #ff0000;font-size: 18pt\">INFORMACI\u00d3 IMPORTANT: MILLORES SOCIALS 2018<\/span><\/p>\n<p><strong><span style=\"font-family: arial, helvetica, sans-serif;color: #000000;font-size: 14pt\">Hem preparat una guia per resoldre la majoria de dubtes que pugueu tenir relacionats amb les <span style=\"text-decoration: underline\">Millores Socials 2018<\/span>.<\/span><\/strong><\/p>\n<ul>\n<li><span style=\"font-family: 'arial black', sans-serif;font-size: 10pt;color: #000000\"><strong>QUI T\u00c9 DRET A L\u2019ABONAMENT DE DESPESA SOCIAL ?<\/strong><\/span><\/li>\n<li><span style=\"font-family: 'arial black', sans-serif;font-size: 10pt;color: #000000\">COM ES CALCULA LA DOTACI\u00d3 ECON\u00d2MICA INDIVIDUAL?<\/span><\/li>\n<li><span style=\"font-family: 'arial black', sans-serif;font-size: 10pt;color: #000000\"><strong>QUINS S\u00d3N ELS \u00c0MBITS INCLOSOS COM A MILLORES SOCIALS?<\/strong><\/span><\/li>\n<\/ul>\n<p><a href=\"http:\/\/ccoo.app\/diputacio-de-barcelona\/wp-content\/blogs.dir\/6\/files\/sites\/186\/2018\/07\/millores-socials-2018.pdf\"><img loading=\"lazy\" decoding=\"async\" class=\"wp-image-2488 alignleft\" src=\"http:\/\/ccoo.app\/diputacio-de-barcelona\/wp-content\/blogs.dir\/6\/files\/sites\/186\/2018\/07\/asssssssssss-300x69.png\" alt=\"\" width=\"374\" height=\"86\" srcset=\"https:\/\/ccoo.app\/diputacio-de-barcelona\/wp-content\/blogs.dir\/6\/files\/sites\/186\/2018\/07\/asssssssssss-300x69.png 300w, https:\/\/ccoo.app\/diputacio-de-barcelona\/wp-content\/blogs.dir\/6\/files\/sites\/186\/2018\/07\/asssssssssss.png 363w\" sizes=\"auto, (max-width: 374px) 100vw, 374px\" \/><\/a><\/p>\n<p>&nbsp;<\/p>\n<p>&nbsp;<\/p>\n<p>&nbsp;<\/p>\n<p><span style=\"font-family: arial, helvetica, sans-serif;color: #000000\">RESUM: Us recordem que mentre no hi hagi un nou acord de Millores Socials, l\u2019actual regulaci\u00f3 respon a les seg\u00fcents exig\u00e8ncies:<\/span><\/p>\n<ul>\n<li><span style=\"font-family: arial, helvetica, sans-serif;color: #000000;font-size: 12pt\">Termini per presentar sol\u00b7licituds adjuntant la justificaci\u00f3 de la despesa acaba el <strong><u>30 de setembre<\/u><\/strong> de 2018.<\/span><\/li>\n<li><span style=\"font-family: arial, helvetica, sans-serif;color: #000000;font-size: 12pt\">Justificar despesa <strong><u>fins a 200\u20ac.<\/u><\/strong><\/span><\/li>\n<li><span style=\"font-family: arial, helvetica, sans-serif;font-size: 12pt;color: #000000\">L\u2019abonament es far\u00e0 efectiu a la n\u00f2mina de <u>novembre 2018.<\/u><\/span><\/li>\n<li><span style=\"font-family: arial, helvetica, sans-serif;font-size: 12pt;color: #000000\">El per\u00edode de meritaci\u00f3 \u00e9s de l&#8217;1 d\u2019octubre de 2017 al 30 de setembre de 2018.<\/span><\/li>\n<\/ul>\n<p>&nbsp;<\/p>\n<p>&nbsp;<\/p>\n<p><img loading=\"lazy\" decoding=\"async\" class=\"wp-image-2547 alignleft\" src=\"http:\/\/ccoo.app\/diputacio-de-barcelona\/wp-content\/blogs.dir\/6\/files\/sites\/186\/2016\/05\/ooooooooooooooooooooo-273x300.png\" alt=\"\" width=\"111\" height=\"122\" srcset=\"https:\/\/ccoo.app\/diputacio-de-barcelona\/wp-content\/blogs.dir\/6\/files\/sites\/186\/2016\/05\/ooooooooooooooooooooo-273x300.png 273w, https:\/\/ccoo.app\/diputacio-de-barcelona\/wp-content\/blogs.dir\/6\/files\/sites\/186\/2016\/05\/ooooooooooooooooooooo.png 655w\" sizes=\"auto, (max-width: 111px) 100vw, 111px\" \/><\/p>\n<p><span style=\"font-family: 'arial black', sans-serif;font-size: 24pt;color: #ff0000\">COMUNICAT\u00a0<\/span><\/p>\n<p><span style=\"font-family: 'arial black', sans-serif;color: #0000ff\">Una vegada acabada la tramitaci\u00f3 via <em>Intradiba<\/em>, <strong><u>us recomanem<\/u><\/strong> que immediatament aneu a l\u2019apartat \u201c<em>Seguiment de sol\u00b7licituds<\/em>\u201d del mateix <em>Espai Personal<\/em> per comprovar que heu iniciat el tr\u00e0mit correctament. De fet, en aquest mateix apartat podreu repassar les dades i documents que heu enviat i si s\u2019escau modificar el que creieu adient.<\/span><\/p>\n<p>&nbsp;<\/p>\n<p><span style=\"font-family: 'arial black', sans-serif;color: #0000ff\"><strong>QUI T\u00c9 DRET A L\u2019ABONAMENT DE DESPESA SOCIAL ?<\/strong><\/span><\/p>\n<ul>\n<li><span style=\"font-family: arial, helvetica, sans-serif;color: #000000\"><strong><u>Titulars<\/u><\/strong><\/span><\/li>\n<\/ul>\n<p>&nbsp;<\/p>\n<ul>\n<li style=\"list-style-type: none\">\n<ul>\n<li><span style=\"font-family: arial, helvetica, sans-serif;color: #000000\">Personal funcionari de carrera i laboral fix<\/span><\/li>\n<li><span style=\"font-family: arial, helvetica, sans-serif;color: #000000\">Personal inter\u00ed de plantilla i de substituci\u00f3<\/span><\/li>\n<li><span style=\"font-family: arial, helvetica, sans-serif;color: #000000\">El personal jubilat fins els 70 anys<\/span><\/li>\n<\/ul>\n<\/li>\n<\/ul>\n<p>&nbsp;<\/p>\n<ul>\n<li><span style=\"font-family: arial, helvetica, sans-serif;color: #000000\"><strong><u>Beneficiaris<\/u><\/strong><\/span><\/li>\n<\/ul>\n<p><span style=\"font-family: arial, helvetica, sans-serif;color: #000000\">Els c\u00f2njuges i les parelles de fet i els fills menors de 21 anys i que convisquin amb la persona titular i no percebin cap renda procedent del treball.<\/span><\/p>\n<p><span style=\"font-family: arial, helvetica, sans-serif;color: #000000\">Els fills m\u00e9s grans de 21 anys, en cas de discapacitat, sempre que aquella estigui acreditada pels equips multiprofessionals dependents de la Generalitat de Catalunya.<\/span><\/p>\n<p>&nbsp;<\/p>\n<p><span style=\"font-family: 'arial black', sans-serif;color: #0000ff\"><strong>Com es calcula la dotaci\u00f3 econ\u00f2mica individual?<\/strong><\/span><\/p>\n<p><span style=\"font-family: arial, helvetica, sans-serif\"><strong>\u00a0\u00a0\u00a0\u00a0\u00a0\u00a0\u00a0\u00a0 <\/strong><\/span><\/p>\n<ul>\n<li><span style=\"font-family: arial, helvetica, sans-serif;color: #000000\">El pressupost total acordat \u00e9s de 710.000 \u20ac.<\/span><\/li>\n<li><span style=\"font-family: arial, helvetica, sans-serif;color: #000000\">A aquest import, l\u2019hi hem de descomptar l\u2019ajut per fill menor de 18 anys, a ra\u00f3 de 75 \u20ac per empleat amb fills. (aproximadament uns 200.000 \u20ac)<\/span><\/li>\n<li><span style=\"font-family: arial, helvetica, sans-serif;color: #000000\">La quantitat resultant s\u2019ha de dividir pel nombre de persones que hi tenen dret i que presenten la inst\u00e0ncia.<\/span><\/li>\n<li><span style=\"font-family: arial, helvetica, sans-serif;color: #000000\">L\u2019any passat hi tenien dret poc m\u00e9s de 4000 persones i nom\u00e9s van presentar inst\u00e0ncia unes 3000.<\/span><\/li>\n<\/ul>\n<p>&nbsp;<\/p>\n<p><span style=\"font-family: arial, helvetica, sans-serif;color: #000000\">Per tant depenent del nombre d\u2019empleats que presenten inst\u00e0ncies aix\u00ed ser\u00e0 la dotaci\u00f3 econ\u00f2mica que ens correspondr\u00e0 individualment.<\/span><\/p>\n<p><span style=\"font-family: arial, helvetica, sans-serif\"><a href=\"http:\/\/intradiba.diba.cat\/web\/prestacions-socials-i-avantatges\/imports\">http:\/\/intradiba.diba.cat\/web\/prestacions-socials-i-avantatges\/imports<\/a><\/span><\/p>\n<p>&nbsp;<\/p>\n<p><span style=\"font-family: 'arial black', sans-serif;color: #0000ff\"><strong>DOTACI\u00d3 ECON\u00d2MICA INDIVIDUAL:<\/strong><\/span><\/p>\n<p><span style=\"font-family: arial, helvetica, sans-serif;color: #000000\">TRAM 1<strong>:<\/strong> \u00a0\u00a0\u00a0\u00a0\u00a0\u00a0\u00a0\u00a0\u00a0\u00a0\u00a0\u00a0 fins a nivell 25 i personal jubilat (fins 70 anys.): <strong><u>100% de l\u2019import<\/u><\/strong><\/span><\/p>\n<p><span style=\"font-family: arial, helvetica, sans-serif;color: #000000\">TRAM 2<strong>:<\/strong> \u00a0\u00a0\u00a0\u00a0\u00a0\u00a0\u00a0\u00a0\u00a0\u00a0\u00a0\u00a0 nivell 26*\u00a0en endavant :\u00a0 <strong>50 % de l\u2019import\u00a0\u00a0\u00a0\u00a0\u00a0\u00a0\u00a0\u00a0\u00a0\u00a0\u00a0\u00a0\u00a0\u00a0\u00a0\u00a0\u00a0\u00a0\u00a0\u00a0\u00a0\u00a0\u00a0\u00a0\u00a0\u00a0\u00a0\u00a0\u00a0\u00a0\u00a0\u00a0\u00a0 \u00a0<\/strong><\/span><\/p>\n<p><span style=\"font-family: arial, helvetica, sans-serif;color: #000000\"><strong>*<\/strong>Nivell del complement de <strong><u>destinaci\u00f3 assignat al lloc<\/u><\/strong>. (no aplicable als que per progressi\u00f3 personal hagin assolit el nivell).<\/span><\/p>\n<p>&nbsp;<\/p>\n<p><span style=\"font-family: 'arial black', sans-serif;color: #0000ff\"><strong><u>\u00c0MBITS inclosos com a millores socials:<\/u><\/strong><\/span><\/p>\n<p><img loading=\"lazy\" decoding=\"async\" class=\"wp-image-2597 aligncenter\" src=\"http:\/\/ccoo.app\/diputacio-de-barcelona\/wp-content\/blogs.dir\/6\/files\/sites\/186\/2018\/09\/ggggggggggg-300x243.png\" alt=\"\" width=\"481\" height=\"390\" srcset=\"https:\/\/ccoo.app\/diputacio-de-barcelona\/wp-content\/blogs.dir\/6\/files\/sites\/186\/2018\/09\/ggggggggggg-300x243.png 300w, https:\/\/ccoo.app\/diputacio-de-barcelona\/wp-content\/blogs.dir\/6\/files\/sites\/186\/2018\/09\/ggggggggggg.png 742w\" sizes=\"auto, (max-width: 481px) 100vw, 481px\" \/><\/p>\n<p><span style=\"font-family: 'arial black', sans-serif;color: #000000;font-size: 14pt\"><strong>Tota la informaci\u00f3:<\/strong><\/span><\/p>\n<p><a href=\"http:\/\/intradiba.diba.cat\/web\/prestacions-socials-i-avantatges\/prestacions-sanitaries\">http:\/\/intradiba.diba.cat\/web\/prestacions-socials-i-avantatges\/prestacions-sanitaries<\/a><\/p>\n<p>&nbsp;<\/p>\n<p><span style=\"color: #000000;font-family: 'arial black', sans-serif\"><strong>ALTRES ASPECTES A TENIR EN COMPTE:<\/strong><\/span><\/p>\n<p><span style=\"color: #000000;font-family: arial, helvetica, sans-serif\"><strong>\u00a0<\/strong><\/span><\/p>\n<ul>\n<li><span style=\"color: #000000;font-family: arial, helvetica, sans-serif\"><strong>Dates a tenir en compte:<\/strong><\/span><\/li>\n<\/ul>\n<p>&nbsp;<\/p>\n<p><span style=\"color: #000000;font-family: arial, helvetica, sans-serif\">L\u2019acord indica que el <strong><u>30 de setembre<\/u><\/strong><strong> \u00e9s la data l\u00edmit<\/strong> per presentar la documentaci\u00f3 acreditativa.<\/span><\/p>\n<p><span style=\"color: #000000;font-family: arial, helvetica, sans-serif\">L\u2019abonament es far\u00e0 efectiu a la n\u00f2mina de <u>novembre 2018. <\/u><\/span><\/p>\n<p><span style=\"color: #000000;font-family: arial, helvetica, sans-serif\">El per\u00edode de meritaci\u00f3 \u00e9s de l&#8217;1 d\u2019octubre de 2017 al 30 de setembre de 2018.<\/span><\/p>\n<p>&nbsp;<\/p>\n<ul>\n<li><span style=\"color: #000000;font-family: arial, helvetica, sans-serif\"><strong>Documentaci\u00f3 acreditativa:<\/strong><\/span><\/li>\n<\/ul>\n<p>&nbsp;<\/p>\n<p><span style=\"color: #000000;font-family: arial, helvetica, sans-serif\">Es podr\u00e0 sol\u00b7licitar en format paper o telem\u00e0ticament per l&#8217;Espai personal.<\/span><\/p>\n<p><span style=\"color: #000000;font-family: arial, helvetica, sans-serif\"><strong><u>Sol\u00b7licitud d\u2019abonament<\/u><\/strong> d\u2019ajut del sistema de millores socials:<\/span><\/p>\n<p>&nbsp;<\/p>\n<p><span style=\"font-family: arial, helvetica, sans-serif;color: #0000ff\"><a style=\"color: #0000ff\" href=\"http:\/\/intradiba.diba.cat\/documents\/28820681\/31769768\/ModelSolFonsSocial\/c5e3914f-28bc-4445-a37a-8eb927c9b1e5\">http:\/\/intradiba.diba.cat\/documents\/28820681\/31769768\/ModelSolFonsSocial\/c5e3914f-28bc-4445-a37a-8eb927c9b1e5<\/a><\/span><\/p>\n<p>&nbsp;<\/p>\n<p><span style=\"color: #000000;font-size: 14pt;font-family: 'arial black', sans-serif\"><strong>S\u2019ha d\u2019omplir la sol\u00b7licitud i adjuntar la documentaci\u00f3 acreditativa:<\/strong><\/span><\/p>\n<ul>\n<li><span style=\"color: #000000;font-family: arial, helvetica, sans-serif\">Tiquets o rebuts on constin les dades del\/de la professional (NIF etc&#8230;).<\/span><\/li>\n<li><span style=\"color: #000000;font-family: arial, helvetica, sans-serif\">Despesa de teatres, cinema o similars: podeu adjuntar l\u2019entrada. No us cal m\u00e9s documentaci\u00f3 si no la teniu.<\/span><\/li>\n<li><span style=\"color: #000000;font-family: arial, helvetica, sans-serif\">En el cas de <strong>tiquets o entrades es recomana agrupar-los<\/strong> a l\u2019hora de presentar-los per facilitar la gesti\u00f3.<\/span><\/li>\n<li><span style=\"color: #000000;font-family: arial, helvetica, sans-serif\">Recordeu que de moment <strong>nom\u00e9s hem de justificar fins a 200\u20ac<\/strong> de despesa.<\/span><\/li>\n<li><span style=\"color: #000000;font-family: arial, helvetica, sans-serif\">Heu de tenir en compte que <strong>una sol\u00b7licitud per persona<\/strong>. \u00c9s a dir, si de la despesa correspon una part al titular i una altra part al beneficiari, s\u2019haur\u00e0 de fer dues sol\u00b7licituds, cadascuna amb la pr\u00f2pia documentaci\u00f3 justificativa.<\/span><\/li>\n<li><span style=\"color: #000000;font-family: arial, helvetica, sans-serif\">Heu d\u2019omplir <strong>una sol\u00b7licitud per cada \u00e0mbit <\/strong>que voleu justificar (hi ha 4 \u00e0mbits). Per exemple, si presenteu despeses sanit\u00e0ria i cultural, haureu d\u2019omplir dues sol\u00b7licituds, cadascuna amb la pr\u00f2pia documentaci\u00f3 justificativa.<\/span><\/li>\n<li><span style=\"color: #000000;font-family: arial, helvetica, sans-serif\">La sol\u00b7licitud pot anar acompanyada <strong>d\u2019una o m\u00e9s factures\/rebuts<\/strong><strong>.<\/strong><\/span><\/li>\n<\/ul>\n<p>&nbsp;<\/p>\n<p><strong><a href=\"https:\/\/transparencia.diba.cat\/acords-de-la-mesa-general-de-negociacio-2015-2019\"><img loading=\"lazy\" decoding=\"async\" class=\"wp-image-2336 aligncenter\" src=\"http:\/\/ccoo.app\/diputacio-de-barcelona\/wp-content\/blogs.dir\/6\/files\/sites\/186\/2018\/05\/bnbn-300x47.png\" alt=\"\" width=\"568\" height=\"89\" srcset=\"https:\/\/ccoo.app\/diputacio-de-barcelona\/wp-content\/blogs.dir\/6\/files\/sites\/186\/2018\/05\/bnbn-300x47.png 300w, https:\/\/ccoo.app\/diputacio-de-barcelona\/wp-content\/blogs.dir\/6\/files\/sites\/186\/2018\/05\/bnbn.png 676w\" sizes=\"auto, (max-width: 568px) 100vw, 568px\" \/><\/a><\/strong><\/p>\n<p>&nbsp;<\/p>\n<p><a href=\"https:\/\/diba.ccoo.cat\/afiliat-al-sindicat-amb-mes-afiliacio-i-representacio-a-la-diputacio-de-barcelona\/\"><span style=\"font-family: arial, helvetica, sans-serif;color: #000000\"><strong><img loading=\"lazy\" decoding=\"async\" class=\"wp-image-2304 alignleft\" src=\"http:\/\/ccoo.app\/diputacio-de-barcelona\/wp-content\/blogs.dir\/6\/files\/sites\/186\/2018\/05\/asasas-300x142.png\" alt=\"\" width=\"218\" height=\"103\" srcset=\"https:\/\/ccoo.app\/diputacio-de-barcelona\/wp-content\/blogs.dir\/6\/files\/sites\/186\/2018\/05\/asasas-300x142.png 300w, https:\/\/ccoo.app\/diputacio-de-barcelona\/wp-content\/blogs.dir\/6\/files\/sites\/186\/2018\/05\/asasas.png 318w\" sizes=\"auto, (max-width: 218px) 100vw, 218px\" \/><\/strong><\/span><\/a><\/p>\n<p><span style=\"font-family: 'arial black', sans-serif;color: #0000ff\"><strong>Horari d\u2019atenci\u00f3 CCOO DIBA: <\/strong><\/span><\/p>\n<p><span style=\"font-family: 'arial black', sans-serif;color: #0000ff\"><strong>CARRER MALLORCA, 244, 2on 3a<\/strong><\/span><\/p>\n<p><span style=\"font-family: 'arial black', sans-serif;color: #0000ff\"><strong>DE DILLUNS A DIVENDRES DE 8:30 A 16:30\u00a0\u00a0 <\/strong><span style=\"font-size: 10pt\"><strong>(FORA D\u2019AQUEST HORARI AMB CITA PR\u00c8VIA)<\/strong><\/span><\/span><\/p>\n<p style=\"text-align: center\"><span style=\"font-size: 18pt\"><span style=\"font-family: 'arial black', sans-serif;color: #0000ff\"><strong>\u00a0<\/strong><\/span><span style=\"font-family: arial, helvetica, sans-serif\"><strong><small><span style=\"color: #0000ff;font-family: 'arial black', sans-serif\">Contacta&#8217;ns per tel\u00e8fon 934 022 985 o correu:<\/span> <a href=\"mailto:ccoo@diba.cat\">ccoo@diba.cat<\/a><\/small> <\/strong><\/span><\/span><\/p>\n<p><strong>\u00a0<\/strong><\/p>\n<p><a href=\"https:\/\/twitter.com\/CCOODiba\"><img loading=\"lazy\" decoding=\"async\" class=\"alignleft\" src=\"http:\/\/www.mysocialaccounts.com\/wp-content\/uploads\/2017\/04\/twitter.jpg\" alt=\"Resultado de imagen de twitter\" width=\"44\" height=\"44\" \/><\/a>\u00a0 \u00a0\u00a0<a href=\"http:\/\/diba.ccoo.cat\/\"><img loading=\"lazy\" decoding=\"async\" class=\"\" src=\"https:\/\/encrypted-tbn0.gstatic.com\/images?q=tbn:ANd9GcS98Z75qmWgKpehEkfwdWrInKdK65A-jf2SgkGvuU4oy_fPYt9q\" alt=\"Imagen relacionada\" width=\"52\" height=\"53\" \/><\/a><a href=\"https:\/\/www.facebook.com\/CcooDiputacioDeBarcelona\/\"><img loading=\"lazy\" decoding=\"async\" class=\"alignleft\" src=\"https:\/\/upload.wikimedia.org\/wikipedia\/commons\/thumb\/7\/7c\/Facebook_New_Logo_%282015%29.svg\/2000px-Facebook_New_Logo_%282015%29.svg.png\" alt=\"Resultado de imagen de facebook\" width=\"122\" height=\"46\" \/><\/a><a href=\"https:\/\/www.youtube.com\/channel\/UCFzenkS75udEcs4pB4qoZsg\"><img loading=\"lazy\" decoding=\"async\" class=\"alignleft\" src=\"https:\/\/i.kinja-img.com\/gawker-media\/image\/upload\/s--heVex4FV--\/c_scale,fl_progressive,q_80,w_800\/pol5zfmalpqmpt1jcnbp.png\" alt=\"Resultado de imagen de youtube\" width=\"117\" height=\"50\" \/><\/a><img loading=\"lazy\" decoding=\"async\" class=\"alignleft\" src=\"https:\/\/www.educapeques.com\/wp-content\/uploads\/2016\/04\/descargar-whatsapp.png\" alt=\"Resultado de imagen de whatsapp\" width=\"64\" height=\"50\" \/><\/p>\n<p>&nbsp;<\/p>\n<p>&nbsp;<\/p>\n<p>&nbsp;<\/p>\n<p>&nbsp;<\/p>\n<p>&nbsp;<\/p>\n<p>&nbsp;<\/p>\n<p>&nbsp;<\/p>\n<p>&nbsp;<\/p>\n<p><img loading=\"lazy\" decoding=\"async\" class=\"wp-image-262 alignright\" src=\"http:\/\/ccoo.app\/diputacio-de-barcelona\/wp-content\/blogs.dir\/6\/files\/sites\/186\/2016\/04\/afiliat_ccoo_cat.gif\" alt=\"Tota la informaci\u00f3 de com afiliar-se a CCOO Catalunya i forlmulari d'alta o baxia.\" width=\"90\" height=\"80\" \/><\/p>\n<p>&nbsp;<\/p>\n<p>&nbsp;<\/p>\n<p>&nbsp;<\/p>\n<p>&nbsp;<\/p>\n<p>&nbsp;    \t<\/p>\n","protected":false},"excerpt":{"rendered":"<p>\u00a0 \u00a0 27.07.2018\u00a0 INFORMACI\u00d3 IMPORTANT: MILLORES SOCIALS 2018 Hem preparat una guia per resoldre la majoria de dubtes que pugueu tenir relacionats amb les Millores Socials 2018. QUI T\u00c9 DRET &#8230; <\/p>\n<p class=\"read-more-container\"><a title=\"INFORMACI\u00d3 IMPORTANT: MILLORES SOCIALS 2018\" class=\"read-more button\" href=\"https:\/\/ccoo.app\/diputacio-de-barcelona\/millores-socials-2018-2\/#more-2589\" aria-label=\"Leer m\u00e1s sobre INFORMACI\u00d3 IMPORTANT: MILLORES SOCIALS 2018\">Continuar llegint<\/a><\/p>\n","protected":false},"author":4519,"featured_media":2491,"comment_status":"open","ping_status":"open","sticky":false,"template":"","format":"standard","meta":{"footnotes":""},"categories":[38,19,26,27],"tags":[148],"class_list":["post-2589","post","type-post","status-publish","format-standard","has-post-thumbnail","hentry","category-a-tot-el-personal","category-comunicats","category-mgn","category-millores-socials","tag-mesa-general-negociacio","generate-columns","tablet-grid-50","mobile-grid-100","grid-parent","grid-50"],"_links":{"self":[{"href":"https:\/\/ccoo.app\/diputacio-de-barcelona\/wp-json\/wp\/v2\/posts\/2589","targetHints":{"allow":["GET"]}}],"collection":[{"href":"https:\/\/ccoo.app\/diputacio-de-barcelona\/wp-json\/wp\/v2\/posts"}],"about":[{"href":"https:\/\/ccoo.app\/diputacio-de-barcelona\/wp-json\/wp\/v2\/types\/post"}],"author":[{"embeddable":true,"href":"https:\/\/ccoo.app\/diputacio-de-barcelona\/wp-json\/wp\/v2\/users\/4519"}],"replies":[{"embeddable":true,"href":"https:\/\/ccoo.app\/diputacio-de-barcelona\/wp-json\/wp\/v2\/comments?post=2589"}],"version-history":[{"count":1,"href":"https:\/\/ccoo.app\/diputacio-de-barcelona\/wp-json\/wp\/v2\/posts\/2589\/revisions"}],"predecessor-version":[{"id":52134,"href":"https:\/\/ccoo.app\/diputacio-de-barcelona\/wp-json\/wp\/v2\/posts\/2589\/revisions\/52134"}],"wp:featuredmedia":[{"embeddable":true,"href":"https:\/\/ccoo.app\/diputacio-de-barcelona\/wp-json\/wp\/v2\/media\/2491"}],"wp:attachment":[{"href":"https:\/\/ccoo.app\/diputacio-de-barcelona\/wp-json\/wp\/v2\/media?parent=2589"}],"wp:term":[{"taxonomy":"category","embeddable":true,"href":"https:\/\/ccoo.app\/diputacio-de-barcelona\/wp-json\/wp\/v2\/categories?post=2589"},{"taxonomy":"post_tag","embeddable":true,"href":"https:\/\/ccoo.app\/diputacio-de-barcelona\/wp-json\/wp\/v2\/tags?post=2589"}],"curies":[{"name":"wp","href":"https:\/\/api.w.org\/{rel}","templated":true}]}}