{"id":2582,"date":"2018-10-03T16:56:36","date_gmt":"2018-10-03T15:56:36","guid":{"rendered":"https:\/\/diba.ccoo.cat\/?p=2582"},"modified":"2023-02-22T19:09:56","modified_gmt":"2023-02-22T18:09:56","slug":"impagaments-premis-sessions-informatives","status":"publish","type":"post","link":"https:\/\/ccoo.app\/diputacio-de-barcelona\/impagaments-premis-sessions-informatives\/","title":{"rendered":"IMPAGAMENTS PREMIS:\u00a0SESSIONS INFORMATIVES"},"content":{"rendered":"<p class=\"wp-caption-text\"><img loading=\"lazy\" decoding=\"async\" class=\"alignnone wp-image-1853\" src=\"http:\/\/ccoo.app\/diputacio-de-barcelona\/wp-content\/blogs.dir\/6\/files\/sites\/186\/2018\/01\/logoccoov18.jpg\" alt=\"\" width=\"137\" height=\"63\" \/>\u00a0 \u00a0 \u00a0 \u00a0 \u00a0 \u00a0 \u00a0 \u00a0 \u00a0<img loading=\"lazy\" decoding=\"async\" class=\"alignnone wp-image-2113\" src=\"http:\/\/ccoo.app\/diputacio-de-barcelona\/wp-content\/blogs.dir\/6\/files\/sites\/186\/2018\/04\/22-300x172.png\" alt=\"\" width=\"161\" height=\"92\" srcset=\"https:\/\/ccoo.app\/diputacio-de-barcelona\/wp-content\/blogs.dir\/6\/files\/sites\/186\/2018\/04\/22-300x172.png 300w, https:\/\/ccoo.app\/diputacio-de-barcelona\/wp-content\/blogs.dir\/6\/files\/sites\/186\/2018\/04\/22.png 327w\" sizes=\"auto, (max-width: 161px) 100vw, 161px\" \/><\/p>\n<p class=\"wp-caption-text\" style=\"text-align: left\"><span style=\"font-family: 'arial black', sans-serif;font-size: 18pt;color: #ff0000\">IMPAGAMENTS PREMIS \/ PROPOSTA MILLORA SOCIAL PER EDAT:\u00a0<\/span><span style=\"font-family: 'arial black', sans-serif;color: #0000ff;font-size: 18pt\"><strong>SESSIONS INFORMATIVES<\/strong><\/span><\/p>\n<p>&nbsp;<\/p>\n<p><span style=\"font-family: arial, helvetica, sans-serif;color: #000000\">Abans de l&#8217;estiu <a href=\"https:\/\/diba.ccoo.cat\/mobilitzacio-negociacio-i-sessions-informatives\/\"><strong><span style=\"color: #0000ff\">(CLIQUEU PER A LLEGIR COMUNICAT)<\/span><\/strong><\/a>, CCOO vam organitzar sessions per a socialitzar all\u00f2 que s\u2019est\u00e0 negociant relatiu a la negociaci\u00f3 dels Premis i m\u00e9s concretament de la nova proposta de \u00abmillora social per edat\u00bb.<\/span><\/p>\n<p><span style=\"font-family: arial, helvetica, sans-serif;color: #000000\">Entenem que \u00e9s important poder explicar qu\u00e8 s\u2019est\u00e0 negociant, en quins condicionaments, aclarir dubtes concrets i poder introduir els suggeriments que ens feu arribar.<\/span><\/p>\n<p><span style=\"font-family: arial, helvetica, sans-serif;color: #000000\">Aix\u00ed doncs, tenim previst noves sessions informatives a les quals de nou esteu convidades totes les persones que ho desitgeu. Nom\u00e9s heu d&#8217;enviar-nos un mail indican a quines de les sessions voleu assistir.<\/span><\/p>\n<p><span style=\"font-family: arial, helvetica, sans-serif;color: #000000\">Recordeu que aquestes reunions s\u00f3n amb un format redu\u00eft (8 a 12 persones).<\/span><\/p>\n<p><span style=\"font-family: arial, helvetica, sans-serif;color: #0000ff\"><strong>Sessions al carrer Mallorca, 244, 2-3 (Local sindical de CCOO):<\/strong><\/span><\/p>\n<ul>\n<li><span style=\"font-family: arial, helvetica, sans-serif;color: #000000\">Dimecres 10 d&#8217;octubre<\/span>\n<ul>\n<li><span style=\"font-family: arial, helvetica, sans-serif;color: #000000\">16 hores<\/span><\/li>\n<\/ul>\n<\/li>\n<\/ul>\n<ul>\n<li><span style=\"color: #000000\"><span style=\"font-family: arial, helvetica, sans-serif\">Dijous 18 d&#8217;octubre<\/span>\u00a0<\/span>\n<ul>\n<li><span style=\"font-family: arial, helvetica, sans-serif;color: #000000\">16 hores<\/span><\/li>\n<\/ul>\n<\/li>\n<\/ul>\n<ul>\n<li><span style=\"font-family: arial, helvetica, sans-serif;color: #000000\">Dijous 25 d&#8217;octubre<\/span>\n<ul>\n<li><span style=\"font-family: arial, helvetica, sans-serif;color: #000000\">16 hores<\/span><\/li>\n<\/ul>\n<\/li>\n<\/ul>\n<ul>\n<li><span style=\"font-family: arial, helvetica, sans-serif;color: #000000\">Dimecres 7 de novembre<\/span>\n<ul>\n<li><span style=\"font-family: arial, helvetica, sans-serif;color: #000000\">16 hores<\/span><\/li>\n<\/ul>\n<\/li>\n<\/ul>\n<p><span style=\"font-family: arial, helvetica, sans-serif;color: #000000\">Per a poder assistir-hi, heu d\u2019enviar-nos un missatge a <span style=\"color: #0000ff\"><strong><a style=\"color: #0000ff\" href=\"mailto:ccoo@diba.cat\">ccoo@diba.cat<\/a> <\/strong><\/span>indicant-nos a quina de les sessions voleu assistir.<\/span><\/p>\n<p>&nbsp;<\/p>\n<p><span style=\"font-family: 'arial black', sans-serif;color: #0000ff;font-size: 14pt\"><strong>Sessions als centres de treball:<\/strong><\/span><\/p>\n<p><span style=\"font-family: arial, helvetica, sans-serif;color: #000000\">Si no podeu despla\u00e7ar-vos al local sindical, tamb\u00e9 tenim previst despla\u00e7ar-nos als centres de treball d\u2019acord amb les peticions que es rebin. En aquest sentit, feu-nos arribar les vostres dades i disponibilitat. <\/span><\/p>\n<p><span style=\"font-family: arial, helvetica, sans-serif;color: #000000\">D\u2019acord amb les peticions rebudes, us proposarem via mail un lloc i dia. Tenim dues persones que ja ens han demanat per una sessi\u00f3 a Can Serra i una persona a la BonneMaison. Apunteu-vos-hi!<\/span><\/p>\n<p><span style=\"font-family: arial, helvetica, sans-serif;color: #000000\">Seguim&#8230;<\/span><\/p>\n<p>&nbsp;<\/p>\n<p>&nbsp;<\/p>\n<p><a href=\"https:\/\/diba.ccoo.cat\/afiliat-al-sindicat-amb-mes-afiliacio-i-representacio-a-la-diputacio-de-barcelona\/\"><img loading=\"lazy\" decoding=\"async\" class=\"alignnone size-medium wp-image-2346\" src=\"http:\/\/ccoo.app\/diputacio-de-barcelona\/wp-content\/blogs.dir\/6\/files\/sites\/186\/2016\/05\/asasas-300x142-1-300x142.png\" alt=\"\" width=\"300\" height=\"142\" \/><\/a><\/p>\n<p><span style=\"font-family: arial, helvetica, sans-serif;color: #000000\"><strong>Horari d\u2019atenci\u00f3 CCOO DIBA: <\/strong><\/span><\/p>\n<p><span style=\"font-family: arial, helvetica, sans-serif;color: #000000\"><strong>CARRER MALLORCA, 244, 2on 3a<\/strong><\/span><\/p>\n<p><span style=\"font-family: arial, helvetica, sans-serif;color: #000000\"><strong>DE DILLUNS A DIVENDRES DE 8:30 A 16:30\u00a0\u00a0 <\/strong><span style=\"font-size: 10pt\"><strong>(FORA D\u2019AQUEST HORARI AMB CITA PR\u00c8VIA)<\/strong><\/span><\/span><\/p>\n<p style=\"text-align: center\"><span style=\"font-size: 18pt\"><span style=\"font-family: arial, helvetica, sans-serif;color: #000000\"><strong>\u00a0<\/strong><\/span><span style=\"font-family: arial, helvetica, sans-serif\"><strong><small><span style=\"color: #000000\">Contacta&#8217;ns per tel\u00e8fon 934 022 985 o correu:<\/span> <a href=\"mailto:ccoo@diba.cat\">ccoo@diba.cat<\/a><\/small> <\/strong><\/span><\/span><\/p>\n<p><strong>\u00a0<\/strong><\/p>\n<p><a href=\"https:\/\/twitter.com\/CCOODiba\"><img loading=\"lazy\" decoding=\"async\" class=\"alignleft\" src=\"http:\/\/www.mysocialaccounts.com\/wp-content\/uploads\/2017\/04\/twitter.jpg\" alt=\"Resultado de imagen de twitter\" width=\"44\" height=\"44\" \/><\/a>\u00a0 \u00a0\u00a0<a href=\"http:\/\/diba.ccoo.cat\/\"><img loading=\"lazy\" decoding=\"async\" class=\"\" src=\"https:\/\/encrypted-tbn0.gstatic.com\/images?q=tbn:ANd9GcS98Z75qmWgKpehEkfwdWrInKdK65A-jf2SgkGvuU4oy_fPYt9q\" alt=\"Imagen relacionada\" width=\"52\" height=\"53\" \/><\/a><a href=\"https:\/\/www.facebook.com\/CcooDiputacioDeBarcelona\/\"><img loading=\"lazy\" decoding=\"async\" class=\"alignleft\" src=\"https:\/\/upload.wikimedia.org\/wikipedia\/commons\/thumb\/7\/7c\/Facebook_New_Logo_%282015%29.svg\/2000px-Facebook_New_Logo_%282015%29.svg.png\" alt=\"Resultado de imagen de facebook\" width=\"122\" height=\"46\" \/><\/a><a href=\"https:\/\/www.youtube.com\/channel\/UCFzenkS75udEcs4pB4qoZsg\"><img loading=\"lazy\" decoding=\"async\" class=\"alignleft\" src=\"https:\/\/i.kinja-img.com\/gawker-media\/image\/upload\/s--heVex4FV--\/c_scale,fl_progressive,q_80,w_800\/pol5zfmalpqmpt1jcnbp.png\" alt=\"Resultado de imagen de youtube\" width=\"117\" height=\"50\" \/><\/a><img loading=\"lazy\" decoding=\"async\" class=\"alignleft\" src=\"https:\/\/www.educapeques.com\/wp-content\/uploads\/2016\/04\/descargar-whatsapp.png\" alt=\"Resultado de imagen de whatsapp\" width=\"64\" height=\"50\" \/><\/p>\n<p>&nbsp;<\/p>\n<p>&nbsp;<\/p>\n<p>&nbsp;<\/p>\n<p>&nbsp;<\/p>\n<p>&nbsp;<\/p>\n<p>&nbsp;<\/p>\n<p>&nbsp;<\/p>\n<p>&nbsp;<\/p>\n<p><img loading=\"lazy\" decoding=\"async\" class=\"wp-image-262 alignright\" src=\"http:\/\/ccoo.app\/diputacio-de-barcelona\/wp-content\/blogs.dir\/6\/files\/sites\/186\/2016\/04\/afiliat_ccoo_cat.gif\" alt=\"Tota la informaci\u00f3 de com afiliar-se a CCOO Catalunya i forlmulari d'alta o baxia.\" width=\"90\" height=\"80\" \/><\/p>\n<p>&nbsp;<\/p>\n<p>&nbsp;<\/p>\n<p>&nbsp;<\/p>\n<p>&nbsp;<\/p>\n<p>&nbsp;    \t<\/p>\n","protected":false},"excerpt":{"rendered":"<p>\u00a0 \u00a0 \u00a0 \u00a0 \u00a0 \u00a0 \u00a0 \u00a0 \u00a0 IMPAGAMENTS PREMIS \/ PROPOSTA MILLORA SOCIAL PER EDAT:\u00a0SESSIONS INFORMATIVES &nbsp; Abans de l&#8217;estiu (CLIQUEU PER A LLEGIR COMUNICAT), CCOO vam organitzar &#8230; <\/p>\n<p class=\"read-more-container\"><a title=\"IMPAGAMENTS PREMIS:\u00a0SESSIONS INFORMATIVES\" class=\"read-more button\" href=\"https:\/\/ccoo.app\/diputacio-de-barcelona\/impagaments-premis-sessions-informatives\/#more-2582\" aria-label=\"Leer m\u00e1s sobre IMPAGAMENTS PREMIS:\u00a0SESSIONS INFORMATIVES\">Continuar llegint<\/a><\/p>\n","protected":false},"author":4519,"featured_media":2966,"comment_status":"open","ping_status":"open","sticky":false,"template":"","format":"standard","meta":{"footnotes":""},"categories":[19,26,32],"tags":[86,105,148,208],"class_list":["post-2582","post","type-post","status-publish","format-standard","has-post-thumbnail","hentry","category-comunicats","category-mgn","category-premis","tag-baixes-altes-mediques-embaras-maternitat-flexibilitat-fills-ebep-eleccions-jornada-horari-horaris-laboral-jornada-jornades-laborals-its-incapacitat-temporal-salut-inspeccio-treball","tag-els-nostres-drets-no-es-suspenen-es-defensen","tag-mesa-general-negociacio","tag-paga-productivitat","generate-columns","tablet-grid-50","mobile-grid-100","grid-parent","grid-50"],"_links":{"self":[{"href":"https:\/\/ccoo.app\/diputacio-de-barcelona\/wp-json\/wp\/v2\/posts\/2582","targetHints":{"allow":["GET"]}}],"collection":[{"href":"https:\/\/ccoo.app\/diputacio-de-barcelona\/wp-json\/wp\/v2\/posts"}],"about":[{"href":"https:\/\/ccoo.app\/diputacio-de-barcelona\/wp-json\/wp\/v2\/types\/post"}],"author":[{"embeddable":true,"href":"https:\/\/ccoo.app\/diputacio-de-barcelona\/wp-json\/wp\/v2\/users\/4519"}],"replies":[{"embeddable":true,"href":"https:\/\/ccoo.app\/diputacio-de-barcelona\/wp-json\/wp\/v2\/comments?post=2582"}],"version-history":[{"count":1,"href":"https:\/\/ccoo.app\/diputacio-de-barcelona\/wp-json\/wp\/v2\/posts\/2582\/revisions"}],"predecessor-version":[{"id":52132,"href":"https:\/\/ccoo.app\/diputacio-de-barcelona\/wp-json\/wp\/v2\/posts\/2582\/revisions\/52132"}],"wp:featuredmedia":[{"embeddable":true,"href":"https:\/\/ccoo.app\/diputacio-de-barcelona\/wp-json\/wp\/v2\/media\/2966"}],"wp:attachment":[{"href":"https:\/\/ccoo.app\/diputacio-de-barcelona\/wp-json\/wp\/v2\/media?parent=2582"}],"wp:term":[{"taxonomy":"category","embeddable":true,"href":"https:\/\/ccoo.app\/diputacio-de-barcelona\/wp-json\/wp\/v2\/categories?post=2582"},{"taxonomy":"post_tag","embeddable":true,"href":"https:\/\/ccoo.app\/diputacio-de-barcelona\/wp-json\/wp\/v2\/tags?post=2582"}],"curies":[{"name":"wp","href":"https:\/\/api.w.org\/{rel}","templated":true}]}}