{"id":2573,"date":"2018-09-19T09:33:49","date_gmt":"2018-09-19T08:33:49","guid":{"rendered":"https:\/\/diba.ccoo.cat\/?p=2573"},"modified":"2023-02-22T19:10:00","modified_gmt":"2023-02-22T18:10:00","slug":"resum-mesa-negociacio-18-07-2018-2","status":"publish","type":"post","link":"https:\/\/ccoo.app\/diputacio-de-barcelona\/resum-mesa-negociacio-18-07-2018-2\/","title":{"rendered":"PENDENTS DE TRACTAR EN MESA AVIAT IMPLEMENTACI\u00d3 A LA DIPUTACI\u00d3 DE BARCELONA DEL II ACORD PER A LA MILLORA OCUPACI\u00d3 P\u00daBLICA"},"content":{"rendered":"<p class=\"wp-caption-text\"><img loading=\"lazy\" decoding=\"async\" class=\"alignnone wp-image-1853\" src=\"http:\/\/ccoo.app\/diputacio-de-barcelona\/wp-content\/blogs.dir\/6\/files\/sites\/186\/2018\/01\/logoccoov18.jpg\" alt=\"\" width=\"137\" height=\"63\" \/>\u00a0 \u00a0<a href=\"http:\/\/ccoo.app\/diputacio-de-barcelona\/wp-content\/blogs.dir\/6\/files\/sites\/186\/2018\/07\/resum-mesa-18-7-18.pdf\"><img loading=\"lazy\" decoding=\"async\" class=\" wp-image-2113 alignnone\" src=\"http:\/\/ccoo.app\/diputacio-de-barcelona\/wp-content\/blogs.dir\/6\/files\/sites\/186\/2018\/04\/22-300x172.png\" alt=\"\" width=\"170\" height=\"98\" srcset=\"https:\/\/ccoo.app\/diputacio-de-barcelona\/wp-content\/blogs.dir\/6\/files\/sites\/186\/2018\/04\/22-300x172.png 300w, https:\/\/ccoo.app\/diputacio-de-barcelona\/wp-content\/blogs.dir\/6\/files\/sites\/186\/2018\/04\/22.png 327w\" sizes=\"auto, (max-width: 170px) 100vw, 170px\" \/><\/a><\/p>\n<p class=\"wp-caption-text\"><span style=\"font-family: 'arial black', sans-serif;font-size: 12pt;color: #000000\">19.09.2018\u00a0<\/span><\/p>\n<p><span style=\"font-family: 'arial black', sans-serif;font-size: 14pt;color: #ff0000\">PENDENTS DE TRACTAR EN MESA AVIAT IMPLEMENTACI\u00d3 A LA DIPUTACI\u00d3 DE BARCELONA DEL II ACORD PER A LA MILLORA OCUPACI\u00d3 P\u00daBLICA<\/span><\/p>\n<ul>\n<li><span style=\"font-family: 'arial black', sans-serif;font-size: 14pt;color: #ff0000\">INCREMENT RETRIBUTIU ANY 2018 A LA DIPUTACI\u00d3<\/span><\/li>\n<li><span style=\"font-family: 'arial black', sans-serif;font-size: 14pt;color: #ff0000\"><strong>MESURES I MILLORES EN MAT\u00c8RIA D&#8217;IT O BAIXA<\/strong><\/span><\/li>\n<li><span style=\"font-family: 'arial black', sans-serif;font-size: 14pt;color: #ff0000\"><strong>ALTRES TEMES<\/strong><\/span><\/li>\n<\/ul>\n<p><span style=\"font-family: arial, helvetica, sans-serif;color: #000000\">Amb motiu de l\u2019aprovaci\u00f3 de la Llei 6\/2018, de Pressupostos Generals de l\u2019Estat per a 2018, s\u2019ha celebrat una reuni\u00f3 de la Mesa General de Negociaci\u00f3.<\/span><\/p>\n<p><span style=\"font-family: arial, helvetica, sans-serif;color: #000000\">Heu de tenir en compte que la citada Llei inclou les mesures pactades per CCOO, UGT i CSI-F en el <em>II acuerdo para la mejora del empleo p\u00fablico y de condiciones de trabajo<\/em> signat a Madrid el dia 9 de mar\u00e7 d\u2019aquest any.<\/span><\/p>\n<p><span style=\"font-family: arial, helvetica, sans-serif;color: #000000\">Recordareu que aquest acord recull <u>part<\/u> de la recuperaci\u00f3 dels drets i de les condicions laborals arrabassats a les empleades i els empleats p\u00fablics en els darrers anys.<\/span><\/p>\n<p><span style=\"font-family: arial, helvetica, sans-serif;color: #000000\">Es tracta d\u2019un acord de car\u00e0cter global i plurianual per a tot el sector p\u00fablic, pel qual es recupera poder adquisitiu, s&#8217;avan\u00e7a considerablement en mat\u00e8ria d&#8217;ocupaci\u00f3 i d&#8217;estabilitzaci\u00f3 de les plantilles (reduint la temporalitat al 8 %) a tot el sector p\u00fablic i que permet desenvolupar la negociaci\u00f3 col\u00b7lectiva de manera descentralitzada, en temes de fons addicionals, ocupaci\u00f3, jornada complements de IT o baixes, entre uns altres.<\/span><\/p>\n<p><span style=\"font-family: arial, helvetica, sans-serif;color: #000000\">Resum en v\u00eddeo \u00e0\u00a0\u00a0 <strong><span style=\"color: #0000ff\"><a style=\"color: #0000ff\" href=\"https:\/\/www.youtube.com\/watch?v=KNr90XcyAVk\">https:\/\/www.youtube.com\/watch?v=KNr90XcyAVk<\/a><\/span><\/strong><\/span><\/p>\n<p><img loading=\"lazy\" decoding=\"async\" class=\"wp-image-2433 aligncenter\" src=\"http:\/\/ccoo.app\/diputacio-de-barcelona\/wp-content\/blogs.dir\/6\/files\/sites\/186\/2018\/07\/gggggg-300x122.png\" alt=\"\" width=\"583\" height=\"237\" \/><\/p>\n<p><strong>Per tant, la reuni\u00f3 de negociaci\u00f3 d\u2019ahir, dia 18 de juliol, ha tractat de com implementem aquestes millores a la Diputaci\u00f3 de Barcelona.<\/strong><\/p>\n<p>&nbsp;<\/p>\n<p><span style=\"font-family: 'arial black', sans-serif;font-size: 18pt;color: #ff0000\">INCREMENT RETRIBUTIU ANY 2018 A LA DIPUTACI\u00d3<\/span><\/p>\n<p><img loading=\"lazy\" decoding=\"async\" class=\"wp-image-2435 aligncenter\" src=\"http:\/\/ccoo.app\/diputacio-de-barcelona\/wp-content\/blogs.dir\/6\/files\/sites\/186\/2018\/07\/hhhhhh-300x45.png\" alt=\"\" width=\"607\" height=\"91\" srcset=\"https:\/\/ccoo.app\/diputacio-de-barcelona\/wp-content\/blogs.dir\/6\/files\/sites\/186\/2018\/07\/hhhhhh-300x45.png 300w, https:\/\/ccoo.app\/diputacio-de-barcelona\/wp-content\/blogs.dir\/6\/files\/sites\/186\/2018\/07\/hhhhhh.png 663w\" sizes=\"auto, (max-width: 607px) 100vw, 607px\" \/><\/p>\n<p><span style=\"font-family: arial, helvetica, sans-serif;color: #000000\">La part variable que incrementa la fixa est\u00e0 lligada al creixement de l\u2019economia calculat en funci\u00f3 del PIB real assolit. Per l\u2019any 2018, s\u2019ha complert amb l\u2019objectiu fixat, per tant, <strong>l\u2019increment retributiu ser\u00e0 per a tothom del <u>1,75%.<\/u><\/strong><\/span><\/p>\n<p><span style=\"font-family: arial, helvetica, sans-serif;color: #000000\"><strong>\u00a0<\/strong><\/span><span style=\"font-family: arial, helvetica, sans-serif;color: #000000\">Aquest increment ja es pot donar per tancat a difer\u00e8ncia de l\u2019apartat seg\u00fcent (Fons addicionals 2018) que encara est\u00e0 pendent d\u2019acord definitiu.<\/span><\/p>\n<p><span style=\"font-family: arial, helvetica, sans-serif;color: #000000\"><strong>\u00a0<\/strong><\/span><\/p>\n<p><span style=\"font-family: arial, helvetica, sans-serif;color: #000000;font-size: 14pt\"><strong>Fons addicionals 2018.<\/strong><\/span><\/p>\n<p><span style=\"font-family: arial, helvetica, sans-serif;color: #000000\">Cada Administraci\u00f3 P\u00fablica i pr\u00e8via negociaci\u00f3 col\u00b7lectiva podr\u00e0 destinar un percentatge addicional de la seva massa salarial per, <strong>entre altres mesures<\/strong>, la implantaci\u00f3 de plans o projectes de millora de la productivitat o la efici\u00e8ncia, la revisi\u00f3 de complements espec\u00edfics entre llocs amb funciones equiparables, la homologaci\u00f3 de complements de dest\u00ed, o la aportaci\u00f3 a fons de pensions.<\/span><\/p>\n<p><span style=\"font-family: arial, helvetica, sans-serif;color: #000000\">El 0,30 % de la massa salarial a la Diputaci\u00f3 suposa en torn a <em>480.000<\/em> \u20ac (pendent de confirmar la quantia exacta). <strong>La mesura proposada per a CCOO<\/strong> a la Mesa de Negociaci\u00f3 ha sigut aplicar aquest import al personal de tots els grups de classificaci\u00f3 de manera lineal en el complement espec\u00edfic.<\/span><\/p>\n<p><span style=\"font-family: arial, helvetica, sans-serif;color: #000000\">Tot i que encara <u>hem d\u2019esperar les dades exactes<\/u>, i d\u2019acord amb els nostres c\u00e0lculs, aix\u00f2 suposaria per aquest 2018, poc m\u00e9s de 100 \u20ac\u00a0 per empleat.<\/span><\/p>\n<p><img loading=\"lazy\" decoding=\"async\" class=\"wp-image-2436 aligncenter\" src=\"http:\/\/ccoo.app\/diputacio-de-barcelona\/wp-content\/blogs.dir\/6\/files\/sites\/186\/2018\/07\/jjjjjjjjj-300x37.png\" alt=\"\" width=\"641\" height=\"79\" srcset=\"https:\/\/ccoo.app\/diputacio-de-barcelona\/wp-content\/blogs.dir\/6\/files\/sites\/186\/2018\/07\/jjjjjjjjj-300x37.png 300w, https:\/\/ccoo.app\/diputacio-de-barcelona\/wp-content\/blogs.dir\/6\/files\/sites\/186\/2018\/07\/jjjjjjjjj.png 605w\" sizes=\"auto, (max-width: 641px) 100vw, 641px\" \/><\/p>\n<p>La pr\u00f2xima reuni\u00f3 de Mesa de Negociaci\u00f3 ser\u00e0 el 20 de setembre. Qualsevol acord haur\u00e0 de ser ratificat pel Ple de setembre i es veur\u00e0 reflectit a la nomina del mes d\u2019octubre.<\/p>\n<p>&nbsp;<\/p>\n<p><span style=\"font-family: 'arial black', sans-serif;font-size: 18pt;color: #ff0000\"><strong>MESURES I MILLORES EN MAT\u00c8RIA D&#8217;IT O BAIXA<\/strong><\/span><\/p>\n<p><span style=\"font-family: arial, helvetica, sans-serif;color: #000000\">L\u2019acord estatal tamb\u00e9 contempla, pr\u00e8via negociaci\u00f3 Col\u00b7lectiva, determinar les retribucions que vagin a percebre el seu personal en situaci\u00f3 d\u2019incapacitat temporal o baixa. Arribant fins a un m\u00e0xim del 100% de les seves retribucions.<\/span><\/p>\n<p><span style=\"font-family: arial, helvetica, sans-serif;color: #000000\">D\u2019acord amb aquesta possibilitat, <strong>CCOO ha proposat<\/strong> que la Diputaci\u00f3 complementi les prestacions del seu personal fins arribar al <strong>100% de les retribucions<\/strong> de l\u2019empleat\/da mentre continu\u00ef en situaci\u00f3 d\u2019IT o baixa m\u00e8dica <strong>independentment de la causa d\u2019aquesta<\/strong> i a m\u00e9s <strong>fins el termini m\u00e0xim<\/strong> legal establert.<\/span><\/p>\n<p><img loading=\"lazy\" decoding=\"async\" class=\"wp-image-2437 aligncenter\" src=\"http:\/\/ccoo.app\/diputacio-de-barcelona\/wp-content\/blogs.dir\/6\/files\/sites\/186\/2018\/07\/eeeeeeeeeeee-300x36.png\" alt=\"\" width=\"650\" height=\"78\" srcset=\"https:\/\/ccoo.app\/diputacio-de-barcelona\/wp-content\/blogs.dir\/6\/files\/sites\/186\/2018\/07\/eeeeeeeeeeee-300x36.png 300w, https:\/\/ccoo.app\/diputacio-de-barcelona\/wp-content\/blogs.dir\/6\/files\/sites\/186\/2018\/07\/eeeeeeeeeeee.png 658w\" sizes=\"auto, (max-width: 650px) 100vw, 650px\" \/><\/p>\n<p><span style=\"font-family: arial, helvetica, sans-serif;font-size: 14pt\"><strong>Indisposicions<\/strong><\/span><\/p>\n<p>Es mant\u00e9 la percepci\u00f3 del 100% de les retribucions en cas d\u2019abs\u00e8ncia o indisposici\u00f3. El que CCOO hem demanat \u00e9s que es modifiqui la regulaci\u00f3 per a justificar una indisposici\u00f3.<\/p>\n<p>Tot i que per a les dues primeres Indisposicions no ser\u00e0 necess\u00e0ria documentaci\u00f3 escrita justificativa per a la resta si. Per aquestes \u00faltimes, la corporaci\u00f3 torna ha proposar el justificant em\u00e8s pel metge on consti expressament que \u201ccal rep\u00f2s de 24 hores\u201d. Hem assenyalat que aquesta regulaci\u00f3 \u00e9s absolutament il\u00b7l\u00f2gica ja que en el 99,9% dels casos es neguen a facilitar-nos aquest tipus de justificant.<\/p>\n<p>Hem demanat que amb el justificant de visita al metge sigui suficient per a justificar una Indisposici\u00f3.<\/p>\n<p>&nbsp;<\/p>\n<p><span style=\"font-size: 18pt;color: #ff0000;font-family: 'arial black', sans-serif\"><strong>ALTRES TEMES<\/strong><\/span><\/p>\n<p><span style=\"font-family: arial, helvetica, sans-serif;color: #000000\"><span style=\"color: #0000ff;font-size: 14pt\"><strong><span style=\"text-decoration: underline\">NT<\/span> (Nivell Transitori de Carrera):\u00a0<\/strong><\/span>Hem reiterat la nostra petici\u00f3 d\u2019informaci\u00f3 respecte a quan es donar\u00e0 resposta a les al\u00b7legacions del personal que no ha cobrat l\u2019NT. Ens han resp\u00f2s que abans que acabi el mes. El sindicat a m\u00e9s rebrem informaci\u00f3 respecte al nombre d\u2019al\u00b7legacions i denegacions.<\/span><\/p>\n<p><span style=\"font-family: arial, helvetica, sans-serif;color: #000000\"><span style=\"text-decoration: underline\"><span style=\"color: #0000ff\"><strong><span style=\"font-size: 14pt\">DICTAMEN:<\/span>\u00a0<\/strong><\/span><\/span>Del tema impagaments del <span style=\"color: #0000ff\"><strong><em>Premis per Anys de Servei<\/em><\/strong><\/span> estem pendent d\u2019un dictamen. Recordareu que CCOO va demanar que la Diputaci\u00f3 contact\u00e9s amb un expert de reconegut prestigi per que elabor\u00e9s un informe relacionat resumidament amb les seg\u00fcents q\u00fcestions:<\/span><\/p>\n<ol>\n<li><span style=\"font-family: arial, helvetica, sans-serif;color: #000000\">Per qu\u00e8 no es pot passar la partida pressupostaria de Premis (actualment en Millores Socials) a la Productivitat ?<\/span><\/li>\n<li><span style=\"font-family: arial, helvetica, sans-serif;color: #000000\">Per qu\u00e8 la partida de Millores Socials est\u00e0 subjecte a l\u00edmits pressupostaris quan no es tracta de retribucions ?<\/span><\/li>\n<\/ol>\n<p><span style=\"font-family: arial, helvetica, sans-serif;color: #000000\">Ens informen que probablement ja es tingui fet el dictamen per a despr\u00e9s de l\u2019estiu.<\/span><\/p>\n<p><span style=\"font-family: 'arial black', sans-serif;font-size: 14pt;color: #0000ff\">TEMA PREMIS. SUPORT JUR\u00cdDIC DE CCOO AL PERSONAL DIBA:<\/span><\/p>\n<ul>\n<li><span style=\"font-family: arial, helvetica, sans-serif;color: #000000\"><span style=\"color: #ff0000;font-family: 'arial black', sans-serif\"><strong>En quina situaci\u00f3 et trobes?<\/strong><\/span> En el seg\u00fcent enlla\u00e7 podr\u00e0s saber qu\u00e8 haur\u00e0s de fer d\u2019acord amb la teva situaci\u00f3 concreta.<\/span><\/li>\n<\/ul>\n<p><a href=\"https:\/\/diba.ccoo.cat\/impagaments-premis-per-anys-de-servei-questions-importants\/\"><img loading=\"lazy\" decoding=\"async\" class=\"wp-image-2389 alignleft\" src=\"http:\/\/ccoo.app\/diputacio-de-barcelona\/wp-content\/blogs.dir\/6\/files\/sites\/186\/2018\/06\/sds-300x50.png\" alt=\"\" width=\"360\" height=\"60\" srcset=\"https:\/\/ccoo.app\/diputacio-de-barcelona\/wp-content\/blogs.dir\/6\/files\/sites\/186\/2018\/06\/sds-300x50.png 300w, https:\/\/ccoo.app\/diputacio-de-barcelona\/wp-content\/blogs.dir\/6\/files\/sites\/186\/2018\/06\/sds.png 434w\" sizes=\"auto, (max-width: 360px) 100vw, 360px\" \/><\/a><\/p>\n<p>&nbsp;<\/p>\n<p>&nbsp;<\/p>\n<p>&nbsp;<\/p>\n<ul>\n<li><span style=\"font-family: 'arial black', sans-serif;color: #ff0000\">Si ja has presentat el recurs de reposici\u00f3, quin \u00e9s el seg\u00fcent pas?<\/span><\/li>\n<\/ul>\n<p><a href=\"https:\/\/diba.ccoo.cat\/wp-content\/uploads\/sites\/37\/2018\/06\/INFO-Si-vas-presentar-el-recurs-de-reposici%C3%B3.pdf\"><img loading=\"lazy\" decoding=\"async\" class=\"wp-image-2390 alignleft\" src=\"http:\/\/ccoo.app\/diputacio-de-barcelona\/wp-content\/blogs.dir\/6\/files\/sites\/186\/2018\/06\/dsd-300x31.png\" alt=\"\" width=\"416\" height=\"43\" srcset=\"https:\/\/ccoo.app\/diputacio-de-barcelona\/wp-content\/blogs.dir\/6\/files\/sites\/186\/2018\/06\/dsd-300x31.png 300w, https:\/\/ccoo.app\/diputacio-de-barcelona\/wp-content\/blogs.dir\/6\/files\/sites\/186\/2018\/06\/dsd.png 531w\" sizes=\"auto, (max-width: 416px) 100vw, 416px\" \/><\/a><\/p>\n<p>&nbsp;<\/p>\n<p>&nbsp;<\/p>\n<p>&nbsp;<\/p>\n<p>&nbsp;<\/p>\n<p>&nbsp;<\/p>\n<p>&nbsp;<\/p>\n<p><span style=\"font-family: arial, helvetica, sans-serif;color: #000000\"><strong>Horari d\u2019atenci\u00f3 CCOO DIBA:<\/strong><\/span><\/p>\n<p><span style=\"font-family: arial, helvetica, sans-serif;color: #000000\"><strong>CARRER MALLORCA, 244, 2on 3a<\/strong><\/span><\/p>\n<p><span style=\"font-family: arial, helvetica, sans-serif;color: #000000\"><strong>DE DILLUNS A DIVENDRES DE 8:30 A 16:30\u00a0\u00a0 <\/strong><span style=\"font-size: 10pt\"><strong>(FORA D\u2019AQUEST HORARI AMB CITA PR\u00c8VIA)<\/strong><\/span><\/span><\/p>\n<p style=\"text-align: center\"><span style=\"font-size: 18pt\"><span style=\"font-family: arial, helvetica, sans-serif;color: #000000\"><strong>\u00a0<\/strong><\/span><span style=\"font-family: arial, helvetica, sans-serif\"><strong><small><span style=\"color: #000000\">Contacta&#8217;ns per tel\u00e8fon 934 022 985 o correu:<\/span> <a href=\"mailto:ccoo@diba.cat\">ccoo@diba.cat<\/a><\/small> <\/strong><\/span><\/span><\/p>\n<p><strong>\u00a0<\/strong><\/p>\n<p><a href=\"https:\/\/twitter.com\/CCOODiba\"><img loading=\"lazy\" decoding=\"async\" class=\"alignleft\" src=\"http:\/\/www.mysocialaccounts.com\/wp-content\/uploads\/2017\/04\/twitter.jpg\" alt=\"Resultado de imagen de twitter\" width=\"44\" height=\"44\" \/><\/a>\u00a0 \u00a0\u00a0<a href=\"http:\/\/diba.ccoo.cat\/\"><img loading=\"lazy\" decoding=\"async\" class=\"\" src=\"https:\/\/encrypted-tbn0.gstatic.com\/images?q=tbn:ANd9GcS98Z75qmWgKpehEkfwdWrInKdK65A-jf2SgkGvuU4oy_fPYt9q\" alt=\"Imagen relacionada\" width=\"52\" height=\"53\" \/><\/a><a href=\"https:\/\/www.facebook.com\/CcooDiputacioDeBarcelona\/\"><img loading=\"lazy\" decoding=\"async\" class=\"alignleft\" src=\"https:\/\/upload.wikimedia.org\/wikipedia\/commons\/thumb\/7\/7c\/Facebook_New_Logo_%282015%29.svg\/2000px-Facebook_New_Logo_%282015%29.svg.png\" alt=\"Resultado de imagen de facebook\" width=\"122\" height=\"46\" \/><\/a><a href=\"https:\/\/www.youtube.com\/channel\/UCFzenkS75udEcs4pB4qoZsg\"><img loading=\"lazy\" decoding=\"async\" class=\"alignleft\" src=\"https:\/\/i.kinja-img.com\/gawker-media\/image\/upload\/s--heVex4FV--\/c_scale,fl_progressive,q_80,w_800\/pol5zfmalpqmpt1jcnbp.png\" alt=\"Resultado de imagen de youtube\" width=\"117\" height=\"50\" \/><\/a><img loading=\"lazy\" decoding=\"async\" class=\"alignleft\" src=\"https:\/\/www.educapeques.com\/wp-content\/uploads\/2016\/04\/descargar-whatsapp.png\" alt=\"Resultado de imagen de whatsapp\" width=\"64\" height=\"50\" \/><\/p>\n<p><img loading=\"lazy\" decoding=\"async\" class=\"wp-image-262 alignleft\" src=\"http:\/\/ccoo.app\/diputacio-de-barcelona\/wp-content\/blogs.dir\/6\/files\/sites\/186\/2016\/04\/afiliat_ccoo_cat.gif\" alt=\"Tota la informaci\u00f3 de com afiliar-se a CCOO Catalunya i forlmulari d'alta o baxia.\" width=\"90\" height=\"80\" \/><\/p>\n<p>&nbsp;<\/p>\n<p>&nbsp;<\/p>\n<p>&nbsp;<\/p>\n<p>&nbsp;<\/p>\n<p>&nbsp;    \t<\/p>\n","protected":false},"excerpt":{"rendered":"<p>\u00a0 \u00a0 19.09.2018\u00a0 PENDENTS DE TRACTAR EN MESA AVIAT IMPLEMENTACI\u00d3 A LA DIPUTACI\u00d3 DE BARCELONA DEL II ACORD PER A LA MILLORA OCUPACI\u00d3 P\u00daBLICA INCREMENT RETRIBUTIU ANY 2018 A LA &#8230; <\/p>\n<p class=\"read-more-container\"><a title=\"PENDENTS DE TRACTAR EN MESA AVIAT IMPLEMENTACI\u00d3 A LA DIPUTACI\u00d3 DE BARCELONA DEL II ACORD PER A LA MILLORA OCUPACI\u00d3 P\u00daBLICA\" class=\"read-more button\" href=\"https:\/\/ccoo.app\/diputacio-de-barcelona\/resum-mesa-negociacio-18-07-2018-2\/#more-2573\" aria-label=\"Leer m\u00e1s sobre PENDENTS DE TRACTAR EN MESA AVIAT IMPLEMENTACI\u00d3 A LA DIPUTACI\u00d3 DE BARCELONA DEL II ACORD PER A LA MILLORA OCUPACI\u00d3 P\u00daBLICA\">Continuar llegint<\/a><\/p>\n","protected":false},"author":4519,"featured_media":2444,"comment_status":"open","ping_status":"open","sticky":false,"template":"","format":"standard","meta":{"footnotes":""},"categories":[19,26,27,32],"tags":[105,148],"class_list":["post-2573","post","type-post","status-publish","format-standard","has-post-thumbnail","hentry","category-comunicats","category-mgn","category-millores-socials","category-premis","tag-els-nostres-drets-no-es-suspenen-es-defensen","tag-mesa-general-negociacio","generate-columns","tablet-grid-50","mobile-grid-100","grid-parent","grid-50"],"_links":{"self":[{"href":"https:\/\/ccoo.app\/diputacio-de-barcelona\/wp-json\/wp\/v2\/posts\/2573","targetHints":{"allow":["GET"]}}],"collection":[{"href":"https:\/\/ccoo.app\/diputacio-de-barcelona\/wp-json\/wp\/v2\/posts"}],"about":[{"href":"https:\/\/ccoo.app\/diputacio-de-barcelona\/wp-json\/wp\/v2\/types\/post"}],"author":[{"embeddable":true,"href":"https:\/\/ccoo.app\/diputacio-de-barcelona\/wp-json\/wp\/v2\/users\/4519"}],"replies":[{"embeddable":true,"href":"https:\/\/ccoo.app\/diputacio-de-barcelona\/wp-json\/wp\/v2\/comments?post=2573"}],"version-history":[{"count":1,"href":"https:\/\/ccoo.app\/diputacio-de-barcelona\/wp-json\/wp\/v2\/posts\/2573\/revisions"}],"predecessor-version":[{"id":52135,"href":"https:\/\/ccoo.app\/diputacio-de-barcelona\/wp-json\/wp\/v2\/posts\/2573\/revisions\/52135"}],"wp:featuredmedia":[{"embeddable":true,"href":"https:\/\/ccoo.app\/diputacio-de-barcelona\/wp-json\/wp\/v2\/media\/2444"}],"wp:attachment":[{"href":"https:\/\/ccoo.app\/diputacio-de-barcelona\/wp-json\/wp\/v2\/media?parent=2573"}],"wp:term":[{"taxonomy":"category","embeddable":true,"href":"https:\/\/ccoo.app\/diputacio-de-barcelona\/wp-json\/wp\/v2\/categories?post=2573"},{"taxonomy":"post_tag","embeddable":true,"href":"https:\/\/ccoo.app\/diputacio-de-barcelona\/wp-json\/wp\/v2\/tags?post=2573"}],"curies":[{"name":"wp","href":"https:\/\/api.w.org\/{rel}","templated":true}]}}