{"id":2503,"date":"2018-07-31T18:06:53","date_gmt":"2018-07-31T17:06:53","guid":{"rendered":"https:\/\/diba.ccoo.cat\/?p=2503"},"modified":"2023-02-22T19:10:14","modified_gmt":"2023-02-22T18:10:14","slug":"guia-ccoo-reclamacio-dels-impagaments-premis","status":"publish","type":"post","link":"https:\/\/ccoo.app\/diputacio-de-barcelona\/guia-ccoo-reclamacio-dels-impagaments-premis\/","title":{"rendered":"GUIA CCOO RECLAMACI\u00d3 DELS  IMPAGAMENTS PREMIS PER ANYS DE SERVEI PAS A PAS"},"content":{"rendered":"<p class=\"wp-caption-text\"><img loading=\"lazy\" decoding=\"async\" class=\"alignnone wp-image-1853\" src=\"http:\/\/ccoo.app\/diputacio-de-barcelona\/wp-content\/blogs.dir\/6\/files\/sites\/186\/2018\/01\/logoccoov18.jpg\" alt=\"\" width=\"137\" height=\"63\" \/>\u00a0 \u00a0<a href=\"https:\/\/diba.ccoo.cat\/wp-content\/uploads\/sites\/37\/2018\/07\/Q%C3%9CESTIONS-i-PREGUNTES-IMPORTANTS-RELACIONADES-AMB-LIMPAGAMENT-DELS-PREMIS-actualitzat-01.08.2018.pdf\"><img loading=\"lazy\" decoding=\"async\" class=\"alignnone size-medium wp-image-2533\" src=\"http:\/\/ccoo.app\/diputacio-de-barcelona\/wp-content\/blogs.dir\/6\/files\/sites\/186\/2018\/07\/lllllllllllllllllllllllllllllllllll-300x97.png\" alt=\"\" width=\"300\" height=\"97\" srcset=\"https:\/\/ccoo.app\/diputacio-de-barcelona\/wp-content\/blogs.dir\/6\/files\/sites\/186\/2018\/07\/lllllllllllllllllllllllllllllllllll-300x97.png 300w, https:\/\/ccoo.app\/diputacio-de-barcelona\/wp-content\/blogs.dir\/6\/files\/sites\/186\/2018\/07\/lllllllllllllllllllllllllllllllllll.png 626w\" sizes=\"auto, (max-width: 300px) 100vw, 300px\" \/><\/a><\/p>\n<p class=\"wp-caption-text\"><span style=\"font-family: 'arial black', sans-serif;font-size: 18pt;color: #ff0000\">GUIA CCOO: RECLAMACI\u00d3 DELS IMPAGAMENTS PREMIS PER ANYS DE SERVEI PAS A PAS<\/span><\/p>\n<p><span style=\"font-family: 'arial black', sans-serif;color: #0000ff;font-size: 14pt\"><strong>En els pr\u00f2xims mesos, consolidar\u00e9 una antiguitat de 25, 30 o 35 anys. Quan i de quina manera he de sol\u00b7licitar els premis?<\/strong><\/span><\/p>\n<p><span style=\"font-family: arial, helvetica, sans-serif;color: #000000\"><strong>S\u2019ha de realitzar sempre la petici\u00f3 ordin\u00e0ria.<\/strong> Un mes abans de la data de compliment dels 25, 30 o 35 anys de prestaci\u00f3 de servei s\u2019ha de presentar la\u00a0<a href=\"http:\/\/ccoo.app\/diputacio-de-barcelona\/wp-content\/blogs.dir\/6\/files\/sites\/186\/2018\/05\/sollicitud-premis-per-anys-de-servei.pdf\"><strong>sol\u00b7licitud gen\u00e8rica<\/strong><\/a> (actualment nom\u00e9s en paper) acompanyada de la\u00a0<a href=\"http:\/\/ccoo.app\/diputacio-de-barcelona\/wp-content\/blogs.dir\/6\/files\/sites\/186\/2018\/05\/declaracio-responsable.pdf\"><strong>declaraci\u00f3 responsable<\/strong><\/a>\u00a0a qualsevol dels registres de la corporaci\u00f3<\/span>.<\/p>\n<p><em><a href=\"https:\/\/diba.ccoo.cat\/wp-content\/uploads\/sites\/37\/2018\/05\/Sol%C2%B7licitud-Premis-per-Anys-de-Servei.pdf\"><img loading=\"lazy\" decoding=\"async\" class=\"alignnone size-full wp-image-2263\" src=\"http:\/\/ccoo.app\/diputacio-de-barcelona\/wp-content\/blogs.dir\/6\/files\/sites\/186\/2018\/05\/zzzz.png\" alt=\"\" width=\"169\" height=\"93\" \/><\/a>\u00a0<a href=\"http:\/\/ccoo.app\/diputacio-de-barcelona\/wp-content\/blogs.dir\/6\/files\/sites\/186\/2018\/05\/declaracio-responsable.pdf\"><img loading=\"lazy\" decoding=\"async\" class=\"alignnone size-full wp-image-2262\" src=\"http:\/\/ccoo.app\/diputacio-de-barcelona\/wp-content\/blogs.dir\/6\/files\/sites\/186\/2018\/05\/zzz.png\" alt=\"\" width=\"159\" height=\"90\" \/><\/a><\/em><\/p>\n<p><span style=\"font-size: 14pt;font-family: 'arial black', sans-serif;color: #0000ff\"><strong>He realitzat la petici\u00f3 ordin\u00e0ria; quin \u00e9s el seg\u00fcent pas?<\/strong><\/span><\/p>\n<p><span style=\"color: #000000;font-family: arial, helvetica, sans-serif\">Heu d\u2019esperar a rebre resposta escrita (acte expr\u00e9s o resoluci\u00f3 expressa) confirmant el no pagament dels premis. En aquest moment <strong><u>comen\u00e7a el termini<\/u><\/strong> per interposar les demandes.<\/span><\/p>\n<p><span style=\"font-family: arial, helvetica, sans-serif;color: #000000\">Rebreu una carta amb el seg\u00fcent t\u00edtol:<\/span><\/p>\n<p><img loading=\"lazy\" decoding=\"async\" class=\"size-medium wp-image-2505 aligncenter\" src=\"http:\/\/ccoo.app\/diputacio-de-barcelona\/wp-content\/blogs.dir\/6\/files\/sites\/186\/2018\/07\/iiiiiiiiiiiiiiiiiiiiii-300x41.png\" alt=\"\" width=\"300\" height=\"41\" srcset=\"https:\/\/ccoo.app\/diputacio-de-barcelona\/wp-content\/blogs.dir\/6\/files\/sites\/186\/2018\/07\/iiiiiiiiiiiiiiiiiiiiii-300x41.png 300w, https:\/\/ccoo.app\/diputacio-de-barcelona\/wp-content\/blogs.dir\/6\/files\/sites\/186\/2018\/07\/iiiiiiiiiiiiiiiiiiiiii.png 309w\" sizes=\"auto, (max-width: 300px) 100vw, 300px\" \/><\/p>\n<p>&nbsp;<\/p>\n<p><span style=\"color: #000000;font-family: arial, helvetica, sans-serif\"><strong>ATENCI\u00d3!<\/strong> En el cas del recurs de reposici\u00f3, <u>nom\u00e9s tenim 1 mes<\/u> per presentar-lo al registre de la corporaci\u00f3 a comptar des de que hem rebut la resposta escrita.<\/span><\/p>\n<p><span style=\"color: #000000;font-family: arial, helvetica, sans-serif\"><span style=\"font-size: 14pt\"><strong><span style=\"color: #0000ff\">Recordeu que el mes d&#8217;agost \u00e9s h\u00e0bil en el cas del recurs de reposici\u00f3!<\/span><\/strong><\/span><\/span><\/p>\n<p>&nbsp;<\/p>\n<p><span style=\"color: #000000;font-family: arial, helvetica, sans-serif\">A la secci\u00f3 sindical <strong>disposem d\u2019un model de recurs de reposici\u00f3<\/strong> avalat pel Gabinet T\u00e8cnic Jur\u00eddic de CCOO Catalunya.<\/span><\/p>\n<p>&nbsp;<\/p>\n<p><span style=\"color: #0000ff;font-family: 'arial black', sans-serif;font-size: 14pt\">Mesos abans vaig realitzar la petici\u00f3 ordin\u00e0ria i ara ja he complert els 25, 30 o 35 anys de servei per\u00f2 encara no he rebut cap resposta escrita. Qu\u00e8 faig?<\/span><\/p>\n<p><span style=\"color: #000000;font-family: arial, helvetica, sans-serif\">Posa\u2019t en contacte amb nosaltres i analitzarem el teu cas.<\/span><\/p>\n<p>&nbsp;<\/p>\n<p><span style=\"color: #0000ff;font-family: 'arial black', sans-serif;font-size: 14pt\">He realitzat el recurs de reposici\u00f3, quin \u00e9s el seg\u00fcent pas?<\/span><\/p>\n<p><span style=\"color: #000000;font-family: arial, helvetica, sans-serif\">S\u2019ha de presentar el <strong><u>recurs <em>contenci\u00f3s administratiu<\/em><\/u><\/strong> dins dels terminis establerts:<\/span><\/p>\n<ul>\n<li><span style=\"color: #000000;font-family: arial, helvetica, sans-serif\"><strong>SI REBEM RESPOSTA<\/strong> per part de Diputaci\u00f3 al nostre recurs de reposici\u00f3, aleshores tenim <strong>2 mesos des de la seva notificaci\u00f3 per presentar el <em>Contenci\u00f3s.<\/em><\/strong><\/span><\/li>\n<\/ul>\n<p><span style=\"font-family: arial, helvetica, sans-serif;color: #000000\">Rebreu una carta amb el seg\u00fcent t\u00edtol:<\/span><\/p>\n<p><img loading=\"lazy\" decoding=\"async\" class=\"alignnone size-medium wp-image-2506 aligncenter\" src=\"http:\/\/ccoo.app\/diputacio-de-barcelona\/wp-content\/blogs.dir\/6\/files\/sites\/186\/2018\/07\/iiiiiiiiiiiiiio-300x44.png\" alt=\"\" width=\"300\" height=\"44\" srcset=\"https:\/\/ccoo.app\/diputacio-de-barcelona\/wp-content\/blogs.dir\/6\/files\/sites\/186\/2018\/07\/iiiiiiiiiiiiiio-300x44.png 300w, https:\/\/ccoo.app\/diputacio-de-barcelona\/wp-content\/blogs.dir\/6\/files\/sites\/186\/2018\/07\/iiiiiiiiiiiiiio.png 315w\" sizes=\"auto, (max-width: 300px) 100vw, 300px\" \/><\/p>\n<p>&nbsp;<\/p>\n<ul>\n<li><span style=\"color: #000000;font-family: arial, helvetica, sans-serif\"><strong>SI NO REBEM RESPOSTA<\/strong> per part de Diputaci\u00f3 al nostre recurs de reposici\u00f3 en el termini d\u20191 mes (silenci administratiu), aleshores es pot entendre com desestimat. En aquest moment \u00e9s quan comen\u00e7a el termini m\u00e0xim de <strong>6 mesos per presentar el <em>Contenci\u00f3s<\/em>.<\/strong><\/span><\/li>\n<\/ul>\n<p><span style=\"color: #000000;font-family: arial, helvetica, sans-serif\"><strong>\u00a0<\/strong><\/span><\/p>\n<p><span style=\"color: #0000ff;font-family: 'arial black', sans-serif;font-size: 14pt\">Puc interposar directament un recurs contenci\u00f3s administratiu sense realitzar pr\u00e8viament el recurs de reposici\u00f3?<\/span><\/p>\n<p><span style=\"color: #000000;font-family: arial, helvetica, sans-serif\"><strong>\u00a0<\/strong><\/span><span style=\"color: #000000;font-family: arial, helvetica, sans-serif\">S\u00ed, ja que el <em>recurs de reposici\u00f3<\/em> \u00e9s potestatiu. Si decidim <strong>anar directament al Contenci\u00f3s<\/strong>, hem de tenir en compte que des de que hem rebut la resoluci\u00f3 expressa de denegaci\u00f3 dels premis tenim <strong>2 mesos de termini<\/strong> per a presentar-lo.<\/span><\/p>\n<p>&nbsp;<\/p>\n<p><span style=\"font-family: 'arial black', sans-serif;font-size: 14pt;color: #0000ff\">Qu\u00e8 passa si rebo les notificacions i no faig res?<\/span><\/p>\n<p><span style=\"color: #000000;font-family: arial, helvetica, sans-serif\">Recordeu que si transcorreguts els terminis marcats <strong>no s\u2019han interposat<\/strong> els recursos oportuns, la <strong>resoluci\u00f3 de denegaci\u00f3 \u00e9s ferma<\/strong> a tots els efectes. <\/span><\/p>\n<p>&nbsp;<\/p>\n<p><a href=\"https:\/\/diba.ccoo.cat\/afiliat-al-sindicat-amb-mes-afiliacio-i-representacio-a-la-diputacio-de-barcelona\/\"><img loading=\"lazy\" decoding=\"async\" class=\"alignnone size-medium wp-image-2346\" src=\"http:\/\/ccoo.app\/diputacio-de-barcelona\/wp-content\/blogs.dir\/6\/files\/sites\/186\/2016\/05\/asasas-300x142-1-300x142.png\" alt=\"\" width=\"300\" height=\"142\" \/><\/a><\/p>\n<p><span style=\"font-family: arial, helvetica, sans-serif;color: #000000\"><strong>Horari d\u2019atenci\u00f3 CCOO DIBA: <\/strong><\/span><\/p>\n<p><span style=\"font-family: arial, helvetica, sans-serif;color: #000000\"><strong>CARRER MALLORCA, 244, 2on 3a<\/strong><\/span><\/p>\n<p><span style=\"font-family: arial, helvetica, sans-serif;color: #000000\"><strong>DE DILLUNS A DIVENDRES DE 8:30 A 16:30\u00a0\u00a0 <\/strong><span style=\"font-size: 10pt\"><strong>(FORA D\u2019AQUEST HORARI AMB CITA PR\u00c8VIA)<\/strong><\/span><\/span><\/p>\n<p style=\"text-align: center\"><span style=\"font-size: 18pt\"><span style=\"font-family: arial, helvetica, sans-serif;color: #000000\"><strong>\u00a0<\/strong><\/span><span style=\"font-family: arial, helvetica, sans-serif\"><strong><small><span style=\"color: #000000\">Contacta&#8217;ns per tel\u00e8fon 934 022 985 o correu:<\/span> <a href=\"mailto:ccoo@diba.cat\">ccoo@diba.cat<\/a><\/small> <\/strong><\/span><\/span><\/p>\n<p><strong>\u00a0<\/strong><\/p>\n<p><a href=\"https:\/\/twitter.com\/CCOODiba\"><img loading=\"lazy\" decoding=\"async\" class=\"alignleft\" src=\"http:\/\/www.mysocialaccounts.com\/wp-content\/uploads\/2017\/04\/twitter.jpg\" alt=\"Resultado de imagen de twitter\" width=\"44\" height=\"44\" \/><\/a>\u00a0 \u00a0\u00a0<a href=\"http:\/\/diba.ccoo.cat\/\"><img loading=\"lazy\" decoding=\"async\" class=\"\" src=\"https:\/\/encrypted-tbn0.gstatic.com\/images?q=tbn:ANd9GcS98Z75qmWgKpehEkfwdWrInKdK65A-jf2SgkGvuU4oy_fPYt9q\" alt=\"Imagen relacionada\" width=\"52\" height=\"53\" \/><\/a><a href=\"https:\/\/www.facebook.com\/CcooDiputacioDeBarcelona\/\"><img loading=\"lazy\" decoding=\"async\" class=\"alignleft\" src=\"https:\/\/upload.wikimedia.org\/wikipedia\/commons\/thumb\/7\/7c\/Facebook_New_Logo_%282015%29.svg\/2000px-Facebook_New_Logo_%282015%29.svg.png\" alt=\"Resultado de imagen de facebook\" width=\"122\" height=\"46\" \/><\/a><a href=\"https:\/\/www.youtube.com\/channel\/UCFzenkS75udEcs4pB4qoZsg\"><img loading=\"lazy\" decoding=\"async\" class=\"alignleft\" src=\"https:\/\/i.kinja-img.com\/gawker-media\/image\/upload\/s--heVex4FV--\/c_scale,fl_progressive,q_80,w_800\/pol5zfmalpqmpt1jcnbp.png\" alt=\"Resultado de imagen de youtube\" width=\"117\" height=\"50\" \/><\/a><img loading=\"lazy\" decoding=\"async\" class=\"alignleft\" src=\"https:\/\/www.educapeques.com\/wp-content\/uploads\/2016\/04\/descargar-whatsapp.png\" alt=\"Resultado de imagen de whatsapp\" width=\"64\" height=\"50\" \/><\/p>\n<p>&nbsp;<\/p>\n<p>&nbsp;<\/p>\n<p>&nbsp;<\/p>\n<p>&nbsp;<\/p>\n<p>&nbsp;<\/p>\n<p>&nbsp;<\/p>\n<p>&nbsp;<\/p>\n<p>&nbsp;<\/p>\n<p><img loading=\"lazy\" decoding=\"async\" class=\"wp-image-262 alignright\" src=\"http:\/\/ccoo.app\/diputacio-de-barcelona\/wp-content\/blogs.dir\/6\/files\/sites\/186\/2016\/04\/afiliat_ccoo_cat.gif\" alt=\"Tota la informaci\u00f3 de com afiliar-se a CCOO Catalunya i forlmulari d'alta o baxia.\" width=\"90\" height=\"80\" \/><\/p>\n<p>&nbsp;<\/p>\n<p>&nbsp;<\/p>\n<p>&nbsp;<\/p>\n<p>&nbsp;<\/p>\n<p>&nbsp;    \t<\/p>\n","protected":false},"excerpt":{"rendered":"<p>\u00a0 \u00a0 GUIA CCOO: RECLAMACI\u00d3 DELS IMPAGAMENTS PREMIS PER ANYS DE SERVEI PAS A PAS En els pr\u00f2xims mesos, consolidar\u00e9 una antiguitat de 25, 30 o 35 anys. Quan i &#8230; <\/p>\n<p class=\"read-more-container\"><a title=\"GUIA CCOO RECLAMACI\u00d3 DELS  IMPAGAMENTS PREMIS PER ANYS DE SERVEI PAS A PAS\" class=\"read-more button\" href=\"https:\/\/ccoo.app\/diputacio-de-barcelona\/guia-ccoo-reclamacio-dels-impagaments-premis\/#more-2503\" aria-label=\"Leer m\u00e1s sobre GUIA CCOO RECLAMACI\u00d3 DELS  IMPAGAMENTS PREMIS PER ANYS DE SERVEI PAS A PAS\">Continuar llegint<\/a><\/p>\n","protected":false},"author":4519,"featured_media":2271,"comment_status":"open","ping_status":"open","sticky":false,"template":"","format":"standard","meta":{"footnotes":""},"categories":[19,26,27,32],"tags":[105,148],"class_list":["post-2503","post","type-post","status-publish","format-standard","has-post-thumbnail","hentry","category-comunicats","category-mgn","category-millores-socials","category-premis","tag-els-nostres-drets-no-es-suspenen-es-defensen","tag-mesa-general-negociacio","generate-columns","tablet-grid-50","mobile-grid-100","grid-parent","grid-50"],"_links":{"self":[{"href":"https:\/\/ccoo.app\/diputacio-de-barcelona\/wp-json\/wp\/v2\/posts\/2503","targetHints":{"allow":["GET"]}}],"collection":[{"href":"https:\/\/ccoo.app\/diputacio-de-barcelona\/wp-json\/wp\/v2\/posts"}],"about":[{"href":"https:\/\/ccoo.app\/diputacio-de-barcelona\/wp-json\/wp\/v2\/types\/post"}],"author":[{"embeddable":true,"href":"https:\/\/ccoo.app\/diputacio-de-barcelona\/wp-json\/wp\/v2\/users\/4519"}],"replies":[{"embeddable":true,"href":"https:\/\/ccoo.app\/diputacio-de-barcelona\/wp-json\/wp\/v2\/comments?post=2503"}],"version-history":[{"count":1,"href":"https:\/\/ccoo.app\/diputacio-de-barcelona\/wp-json\/wp\/v2\/posts\/2503\/revisions"}],"predecessor-version":[{"id":52146,"href":"https:\/\/ccoo.app\/diputacio-de-barcelona\/wp-json\/wp\/v2\/posts\/2503\/revisions\/52146"}],"wp:featuredmedia":[{"embeddable":true,"href":"https:\/\/ccoo.app\/diputacio-de-barcelona\/wp-json\/wp\/v2\/media\/2271"}],"wp:attachment":[{"href":"https:\/\/ccoo.app\/diputacio-de-barcelona\/wp-json\/wp\/v2\/media?parent=2503"}],"wp:term":[{"taxonomy":"category","embeddable":true,"href":"https:\/\/ccoo.app\/diputacio-de-barcelona\/wp-json\/wp\/v2\/categories?post=2503"},{"taxonomy":"post_tag","embeddable":true,"href":"https:\/\/ccoo.app\/diputacio-de-barcelona\/wp-json\/wp\/v2\/tags?post=2503"}],"curies":[{"name":"wp","href":"https:\/\/api.w.org\/{rel}","templated":true}]}}