{"id":2449,"date":"2018-07-27T15:34:33","date_gmt":"2018-07-27T14:34:33","guid":{"rendered":"https:\/\/diba.ccoo.cat\/?p=2449"},"modified":"2023-02-22T19:10:21","modified_gmt":"2023-02-22T18:10:21","slug":"accions-formatives-per-loferta-publica-docupacio-de-la-diputacio-2016-i-2017","status":"publish","type":"post","link":"https:\/\/ccoo.app\/diputacio-de-barcelona\/accions-formatives-per-loferta-publica-docupacio-de-la-diputacio-2016-i-2017\/","title":{"rendered":"ACCIONS FORMATIVES PER L\u2019OFERTA P\u00daBLICA D\u2019OCUPACI\u00d3 DE LA DIPUTACI\u00d3 2016 i 2017"},"content":{"rendered":"<p class=\"wp-caption-text\"><img loading=\"lazy\" decoding=\"async\" class=\"alignnone wp-image-1853\" src=\"http:\/\/ccoo.app\/diputacio-de-barcelona\/wp-content\/blogs.dir\/6\/files\/sites\/186\/2018\/01\/logoccoov18.jpg\" alt=\"\" width=\"137\" height=\"63\" \/>\u00a0 \u00a0<a href=\"http:\/\/ccoo.app\/diputacio-de-barcelona\/wp-content\/blogs.dir\/6\/files\/sites\/186\/2018\/07\/oferta-formativa-ccoo-diba-2016-i-2017-pdf-juliol-2018.pdf\"><img loading=\"lazy\" decoding=\"async\" class=\" wp-image-2113 alignnone\" src=\"http:\/\/ccoo.app\/diputacio-de-barcelona\/wp-content\/blogs.dir\/6\/files\/sites\/186\/2018\/04\/22-300x172.png\" alt=\"\" width=\"170\" height=\"98\" srcset=\"https:\/\/ccoo.app\/diputacio-de-barcelona\/wp-content\/blogs.dir\/6\/files\/sites\/186\/2018\/04\/22-300x172.png 300w, https:\/\/ccoo.app\/diputacio-de-barcelona\/wp-content\/blogs.dir\/6\/files\/sites\/186\/2018\/04\/22.png 327w\" sizes=\"auto, (max-width: 170px) 100vw, 170px\" \/><\/a><\/p>\n<p class=\"wp-caption-text\"><span style=\"font-family: 'arial black', sans-serif;font-size: 12pt;color: #000000\">30.07.2018\u00a0<\/span><\/p>\n<p><span style=\"font-family: 'arial black', sans-serif;font-size: 18pt;color: #ff0000\"><strong>ACCIONS FORMATIVES PER\u00a0<\/strong><strong>L\u2019OFERTA P\u00daBLICA D\u2019OCUPACI\u00d3 <\/strong><strong>DE LA DIPUTACI\u00d3 2016 i 2017<\/strong><\/span><\/p>\n<p><span style=\"font-family: arial, helvetica, sans-serif;color: #000000\">Primeres accions formatives de la secci\u00f3 sindical de CCOO DiBa relacionades amb l\u2019Oferta P\u00fablica que aviat s\u2019executar\u00e0.<\/span><\/p>\n<p><span style=\"font-family: arial, helvetica, sans-serif;color: #000000\">Gestionades per la <em>FUNDACI\u00d3 PACO PUERTO<\/em> de <em>CCOO Catalunya<\/em>, <strong>queda obert el per\u00edode d\u2019inscripcions<\/strong> pels cursos seg\u00fcents:<\/span><\/p>\n<p>&nbsp;<\/p>\n<ul>\n<li><span style=\"font-family: 'arial black', sans-serif;color: #000000\"><span style=\"color: #0000ff\"><strong><span style=\"font-size: 14pt\">TEMARI GENERAL GRUPS A1<\/span>\u00a0<\/strong><\/span><span style=\"font-family: arial, helvetica, sans-serif\">(Presencial)<\/span><\/span>\n<ul style=\"list-style-type: square\">\n<li><span style=\"font-family: arial, helvetica, sans-serif;color: #000000\"><strong>INICI: 02.10.2018 \/ FINAL: 16.02.2019<\/strong><\/span><\/li>\n<li><strong style=\"color: #000000;font-family: arial, helvetica, sans-serif\">DURADA: 54 Hores<\/strong><\/li>\n<li><strong style=\"color: #000000;font-family: arial, helvetica, sans-serif\">HORARI: dimarts de 16.30 a 19:30<\/strong><\/li>\n<\/ul>\n<\/li>\n<\/ul>\n<p><a href=\"https:\/\/fundaciopacopuerto.cat\/curso\/preparacio-oposicions-a-la-diputacio-de-barcelona-temari-general-grups-a1-67811\/\"><img loading=\"lazy\" decoding=\"async\" class=\" wp-image-2483 aligncenter\" src=\"http:\/\/ccoo.app\/diputacio-de-barcelona\/wp-content\/blogs.dir\/6\/files\/sites\/186\/2018\/07\/ooooooo-300x33.png\" alt=\"\" width=\"327\" height=\"36\" srcset=\"https:\/\/ccoo.app\/diputacio-de-barcelona\/wp-content\/blogs.dir\/6\/files\/sites\/186\/2018\/07\/ooooooo-300x33.png 300w, https:\/\/ccoo.app\/diputacio-de-barcelona\/wp-content\/blogs.dir\/6\/files\/sites\/186\/2018\/07\/ooooooo.png 404w\" sizes=\"auto, (max-width: 327px) 100vw, 327px\" \/><\/a><\/p>\n<p>&nbsp;<\/p>\n<ul>\n<li><span style=\"font-family: arial, helvetica, sans-serif\"><span style=\"font-size: 14pt;color: #0000ff;font-family: 'arial black', sans-serif\"><strong>TEMARI GENERAL GRUPS A2\u00a0<\/strong><\/span>(Presencial)<\/span>\n<ul style=\"list-style-type: square\">\n<li><span style=\"font-family: arial, helvetica, sans-serif;color: #000000\"><strong>INICI: 09.10.2018 \/ FINAL: 09.04.2019<\/strong><\/span><\/li>\n<li><strong style=\"color: #000000;font-family: arial, helvetica, sans-serif\">DURADA: 36 Hores<\/strong><\/li>\n<li><strong style=\"color: #000000;font-family: arial, helvetica, sans-serif\">HORARI: dimarts de 16.30 a 19:30<\/strong><\/li>\n<\/ul>\n<\/li>\n<\/ul>\n<p><a href=\"https:\/\/fundaciopacopuerto.cat\/curso\/preparacio-oposicions-a-la-diputacio-de-barcelona-temari-general-grups-a2-67812\/\"><img loading=\"lazy\" decoding=\"async\" class=\" wp-image-2483 aligncenter\" src=\"http:\/\/ccoo.app\/diputacio-de-barcelona\/wp-content\/blogs.dir\/6\/files\/sites\/186\/2018\/07\/ooooooo-300x33.png\" alt=\"\" width=\"327\" height=\"36\" srcset=\"https:\/\/ccoo.app\/diputacio-de-barcelona\/wp-content\/blogs.dir\/6\/files\/sites\/186\/2018\/07\/ooooooo-300x33.png 300w, https:\/\/ccoo.app\/diputacio-de-barcelona\/wp-content\/blogs.dir\/6\/files\/sites\/186\/2018\/07\/ooooooo.png 404w\" sizes=\"auto, (max-width: 327px) 100vw, 327px\" \/><\/a><\/p>\n<p>&nbsp;<\/p>\n<ul>\n<li><span style=\"font-family: arial, helvetica, sans-serif\"><strong><span style=\"color: #0000ff;font-family: 'arial black', sans-serif;font-size: 14pt\">AUXILIAR ADMINISTRATIU C2 TEMARI GENERAL I ESPEC\u00cdFIC<\/span>\u00a0<\/strong>(Presencial)<\/span>\n<ul style=\"list-style-type: square\">\n<li><span style=\"font-family: arial, helvetica, sans-serif;color: #000000\"><strong>INICI: 25.09.2018 \/ FINAL: 08.01.2019<\/strong><\/span><\/li>\n<li><strong style=\"color: #000000;font-family: arial, helvetica, sans-serif\">DURADA: 42 Hores\u00a0\u00a0\u00a0\u00a0\u00a0\u00a0\u00a0\u00a0\u00a0 <\/strong><\/li>\n<li><strong style=\"color: #000000;font-family: arial, helvetica, sans-serif\">HORARI: dimarts de 16.30 a 19:30<\/strong><\/li>\n<\/ul>\n<\/li>\n<\/ul>\n<p><a href=\"https:\/\/fundaciopacopuerto.cat\/curso\/preparacio-oposicions-a-la-diputacio-de-barcelona-grup-c2-67813\/\"><img loading=\"lazy\" decoding=\"async\" class=\" wp-image-2483 aligncenter\" src=\"http:\/\/ccoo.app\/diputacio-de-barcelona\/wp-content\/blogs.dir\/6\/files\/sites\/186\/2018\/07\/ooooooo-300x33.png\" alt=\"\" width=\"327\" height=\"36\" srcset=\"https:\/\/ccoo.app\/diputacio-de-barcelona\/wp-content\/blogs.dir\/6\/files\/sites\/186\/2018\/07\/ooooooo-300x33.png 300w, https:\/\/ccoo.app\/diputacio-de-barcelona\/wp-content\/blogs.dir\/6\/files\/sites\/186\/2018\/07\/ooooooo.png 404w\" sizes=\"auto, (max-width: 327px) 100vw, 327px\" \/><\/a><\/p>\n<p>&nbsp;<\/p>\n<p><span style=\"font-family: 'arial black', sans-serif;font-size: 14pt;color: #ff0000\"><strong>LLOC ON S\u2019IMPARTIRAN ELS TRES CURSOS: <\/strong><\/span><\/p>\n<p><span style=\"font-family: arial, helvetica, sans-serif;color: #000000\"><img loading=\"lazy\" decoding=\"async\" class=\"wp-image-2453 alignleft\" src=\"http:\/\/ccoo.app\/diputacio-de-barcelona\/wp-content\/blogs.dir\/6\/files\/sites\/186\/2018\/07\/ssssss-225x300.jpg\" alt=\"\" width=\"96\" height=\"128\" srcset=\"https:\/\/ccoo.app\/diputacio-de-barcelona\/wp-content\/blogs.dir\/6\/files\/sites\/186\/2018\/07\/ssssss-225x300.jpg 225w, https:\/\/ccoo.app\/diputacio-de-barcelona\/wp-content\/blogs.dir\/6\/files\/sites\/186\/2018\/07\/ssssss.jpg 270w\" sizes=\"auto, (max-width: 96px) 100vw, 96px\" \/><\/span><\/p>\n<p>&nbsp;<\/p>\n<p><span style=\"font-family: arial, helvetica, sans-serif;color: #000000\">Fundaci\u00f3 Paco Puerto\u00a0 \u00a0 \u00a0 \u00a0 \u00a0 \u00a0 \u00a0 \u00a0 \u00a0 \u00a0 \u00a0 \u00a0 \u00a0 \u00a0 \u00a0 \u00a0 \u00a0 \u00a0 \u00a0 \u00a0 \u00a0 \u00a0 \u00a0 \u00a0 \u00a0 \u00a0 \u00a0 \u00a0 \u00a0 \u00a0 \u00a0 \u00a0 \u00a0 \u00a0 \u00a0 \u00a0 \u00a0 \u00a0<\/span><span style=\"font-family: arial, helvetica, sans-serif;color: #000000\">VIA Laietana 16-18 8\u00e8 planta (Seu central de CCOO Catalunya).<\/span><\/p>\n<p><span style=\"font-family: arial, helvetica, sans-serif;color: #000000\">Metro: Jaume I (L4)<\/span><\/p>\n<p><span style=\"font-family: arial, helvetica, sans-serif;color: #000000\">\u00a0 \u00a0 \u00a0 \u00a0 \u00a0 \u00a0\u00a0 \u00a0 \u00a0 \u00a0 \u00a0 \u00a0 \u00a0 \u00a0 \u00a0 \u00a0 \u00a0 \u00a0 \u00a0 \u00a0 \u00a0 \u00a0 \u00a0 \u00a0 \u00a0<\/span><\/p>\n<p><span style=\"font-family: 'arial black', sans-serif;font-size: 14pt;color: #ff0000\"><strong>GESTI\u00d3 I DUBTES RELACIONATS AMB AQUESTS CURSOS, ADRECEU-VOS A LA <em>FUNDACI\u00d3 PACO PUERTO<\/em> DE CCOO: <\/strong><\/span><\/p>\n<ul>\n<li><span style=\"font-size: 14pt\"><strong>Tel\u00e8fon 93.481.27.17<\/strong><\/span><\/li>\n<li><span style=\"font-size: 14pt\"><a href=\"mailto:fppuerto@ccoo.cat\"><strong>fppuerto@ccoo.cat<\/strong><\/a><\/span><\/li>\n<\/ul>\n<p>&nbsp;<\/p>\n<p><span style=\"font-family: 'arial black', sans-serif;font-size: 14pt;color: #000000\"><strong>ALTRES ACCIONS FORMATIVES:<\/strong><\/span><\/p>\n<p><span style=\"font-family: arial, helvetica, sans-serif;color: #000000\">Volem informar-vos que tenim prevista, al llarg del mes de setembre, l\u2019oferta d\u2019una acci\u00f3 formativa relacionada amb <span style=\"text-decoration: underline;font-size: 14pt\"><span style=\"font-family: 'arial black', sans-serif\"><strong><span style=\"color: #0000ff;text-decoration: underline\">T\u00c8CNIC MITJ\u00c0 BIBLIOLOGIA<\/span>.<\/strong><\/span><\/span><\/span><\/p>\n<p><span style=\"font-family: arial, helvetica, sans-serif;color: #000000\">Les caracter\u00edstiques principals d\u2019aquest curs ser\u00e0:<\/span><\/p>\n<ul>\n<li><span style=\"font-family: arial, helvetica, sans-serif;color: #000000\">Preparaci\u00f3 tant de la part general com especifica i prova pr\u00e0ctica<\/span><\/li>\n<li><span style=\"font-family: arial, helvetica, sans-serif;color: #000000\"><strong>Curs Online<\/strong> amb algunes sessions presencials.<\/span><\/li>\n<\/ul>\n<p><img loading=\"lazy\" decoding=\"async\" class=\"wp-image-2484 aligncenter\" src=\"http:\/\/ccoo.app\/diputacio-de-barcelona\/wp-content\/blogs.dir\/6\/files\/sites\/186\/2018\/07\/hhhhhhh-300x212.jpg\" alt=\"\" width=\"212\" height=\"150\" srcset=\"https:\/\/ccoo.app\/diputacio-de-barcelona\/wp-content\/blogs.dir\/6\/files\/sites\/186\/2018\/07\/hhhhhhh-300x212.jpg 300w, https:\/\/ccoo.app\/diputacio-de-barcelona\/wp-content\/blogs.dir\/6\/files\/sites\/186\/2018\/07\/hhhhhhh-768x542.jpg 768w, https:\/\/ccoo.app\/diputacio-de-barcelona\/wp-content\/blogs.dir\/6\/files\/sites\/186\/2018\/07\/hhhhhhh.jpg 960w\" sizes=\"auto, (max-width: 212px) 100vw, 212px\" \/><\/p>\n<p>&nbsp;<\/p>\n<p><span style=\"font-family: arial, helvetica, sans-serif;color: #000000\">A m\u00e9s, estem treballant en l\u2019elaboraci\u00f3 d\u2019altres accions formatives relacionades amb els temaris generals de la resta de subgrups de classificaci\u00f3, aix\u00ed com de la part especifica d\u2019algunes convocat\u00f2ries.<\/span><\/p>\n<p><span style=\"font-family: arial, helvetica, sans-serif;color: #000000\">Esteu atents\/tes a pr\u00f2xims comunicats relacionats.<\/span><\/p>\n<p>&nbsp;<\/p>\n<p><span style=\"font-family: 'arial black', sans-serif;color: #000000;font-size: 14pt\"><strong>VOLS COL\u00b7LABORAR COM A FORMADOR?<\/strong><\/span><\/p>\n<p><span style=\"font-family: arial, helvetica, sans-serif;color: #000000\">Aprofitem per fer una crida a totes les persones que vulguin oferir-se per impartir cursos o elaborar temaris per a que es posin en contacte amb nosaltres per poder establir les condicions.<\/span><\/p>\n<p><span style=\"font-family: arial, helvetica, sans-serif;color: #000000\">Coneixes persones que voldrien col\u00b7laborar? Fes-nos arribar el seu contacte.<\/span><\/p>\n<p>&nbsp;<\/p>\n<p><span style=\"font-family: arial, helvetica, sans-serif;color: #000000\"><strong>Horari d\u2019atenci\u00f3 CCOO DIBA:<\/strong><\/span><\/p>\n<p><span style=\"font-family: arial, helvetica, sans-serif;color: #000000\"><strong>CARRER MALLORCA, 244, 2on 3a<\/strong><\/span><\/p>\n<p><span style=\"font-family: arial, helvetica, sans-serif;color: #000000\"><strong>DE DILLUNS A DIVENDRES DE 8:30 A 16:30\u00a0\u00a0 <\/strong><span style=\"font-size: 10pt\"><strong>(FORA D\u2019AQUEST HORARI AMB CITA PR\u00c8VIA)<\/strong><\/span><\/span><\/p>\n<p style=\"text-align: center\"><span style=\"font-size: 18pt\"><span style=\"font-family: arial, helvetica, sans-serif;color: #000000\"><strong>\u00a0<\/strong><\/span><span style=\"font-family: arial, helvetica, sans-serif\"><strong><small><span style=\"color: #000000\">Contacta&#8217;ns per tel\u00e8fon 934 022 985 o correu:<\/span> <a href=\"mailto:ccoo@diba.cat\">ccoo@diba.cat<\/a><\/small><\/strong><\/span><\/span><\/p>\n<p><a href=\"https:\/\/transparencia.diba.cat\/acords-de-la-mesa-general-de-negociacio-2015-2019\"><img loading=\"lazy\" decoding=\"async\" class=\"wp-image-2361 aligncenter\" src=\"http:\/\/ccoo.app\/diputacio-de-barcelona\/wp-content\/blogs.dir\/6\/files\/sites\/186\/2018\/06\/sss-300x64.png\" alt=\"\" width=\"445\" height=\"95\" srcset=\"https:\/\/ccoo.app\/diputacio-de-barcelona\/wp-content\/blogs.dir\/6\/files\/sites\/186\/2018\/06\/sss-300x64.png 300w, https:\/\/ccoo.app\/diputacio-de-barcelona\/wp-content\/blogs.dir\/6\/files\/sites\/186\/2018\/06\/sss.png 584w\" sizes=\"auto, (max-width: 445px) 100vw, 445px\" \/><\/a><\/p>\n<p>&nbsp;<\/p>\n<p><a href=\"https:\/\/diba.ccoo.cat\/wp-content\/uploads\/sites\/37\/2018\/05\/Q%C3%9CESTIONS-IMPORTANTS.-PREMIS-PER-ANYS-DE-SERVEI-pdf.pdf\"><img loading=\"lazy\" decoding=\"async\" class=\"wp-image-2297 aligncenter\" src=\"http:\/\/ccoo.app\/diputacio-de-barcelona\/wp-content\/blogs.dir\/6\/files\/sites\/186\/2018\/05\/bbbbbb-300x96.png\" alt=\"\" width=\"256\" height=\"82\" srcset=\"https:\/\/ccoo.app\/diputacio-de-barcelona\/wp-content\/blogs.dir\/6\/files\/sites\/186\/2018\/05\/bbbbbb-300x96.png 300w, https:\/\/ccoo.app\/diputacio-de-barcelona\/wp-content\/blogs.dir\/6\/files\/sites\/186\/2018\/05\/bbbbbb.png 417w\" sizes=\"auto, (max-width: 256px) 100vw, 256px\" \/><\/a><\/p>\n<p>&nbsp;<\/p>\n<p><a href=\"https:\/\/twitter.com\/CCOODiba\"><img loading=\"lazy\" decoding=\"async\" class=\"alignleft\" src=\"http:\/\/www.mysocialaccounts.com\/wp-content\/uploads\/2017\/04\/twitter.jpg\" alt=\"Resultado de imagen de twitter\" width=\"44\" height=\"44\" \/><\/a>\u00a0 \u00a0\u00a0<a href=\"http:\/\/diba.ccoo.cat\/\"><img loading=\"lazy\" decoding=\"async\" class=\"\" src=\"https:\/\/encrypted-tbn0.gstatic.com\/images?q=tbn:ANd9GcS98Z75qmWgKpehEkfwdWrInKdK65A-jf2SgkGvuU4oy_fPYt9q\" alt=\"Imagen relacionada\" width=\"52\" height=\"53\" \/><\/a><a href=\"https:\/\/www.facebook.com\/CcooDiputacioDeBarcelona\/\"><img loading=\"lazy\" decoding=\"async\" class=\"alignleft\" src=\"https:\/\/upload.wikimedia.org\/wikipedia\/commons\/thumb\/7\/7c\/Facebook_New_Logo_%282015%29.svg\/2000px-Facebook_New_Logo_%282015%29.svg.png\" alt=\"Resultado de imagen de facebook\" width=\"122\" height=\"46\" \/><\/a><a href=\"https:\/\/www.youtube.com\/channel\/UCFzenkS75udEcs4pB4qoZsg\"><img loading=\"lazy\" decoding=\"async\" class=\"alignleft\" src=\"https:\/\/i.kinja-img.com\/gawker-media\/image\/upload\/s--heVex4FV--\/c_scale,fl_progressive,q_80,w_800\/pol5zfmalpqmpt1jcnbp.png\" alt=\"Resultado de imagen de youtube\" width=\"117\" height=\"50\" \/><\/a><img loading=\"lazy\" decoding=\"async\" class=\"alignleft\" src=\"https:\/\/www.educapeques.com\/wp-content\/uploads\/2016\/04\/descargar-whatsapp.png\" alt=\"Resultado de imagen de whatsapp\" width=\"64\" height=\"50\" \/><\/p>\n<p><img loading=\"lazy\" decoding=\"async\" class=\"wp-image-262 alignleft\" src=\"http:\/\/ccoo.app\/diputacio-de-barcelona\/wp-content\/blogs.dir\/6\/files\/sites\/186\/2016\/04\/afiliat_ccoo_cat.gif\" alt=\"Tota la informaci\u00f3 de com afiliar-se a CCOO Catalunya i forlmulari d'alta o baxia.\" width=\"90\" height=\"80\" \/><\/p>\n<p>&nbsp;<\/p>\n<p>&nbsp;<\/p>\n<p>&nbsp;<\/p>\n<p>&nbsp;<\/p>\n<p>&nbsp;    \t<\/p>\n","protected":false},"excerpt":{"rendered":"<p>\u00a0 \u00a0 30.07.2018\u00a0 ACCIONS FORMATIVES PER\u00a0L\u2019OFERTA P\u00daBLICA D\u2019OCUPACI\u00d3 DE LA DIPUTACI\u00d3 2016 i 2017 Primeres accions formatives de la secci\u00f3 sindical de CCOO DiBa relacionades amb l\u2019Oferta P\u00fablica que aviat &#8230; <\/p>\n<p class=\"read-more-container\"><a title=\"ACCIONS FORMATIVES PER L\u2019OFERTA P\u00daBLICA D\u2019OCUPACI\u00d3 DE LA DIPUTACI\u00d3 2016 i 2017\" class=\"read-more button\" href=\"https:\/\/ccoo.app\/diputacio-de-barcelona\/accions-formatives-per-loferta-publica-docupacio-de-la-diputacio-2016-i-2017\/#more-2449\" aria-label=\"Leer m\u00e1s sobre ACCIONS FORMATIVES PER L\u2019OFERTA P\u00daBLICA D\u2019OCUPACI\u00d3 DE LA DIPUTACI\u00d3 2016 i 2017\">Continuar llegint<\/a><\/p>\n","protected":false},"author":4519,"featured_media":2452,"comment_status":"open","ping_status":"open","sticky":false,"template":"","format":"standard","meta":{"footnotes":""},"categories":[38,19,20,24,26,31,34,37],"tags":[105,148,180,239],"class_list":["post-2449","post","type-post","status-publish","format-standard","has-post-thumbnail","hentry","category-a-tot-el-personal","category-comunicats","category-cursos","category-interins","category-mgn","category-personal-interi-comunicats","category-respir","category-xbm","tag-els-nostres-drets-no-es-suspenen-es-defensen","tag-mesa-general-negociacio","tag-personal-interi","tag-xarxa-de-bibioteques-xbm","generate-columns","tablet-grid-50","mobile-grid-100","grid-parent","grid-50"],"_links":{"self":[{"href":"https:\/\/ccoo.app\/diputacio-de-barcelona\/wp-json\/wp\/v2\/posts\/2449","targetHints":{"allow":["GET"]}}],"collection":[{"href":"https:\/\/ccoo.app\/diputacio-de-barcelona\/wp-json\/wp\/v2\/posts"}],"about":[{"href":"https:\/\/ccoo.app\/diputacio-de-barcelona\/wp-json\/wp\/v2\/types\/post"}],"author":[{"embeddable":true,"href":"https:\/\/ccoo.app\/diputacio-de-barcelona\/wp-json\/wp\/v2\/users\/4519"}],"replies":[{"embeddable":true,"href":"https:\/\/ccoo.app\/diputacio-de-barcelona\/wp-json\/wp\/v2\/comments?post=2449"}],"version-history":[{"count":1,"href":"https:\/\/ccoo.app\/diputacio-de-barcelona\/wp-json\/wp\/v2\/posts\/2449\/revisions"}],"predecessor-version":[{"id":52151,"href":"https:\/\/ccoo.app\/diputacio-de-barcelona\/wp-json\/wp\/v2\/posts\/2449\/revisions\/52151"}],"wp:featuredmedia":[{"embeddable":true,"href":"https:\/\/ccoo.app\/diputacio-de-barcelona\/wp-json\/wp\/v2\/media\/2452"}],"wp:attachment":[{"href":"https:\/\/ccoo.app\/diputacio-de-barcelona\/wp-json\/wp\/v2\/media?parent=2449"}],"wp:term":[{"taxonomy":"category","embeddable":true,"href":"https:\/\/ccoo.app\/diputacio-de-barcelona\/wp-json\/wp\/v2\/categories?post=2449"},{"taxonomy":"post_tag","embeddable":true,"href":"https:\/\/ccoo.app\/diputacio-de-barcelona\/wp-json\/wp\/v2\/tags?post=2449"}],"curies":[{"name":"wp","href":"https:\/\/api.w.org\/{rel}","templated":true}]}}