{"id":2445,"date":"2018-07-19T16:44:07","date_gmt":"2018-07-19T15:44:07","guid":{"rendered":"https:\/\/diba.ccoo.cat\/?p=2445"},"modified":"2023-02-22T19:10:24","modified_gmt":"2023-02-22T18:10:24","slug":"comptes-auditats-de-2017","status":"publish","type":"post","link":"https:\/\/ccoo.app\/diputacio-de-barcelona\/comptes-auditats-de-2017\/","title":{"rendered":"CCOO lliura els seus comptes auditats de 2017 a la Sindicatura de Comptes de Catalunya"},"content":{"rendered":"<p class=\"wp-caption-text\"><img loading=\"lazy\" decoding=\"async\" class=\"alignnone wp-image-1853\" src=\"http:\/\/ccoo.app\/diputacio-de-barcelona\/wp-content\/blogs.dir\/6\/files\/sites\/186\/2018\/01\/logoccoov18.jpg\" alt=\"\" width=\"137\" height=\"63\" \/><\/p>\n<p class=\"wp-caption-text\"><span style=\"font-family: 'arial black', sans-serif;font-size: 12pt;color: #000000\">19.07.2018\u00a0<\/span><\/p>\n<h1 class=\"titolnoticia\"><span id=\"ctl00_ContentPlaceHolder1_noticia1_lbTitular\" style=\"font-family: 'arial black', sans-serif;color: #ff00ff\">CCOO lliura els seus comptes auditats de 2017 a la Sindicatura de Comptes de Catalunya<\/span><\/h1>\n<p><img loading=\"lazy\" decoding=\"async\" class=\"wp-image-2446 alignleft\" src=\"http:\/\/ccoo.app\/diputacio-de-barcelona\/wp-content\/blogs.dir\/6\/files\/sites\/186\/2018\/07\/dddddd-300x200.jpg\" alt=\"\" width=\"450\" height=\"300\" srcset=\"https:\/\/ccoo.app\/diputacio-de-barcelona\/wp-content\/blogs.dir\/6\/files\/sites\/186\/2018\/07\/dddddd-300x200.jpg 300w, https:\/\/ccoo.app\/diputacio-de-barcelona\/wp-content\/blogs.dir\/6\/files\/sites\/186\/2018\/07\/dddddd.jpg 600w\" sizes=\"auto, (max-width: 450px) 100vw, 450px\" \/><\/p>\n<div class=\"js-tweet-text-container\">\n<p class=\"TweetTextSize TweetTextSize--jumbo js-tweet-text tweet-text\" lang=\"ca\"><span style=\"font-family: arial, helvetica, sans-serif;color: #000000\">No existeix cap obligaci\u00f3 legal que obligui a <b>CCOO Catalunya<\/b> a lliurar els comptes a la Sindicatura. <\/span><\/p>\n<p class=\"TweetTextSize TweetTextSize--jumbo js-tweet-text tweet-text\" lang=\"ca\"><span style=\"font-family: arial, helvetica, sans-serif;color: #000000\">Orgull de formar part d&#8217;un sindicat que aposta per la transpar\u00e8ncia respecte a l\u2019origen i la destinaci\u00f3 dels seus recursos.\u00a0\u00a0<\/span><\/p>\n<p lang=\"ca\"><span style=\"font-family: 'arial black', sans-serif;color: #0000ff\">NOM\u00c9S EL 13 % DELS INGRESSOS S\u00d3N PER A SUBVENCIONS.<\/span><\/p>\n<p lang=\"ca\"><span style=\"font-family: arial, helvetica, sans-serif;color: #000000\">Per ampliar la informaci\u00f3, cliqueu el seg\u00fcent enlla\u00e7 :<\/span><\/p>\n<p class=\"TweetTextSize TweetTextSize--jumbo js-tweet-text tweet-text\" lang=\"ca\"><span style=\"font-size: 10pt\">\u00a0<a class=\"twitter-timeline-link\" title=\"https:\/\/www.ccoo.cat\/noticia\/218043\/ccoo-lliura-els-seus-comptes-auditats-de-2017-a-la-sindicatura-de-comptes-de-catalunya\" href=\"https:\/\/t.co\/h7lFBEAUg0\" target=\"_blank\" rel=\"nofollow noopener\"><span class=\"invisible\">https:\/\/www.<\/span><span class=\"js-display-url\">ccoo.cat\/noticia\/218043<\/span><span class=\"invisible\">\/ccoo-lliura-els-seus-comptes-auditats-de-2017-a-la-sindicatura-de-comptes-de-catalunya<\/span><span class=\"tco-ellipsis\"><span class=\"invisible\">\u00a0<\/span>\u2026<\/span><\/a><\/span><\/p>\n<\/div>\n<p>&nbsp;<\/p>\n<p><img loading=\"lazy\" decoding=\"async\" class=\"aligncenter wp-image-2304 size-medium\" src=\"http:\/\/ccoo.app\/diputacio-de-barcelona\/wp-content\/blogs.dir\/6\/files\/sites\/186\/2018\/05\/asasas-300x142.png\" alt=\"\" width=\"300\" height=\"142\" srcset=\"https:\/\/ccoo.app\/diputacio-de-barcelona\/wp-content\/blogs.dir\/6\/files\/sites\/186\/2018\/05\/asasas-300x142.png 300w, https:\/\/ccoo.app\/diputacio-de-barcelona\/wp-content\/blogs.dir\/6\/files\/sites\/186\/2018\/05\/asasas.png 318w\" sizes=\"auto, (max-width: 300px) 100vw, 300px\" \/><\/p>\n<p>&nbsp;<\/p>\n<p><a href=\"https:\/\/transparencia.diba.cat\/acords-de-la-mesa-general-de-negociacio-2015-2019\"><img loading=\"lazy\" decoding=\"async\" class=\"wp-image-2361 aligncenter\" src=\"http:\/\/ccoo.app\/diputacio-de-barcelona\/wp-content\/blogs.dir\/6\/files\/sites\/186\/2018\/06\/sss-300x64.png\" alt=\"\" width=\"445\" height=\"95\" srcset=\"https:\/\/ccoo.app\/diputacio-de-barcelona\/wp-content\/blogs.dir\/6\/files\/sites\/186\/2018\/06\/sss-300x64.png 300w, https:\/\/ccoo.app\/diputacio-de-barcelona\/wp-content\/blogs.dir\/6\/files\/sites\/186\/2018\/06\/sss.png 584w\" sizes=\"auto, (max-width: 445px) 100vw, 445px\" \/><\/a><\/p>\n<p>&nbsp;<\/p>\n<p>&nbsp;<\/p>\n<p>&nbsp;<\/p>\n<p>&nbsp;<\/p>\n<p><span style=\"font-family: arial, helvetica, sans-serif;color: #000000\"><strong>Horari d\u2019atenci\u00f3 CCOO DIBA:<\/strong><\/span><\/p>\n<p><span style=\"font-family: arial, helvetica, sans-serif;color: #000000\"><strong>CARRER MALLORCA, 244, 2on 3a<\/strong><\/span><\/p>\n<p><span style=\"font-family: arial, helvetica, sans-serif;color: #000000\"><strong>DE DILLUNS A DIVENDRES DE 8:30 A 16:30\u00a0\u00a0 <\/strong><span style=\"font-size: 10pt\"><strong>(FORA D\u2019AQUEST HORARI AMB CITA PR\u00c8VIA)<\/strong><\/span><\/span><\/p>\n<p style=\"text-align: center\"><span style=\"font-size: 18pt\"><span style=\"font-family: arial, helvetica, sans-serif;color: #000000\"><strong>\u00a0<\/strong><\/span><span style=\"font-family: arial, helvetica, sans-serif\"><strong><small><span style=\"color: #000000\">Contacta&#8217;ns per tel\u00e8fon 934 022 985 o correu:<\/span> <a href=\"mailto:ccoo@diba.cat\">ccoo@diba.cat<\/a><\/small> <\/strong><\/span><\/span><\/p>\n<p><strong>\u00a0<\/strong><\/p>\n<p><a href=\"https:\/\/twitter.com\/CCOODiba\"><img loading=\"lazy\" decoding=\"async\" class=\"alignleft\" src=\"http:\/\/www.mysocialaccounts.com\/wp-content\/uploads\/2017\/04\/twitter.jpg\" alt=\"Resultado de imagen de twitter\" width=\"44\" height=\"44\" \/><\/a>\u00a0 \u00a0\u00a0<a href=\"http:\/\/diba.ccoo.cat\/\"><img loading=\"lazy\" decoding=\"async\" class=\"\" src=\"https:\/\/encrypted-tbn0.gstatic.com\/images?q=tbn:ANd9GcS98Z75qmWgKpehEkfwdWrInKdK65A-jf2SgkGvuU4oy_fPYt9q\" alt=\"Imagen relacionada\" width=\"52\" height=\"53\" \/><\/a><a href=\"https:\/\/www.facebook.com\/CcooDiputacioDeBarcelona\/\"><img loading=\"lazy\" decoding=\"async\" class=\"alignleft\" src=\"https:\/\/upload.wikimedia.org\/wikipedia\/commons\/thumb\/7\/7c\/Facebook_New_Logo_%282015%29.svg\/2000px-Facebook_New_Logo_%282015%29.svg.png\" alt=\"Resultado de imagen de facebook\" width=\"122\" height=\"46\" \/><\/a><a href=\"https:\/\/www.youtube.com\/channel\/UCFzenkS75udEcs4pB4qoZsg\"><img loading=\"lazy\" decoding=\"async\" class=\"alignleft\" src=\"https:\/\/i.kinja-img.com\/gawker-media\/image\/upload\/s--heVex4FV--\/c_scale,fl_progressive,q_80,w_800\/pol5zfmalpqmpt1jcnbp.png\" alt=\"Resultado de imagen de youtube\" width=\"117\" height=\"50\" \/><\/a><img loading=\"lazy\" decoding=\"async\" class=\"alignleft\" src=\"https:\/\/www.educapeques.com\/wp-content\/uploads\/2016\/04\/descargar-whatsapp.png\" alt=\"Resultado de imagen de whatsapp\" width=\"64\" height=\"50\" \/><\/p>\n<p>&nbsp;<\/p>\n<p>&nbsp;<\/p>\n<p>&nbsp;<\/p>\n<p>&nbsp;<\/p>\n<p>&nbsp;<\/p>\n<p>&nbsp;<\/p>\n<p>&nbsp;<\/p>\n<p>&nbsp;<\/p>\n<p><img loading=\"lazy\" decoding=\"async\" class=\"wp-image-262 alignright\" src=\"http:\/\/ccoo.app\/diputacio-de-barcelona\/wp-content\/blogs.dir\/6\/files\/sites\/186\/2016\/04\/afiliat_ccoo_cat.gif\" alt=\"Tota la informaci\u00f3 de com afiliar-se a CCOO Catalunya i forlmulari d'alta o baxia.\" width=\"90\" height=\"80\" \/><\/p>\n<p>&nbsp;<\/p>\n<p>&nbsp;<\/p>\n<p>&nbsp;<\/p>\n<p>&nbsp;<\/p>\n<p>&nbsp;    \t<\/p>\n","protected":false},"excerpt":{"rendered":"<p>19.07.2018\u00a0 CCOO lliura els seus comptes auditats de 2017 a la Sindicatura de Comptes de Catalunya No existeix cap obligaci\u00f3 legal que obligui a CCOO Catalunya a lliurar els comptes &#8230; <\/p>\n<p class=\"read-more-container\"><a title=\"CCOO lliura els seus comptes auditats de 2017 a la Sindicatura de Comptes de Catalunya\" class=\"read-more button\" href=\"https:\/\/ccoo.app\/diputacio-de-barcelona\/comptes-auditats-de-2017\/#more-2445\" aria-label=\"Leer m\u00e1s sobre CCOO lliura els seus comptes auditats de 2017 a la Sindicatura de Comptes de Catalunya\">Continuar llegint<\/a><\/p>\n","protected":false},"author":4519,"featured_media":2446,"comment_status":"open","ping_status":"open","sticky":false,"template":"","format":"standard","meta":{"footnotes":""},"categories":[14,19],"tags":[56,227],"class_list":["post-2445","post","type-post","status-publish","format-standard","has-post-thumbnail","hentry","category-afiliacio-ccoo-diba","category-comunicats","tag-afiliacio-ccoo","tag-transparencia","generate-columns","tablet-grid-50","mobile-grid-100","grid-parent","grid-50"],"_links":{"self":[{"href":"https:\/\/ccoo.app\/diputacio-de-barcelona\/wp-json\/wp\/v2\/posts\/2445","targetHints":{"allow":["GET"]}}],"collection":[{"href":"https:\/\/ccoo.app\/diputacio-de-barcelona\/wp-json\/wp\/v2\/posts"}],"about":[{"href":"https:\/\/ccoo.app\/diputacio-de-barcelona\/wp-json\/wp\/v2\/types\/post"}],"author":[{"embeddable":true,"href":"https:\/\/ccoo.app\/diputacio-de-barcelona\/wp-json\/wp\/v2\/users\/4519"}],"replies":[{"embeddable":true,"href":"https:\/\/ccoo.app\/diputacio-de-barcelona\/wp-json\/wp\/v2\/comments?post=2445"}],"version-history":[{"count":1,"href":"https:\/\/ccoo.app\/diputacio-de-barcelona\/wp-json\/wp\/v2\/posts\/2445\/revisions"}],"predecessor-version":[{"id":52152,"href":"https:\/\/ccoo.app\/diputacio-de-barcelona\/wp-json\/wp\/v2\/posts\/2445\/revisions\/52152"}],"wp:featuredmedia":[{"embeddable":true,"href":"https:\/\/ccoo.app\/diputacio-de-barcelona\/wp-json\/wp\/v2\/media\/2446"}],"wp:attachment":[{"href":"https:\/\/ccoo.app\/diputacio-de-barcelona\/wp-json\/wp\/v2\/media?parent=2445"}],"wp:term":[{"taxonomy":"category","embeddable":true,"href":"https:\/\/ccoo.app\/diputacio-de-barcelona\/wp-json\/wp\/v2\/categories?post=2445"},{"taxonomy":"post_tag","embeddable":true,"href":"https:\/\/ccoo.app\/diputacio-de-barcelona\/wp-json\/wp\/v2\/tags?post=2445"}],"curies":[{"name":"wp","href":"https:\/\/api.w.org\/{rel}","templated":true}]}}