{"id":2415,"date":"2018-07-04T15:35:22","date_gmt":"2018-07-04T14:35:22","guid":{"rendered":"https:\/\/diba.ccoo.cat\/?p=2415"},"modified":"2023-02-22T19:10:28","modified_gmt":"2023-02-22T18:10:28","slug":"info-personal-xbm-nova-reunio-de-ccoo-diba-amb-el-vicepresident-3er-de-la-diputacio-2","status":"publish","type":"post","link":"https:\/\/ccoo.app\/diputacio-de-barcelona\/info-personal-xbm-nova-reunio-de-ccoo-diba-amb-el-vicepresident-3er-de-la-diputacio-2\/","title":{"rendered":"INFO PERSONAL XBM. NOVA REUNI\u00d3 DE CCOO DIBA AMB EL VICEPRESIDENT 3er DE LA DIPUTACI\u00d3"},"content":{"rendered":"<p class=\"wp-caption-text\"><img loading=\"lazy\" decoding=\"async\" class=\"alignnone wp-image-1853\" src=\"http:\/\/ccoo.app\/diputacio-de-barcelona\/wp-content\/blogs.dir\/6\/files\/sites\/186\/2018\/01\/logoccoov18.jpg\" alt=\"\" width=\"137\" height=\"63\" \/>\u00a0 \u00a0<a href=\"http:\/\/ccoo.app\/diputacio-de-barcelona\/wp-content\/blogs.dir\/6\/files\/sites\/186\/2018\/07\/comunicat-xbm-juny-2018-reunio-amb-diputat-3.pdf\"><img loading=\"lazy\" decoding=\"async\" class=\" wp-image-2113 alignnone\" src=\"http:\/\/ccoo.app\/diputacio-de-barcelona\/wp-content\/blogs.dir\/6\/files\/sites\/186\/2018\/04\/22-300x172.png\" alt=\"\" width=\"170\" height=\"98\" srcset=\"https:\/\/ccoo.app\/diputacio-de-barcelona\/wp-content\/blogs.dir\/6\/files\/sites\/186\/2018\/04\/22-300x172.png 300w, https:\/\/ccoo.app\/diputacio-de-barcelona\/wp-content\/blogs.dir\/6\/files\/sites\/186\/2018\/04\/22.png 327w\" sizes=\"auto, (max-width: 170px) 100vw, 170px\" \/><\/a><\/p>\n<p class=\"wp-caption-text\"><span style=\"font-family: 'arial black', sans-serif;font-size: 12pt;color: #000000\">04.07.2018\u00a0<\/span><\/p>\n<p><span style=\"font-family: 'arial black', sans-serif;color: #ff0000\"><span style=\"font-size: 18pt\"><strong><span style=\"text-decoration: underline\">INFO PERSONAL XBM.<\/span> NOVA REUNI\u00d3 DE CCOO-DIBA AMB EL V<\/strong><strong>ICEPRESIDENT 3er,\u00a0 SR. MART\u00cd PUJOL I CASALS <\/strong><\/span><span style=\"color: #000000;font-family: arial, helvetica, sans-serif\">(PRE<\/span><\/span><span style=\"color: #000000;font-family: arial, helvetica, sans-serif\">SIDENT DELEGAT DE L\u2019 \u00c0REA DE CULTURA, EDUCACI\u00d3 I ESPORTS i\u00a0PRESIDENT DE LA COMISSI\u00d3 INFORMATIVA I DE SEGUIMENT DE CULTURA, EDUCACI\u00d3 I ESPORTS)<\/span><\/p>\n<p><span style=\"font-family: arial, helvetica, sans-serif;color: #000000\">\u00a0<\/span><\/p>\n<p><span style=\"font-family: arial, helvetica, sans-serif;font-size: 14pt;color: #000000\">Davant la manca d\u2019avan\u00e7os respecte a les millores que fa anys reivindica el col\u00b7lectiu, CCOO vam demanar una nova trobada amb el Sr. Mart\u00ed Pujol i Casals; reuni\u00f3 on tamb\u00e9 va tenir pres\u00e8ncia la Ger\u00e8ncia de Biblioteques.<\/span><\/p>\n<p><span style=\"font-family: arial, helvetica, sans-serif;font-size: 14pt;color: #000000\">La nostra valoraci\u00f3 general de la reuni\u00f3 \u00e9s positiva, amb bona predisposici\u00f3 a donar solucions a alguns dels temes que els hi vam plantejar.<\/span><\/p>\n<p>&nbsp;<\/p>\n<ol>\n<li><span style=\"font-family: 'arial black', sans-serif;font-size: 18pt;color: #0000ff\"><strong>Acompanyament que ha de fer la corporaci\u00f3 quan una treballadora ha de canviar de lloc de treball<\/strong><\/span><\/li>\n<\/ol>\n<p><span style=\"font-family: arial, helvetica, sans-serif;color: #000000;font-size: 14pt\">Quan per motius de salut laboral alg\u00fa ha de ser reubicat dins la corporaci\u00f3 PER MOTIUS ATRIBU\u00cfTS A LA FEINA, no acceptarem m\u00e9s ren\u00fancies ni degradacions de categoria i, encara menys, si el motiu \u00e9s un assetjament en l\u2019\u00e0mbit proper, generalment municipal, de la treballadora; aix\u00ed li vam explicar al Diputat i estem molt satisfetes de comptar amb la seva voluntat pol\u00edtica de minimitzar aquests casos i de no haver de rebaixar les condicions laborals i salarials, \u00fanicament s\u2019han de trobar solucions i encaixos legals.<\/span><\/p>\n<p><span style=\"font-family: arial, helvetica, sans-serif;color: #000000;font-size: 14pt\">Aquesta voluntat pol\u00edtica ja ha estat traslladada a la DSRH. Caldr\u00e0 fer-ne un seguiment. Tot i que reconeixem el canvi d\u2019actitud de la Ger\u00e8ncia en defensar el seu personal per\u00f2, sobretot, la seva professionalitat, davant els ajuntaments.<\/span><\/p>\n<p>&nbsp;<\/p>\n<ul>\n<li><span style=\"color: #0000ff;font-family: 'arial black', sans-serif;font-size: 18pt\"><strong>Calendari laboral i nombre de jornades\/any <\/strong><\/span><\/li>\n<\/ul>\n<p><span style=\"font-family: arial, helvetica, sans-serif;font-size: 14pt;color: #000000\"><strong>NOM\u00c9S<\/strong> el personal XBM de Diputaci\u00f3 treballa <strong>M\u00c9S<\/strong> jornades que les 225 negociades al Calendari Laboral Anual. <strong>Cap altre col\u00b7lectiu<\/strong> de la Diputaci\u00f3 de Barcelona les sobrepassa!!!<\/span><\/p>\n<p><span style=\"font-family: arial, helvetica, sans-serif;font-size: 14pt;color: #000000\">Despr\u00e9s de la <strong>NOSTRA <\/strong>petici\u00f3 expl\u00edcita d\u2019informaci\u00f3 d\u2019ara fa un any en quant a horaris i n\u00ba de jornades treballades al llarg de l\u2019any ning\u00fa continua negant aquesta realitat: el personal XBM treballa m\u00e9s jornades. Qualsevol pot entendre que no t\u00e9 les mateixes despeses, per exemple de transport, anar a treballar 225 dies que 250.<\/span><\/p>\n<p><span style=\"font-family: arial, helvetica, sans-serif;font-size: 14pt;color: #000000\"><strong>Com es compensa anar a treballar un dissabte a la Diputaci\u00f3?<\/strong> Qualsevol treballador\/a d\u2019aquesta corporaci\u00f3 cobra el plus de dissabte, \u00e9s a dir, 29,16\u20ac per\u00f2 a m\u00e9s, se li concedeix un dia de festa (\u00e9s el que permet no superar les 225 jornades anuals). Vet aqu\u00ed un greuge comparatiu evident!<a href=\"http:\/\/ccoo.app\/diputacio-de-barcelona\/wp-content\/blogs.dir\/6\/files\/sites\/186\/2018\/07\/calendari-laboral-2018.pdf\"><img loading=\"lazy\" decoding=\"async\" class=\"alignnone size-medium wp-image-2419 alignright\" src=\"http:\/\/ccoo.app\/diputacio-de-barcelona\/wp-content\/blogs.dir\/6\/files\/sites\/186\/2018\/07\/cccc-213x300.png\" alt=\"\" width=\"213\" height=\"300\" srcset=\"https:\/\/ccoo.app\/diputacio-de-barcelona\/wp-content\/blogs.dir\/6\/files\/sites\/186\/2018\/07\/cccc-213x300.png 213w, https:\/\/ccoo.app\/diputacio-de-barcelona\/wp-content\/blogs.dir\/6\/files\/sites\/186\/2018\/07\/cccc.png 553w\" sizes=\"auto, (max-width: 213px) 100vw, 213px\" \/><\/a><\/span><\/p>\n<p><span style=\"font-family: arial, helvetica, sans-serif;font-size: 14pt;color: #000000\">No ho podem acceptar i aix\u00ed li hem reiterat al Sr. Mart\u00ed Pujol. <strong>S\u2019ha de poder negociar com regulem aix\u00f2 i en qualsevol cas, com compensem econ\u00f2micament al personal que treballa m\u00e9s de 225 jornades.<\/strong><\/span><\/p>\n<p><span style=\"font-family: arial, helvetica, sans-serif;font-size: 14pt;color: #000000\">Hem de dir que tant el diputat com la gerent han mostrat bona predisposici\u00f3 a que aix\u00f2 es pugui introduir com element a negociar.<\/span><\/p>\n<p><span style=\"color: #0000ff;font-family: 'arial black', sans-serif\">\u00a0 \u00a0 \u00a0 \u00a0 \u00a0 \u00a0 \u00a0 \u00a0 \u00a0 \u00a0 \u00a0 \u00a0\u00a0<span style=\"color: #ff6600\">Cliqueu sobre la imatge &#8211;&gt;<\/span><\/span><\/p>\n<p>&nbsp;<\/p>\n<ul>\n<li><span style=\"font-family: 'arial black', sans-serif;font-size: 18pt;color: #0000ff\"><strong>Plus de dissabtes i ajuts per menjar<\/strong><\/span><\/li>\n<\/ul>\n<p><span style=\"font-family: arial, helvetica, sans-serif;font-size: 14pt;color: #000000\">D\u2019acord amb el punt anterior, \u00e9s obvi que el plus de dissabtes \u00e9s absolutament insuficient. Respecte als imports assignats en concepte d\u2019ajuts per menjar tamb\u00e9 es troben del tot desfasats, va sent hora d\u2019actualitzar-los.<\/span><\/p>\n<p>&nbsp;<\/p>\n<ul>\n<li><span style=\"font-family: 'arial black', sans-serif;font-size: 18pt;color: #0000ff\"><strong>Borsa de treball<\/strong><\/span><\/li>\n<\/ul>\n<p><span style=\"font-family: arial, helvetica, sans-serif;font-size: 14pt;color: #000000\">S\u00f3n moltes les consultes que rebem demanant per la data de publicaci\u00f3 de la borsa meritada despr\u00e9s de tants mesos de la publicaci\u00f3 dels resultats de la prova te\u00f2rico-pr\u00e0ctica i la veritat \u00e9s que no tenim la m\u00e9s m\u00ednima idea ni tampoc ning\u00fa sap donar-nos aquesta informaci\u00f3. Com recordareu, tot i que l\u2019Acta de 2004 sobre criteris de borsa permetia no realitzar proves en el nostre col\u00b7lectiu, la diputaci\u00f3 va decidir imposar-les. Ara b\u00e9, fixant-nos en el nombre d\u2019aptes\/no aptes i, no en el nivell (tot i que algunes preguntes eren del perfil de director\/a de biblioteca), sin\u00f3 en el contingut, redactat, la poca relaci\u00f3 amb el contingut del temari, preguntes amb m\u00e9s d\u2019una resposta correcta i, sobretot, professionals que fa anys que treballen a la XBM per\u00f2 han quedat fora del proc\u00e9s selectiu, demanem que de cara a properes borses de treball s\u2019analitzi millor qu\u00e8 i com es fa i sobretot quan, per minimitzar l\u2019impacte tant en els equipaments com en les plantilles (vacances, APs i dem\u00e9s per poder estudiar) en les biblioteques obertes.<\/span><\/p>\n<p>&nbsp;<\/p>\n<ul>\n<li><span style=\"font-family: 'arial black', sans-serif;font-size: 18pt;color: #0000ff\"><strong>Assemblees XBM al territori<\/strong><\/span><\/li>\n<\/ul>\n<p><span style=\"font-family: arial, helvetica, sans-serif;font-size: 14pt;color: #000000\">Ja estem preparant dues assembles presencials per despr\u00e9s de l\u2019estiu per poder posar en com\u00fa l\u2019estat d\u2019aquestes reivindicacions i d\u2019altres que ens vulgueu fer arribar.<\/span><\/p>\n<p><span style=\"font-family: arial, helvetica, sans-serif;font-size: 14pt;color: #000000\">El col\u00b7lectiu ha de tenir clar que per conquerir aquestes fites ens haurem d\u2019organitzar amb l\u2019objectiu de valorar possibles accions en cas que les millores que reclamem no es facin efectives amb celeritat. Per tant, en breu rebreu dates per a les assemblees. La nostra assist\u00e8ncia marcar\u00e0 de manera clara la nostra voluntat de lluita col\u00b7lectiva per a que tinguem unes millores condicions de treball.<\/span><\/p>\n<p>&nbsp;<\/p>\n<p><img loading=\"lazy\" decoding=\"async\" class=\"wp-image-2416 aligncenter\" src=\"http:\/\/ccoo.app\/diputacio-de-barcelona\/wp-content\/blogs.dir\/6\/files\/sites\/186\/2018\/07\/pppp-300x45.png\" alt=\"\" width=\"474\" height=\"71\" srcset=\"https:\/\/ccoo.app\/diputacio-de-barcelona\/wp-content\/blogs.dir\/6\/files\/sites\/186\/2018\/07\/pppp-300x45.png 300w, https:\/\/ccoo.app\/diputacio-de-barcelona\/wp-content\/blogs.dir\/6\/files\/sites\/186\/2018\/07\/pppp.png 673w\" sizes=\"auto, (max-width: 474px) 100vw, 474px\" \/><\/p>\n<p><img loading=\"lazy\" decoding=\"async\" class=\"wp-image-2418 aligncenter\" src=\"http:\/\/ccoo.app\/diputacio-de-barcelona\/wp-content\/blogs.dir\/6\/files\/sites\/186\/2018\/07\/iiii.jpg\" alt=\"\" width=\"81\" height=\"117\" \/><\/p>\n<p>&nbsp;<\/p>\n<p>&nbsp;<\/p>\n<p><span style=\"font-family: 'arial black', sans-serif;color: #ff0000;font-size: 18pt\">Altres recordatoris generals importants:<\/span><\/p>\n<p>&nbsp;<\/p>\n<p><span style=\"font-family: 'arial black', sans-serif;font-size: 14pt;color: #0000ff\">TEMA IMPAGAMENTS PREMIS. SUPORT JUR\u00cdDIC DE CCOO AL PERSONAL DIBA :<\/span><\/p>\n<p>&nbsp;<\/p>\n<ul>\n<li><span style=\"font-family: arial, helvetica, sans-serif;color: #000000\"><span style=\"color: #ff0000;font-family: 'arial black', sans-serif\"><strong>En quina situaci\u00f3 et trobes?<\/strong><\/span> En el seg\u00fcent enlla\u00e7 podr\u00e0s saber qu\u00e8 haur\u00e0s de fer d\u2019acord amb la teva situaci\u00f3 concreta.<\/span><\/li>\n<\/ul>\n<p><a href=\"https:\/\/diba.ccoo.cat\/impagaments-premis-per-anys-de-servei-questions-importants\/\"><img loading=\"lazy\" decoding=\"async\" class=\"wp-image-2389 alignleft\" src=\"http:\/\/ccoo.app\/diputacio-de-barcelona\/wp-content\/blogs.dir\/6\/files\/sites\/186\/2018\/06\/sds-300x50.png\" alt=\"\" width=\"360\" height=\"60\" srcset=\"https:\/\/ccoo.app\/diputacio-de-barcelona\/wp-content\/blogs.dir\/6\/files\/sites\/186\/2018\/06\/sds-300x50.png 300w, https:\/\/ccoo.app\/diputacio-de-barcelona\/wp-content\/blogs.dir\/6\/files\/sites\/186\/2018\/06\/sds.png 434w\" sizes=\"auto, (max-width: 360px) 100vw, 360px\" \/><\/a><\/p>\n<p>&nbsp;<\/p>\n<p>&nbsp;<\/p>\n<p>&nbsp;<\/p>\n<ul>\n<li><span style=\"font-family: 'arial black', sans-serif;color: #ff0000\">Si ja has presentat el recurs de reposici\u00f3, quin \u00e9s el seg\u00fcent pas?<\/span><\/li>\n<\/ul>\n<p><a href=\"https:\/\/diba.ccoo.cat\/wp-content\/uploads\/sites\/37\/2018\/06\/INFO-Si-vas-presentar-el-recurs-de-reposici%C3%B3.pdf\"><img loading=\"lazy\" decoding=\"async\" class=\"wp-image-2390 alignleft\" src=\"http:\/\/ccoo.app\/diputacio-de-barcelona\/wp-content\/blogs.dir\/6\/files\/sites\/186\/2018\/06\/dsd-300x31.png\" alt=\"\" width=\"416\" height=\"43\" srcset=\"https:\/\/ccoo.app\/diputacio-de-barcelona\/wp-content\/blogs.dir\/6\/files\/sites\/186\/2018\/06\/dsd-300x31.png 300w, https:\/\/ccoo.app\/diputacio-de-barcelona\/wp-content\/blogs.dir\/6\/files\/sites\/186\/2018\/06\/dsd.png 531w\" sizes=\"auto, (max-width: 416px) 100vw, 416px\" \/><\/a><\/p>\n<p>&nbsp;<\/p>\n<p>&nbsp;<\/p>\n<p><a href=\"http:\/\/ccoo.app\/diputacio-de-barcelona\/wp-content\/blogs.dir\/6\/files\/sites\/186\/2018\/04\/tot-el-que-has-de-saber-de-la-sindicatura.pdf\"><img loading=\"lazy\" decoding=\"async\" class=\"alignnone wp-image-2117 aligncenter\" src=\"http:\/\/ccoo.app\/diputacio-de-barcelona\/wp-content\/blogs.dir\/6\/files\/sites\/186\/2018\/04\/2222-300x42.png\" alt=\"\" width=\"557\" height=\"78\" srcset=\"https:\/\/ccoo.app\/diputacio-de-barcelona\/wp-content\/blogs.dir\/6\/files\/sites\/186\/2018\/04\/2222-300x42.png 300w, https:\/\/ccoo.app\/diputacio-de-barcelona\/wp-content\/blogs.dir\/6\/files\/sites\/186\/2018\/04\/2222.png 629w\" sizes=\"auto, (max-width: 557px) 100vw, 557px\" \/><\/a><\/p>\n<p><a href=\"https:\/\/diba.ccoo.cat\/wp-content\/uploads\/sites\/37\/2018\/05\/Q%C3%9CESTIONS-IMPORTANTS.-PREMIS-PER-ANYS-DE-SERVEI-pdf.pdf\"><img loading=\"lazy\" decoding=\"async\" class=\"wp-image-2297 aligncenter\" src=\"http:\/\/ccoo.app\/diputacio-de-barcelona\/wp-content\/blogs.dir\/6\/files\/sites\/186\/2018\/05\/bbbbbb-300x96.png\" alt=\"\" width=\"256\" height=\"82\" srcset=\"https:\/\/ccoo.app\/diputacio-de-barcelona\/wp-content\/blogs.dir\/6\/files\/sites\/186\/2018\/05\/bbbbbb-300x96.png 300w, https:\/\/ccoo.app\/diputacio-de-barcelona\/wp-content\/blogs.dir\/6\/files\/sites\/186\/2018\/05\/bbbbbb.png 417w\" sizes=\"auto, (max-width: 256px) 100vw, 256px\" \/><\/a><\/p>\n<p>&nbsp;<\/p>\n<p><span style=\"font-family: arial, helvetica, sans-serif;color: #000000\"><strong>Horari d\u2019atenci\u00f3 CCOO DIBA:<\/strong><\/span><\/p>\n<p><span style=\"font-family: arial, helvetica, sans-serif;color: #000000\"><strong>CARRER MALLORCA, 244, 2on 3a<\/strong><\/span><\/p>\n<p><span style=\"font-family: arial, helvetica, sans-serif;color: #000000\"><strong>DE DILLUNS A DIVENDRES DE 8:30 A 16:30\u00a0\u00a0 <\/strong><span style=\"font-size: 10pt\"><strong>(FORA D\u2019AQUEST HORARI AMB CITA PR\u00c8VIA)<\/strong><\/span><\/span><\/p>\n<p style=\"text-align: center\"><span style=\"font-size: 18pt\"><span style=\"font-family: arial, helvetica, sans-serif;color: #000000\"><strong>\u00a0<\/strong><\/span><span style=\"font-family: arial, helvetica, sans-serif\"><strong><small><span style=\"color: #000000\">Contacta&#8217;ns per tel\u00e8fon 934 022 985 o correu:<\/span> <a href=\"mailto:ccoo@diba.cat\">ccoo@diba.cat<\/a><\/small> <\/strong><\/span><\/span><\/p>\n<p><strong>\u00a0<\/strong><\/p>\n<p><a href=\"https:\/\/twitter.com\/CCOODiba\"><img loading=\"lazy\" decoding=\"async\" class=\"alignleft\" src=\"http:\/\/www.mysocialaccounts.com\/wp-content\/uploads\/2017\/04\/twitter.jpg\" alt=\"Resultado de imagen de twitter\" width=\"44\" height=\"44\" \/><\/a>\u00a0 \u00a0\u00a0<a href=\"http:\/\/diba.ccoo.cat\/\"><img loading=\"lazy\" decoding=\"async\" class=\"\" src=\"https:\/\/encrypted-tbn0.gstatic.com\/images?q=tbn:ANd9GcS98Z75qmWgKpehEkfwdWrInKdK65A-jf2SgkGvuU4oy_fPYt9q\" alt=\"Imagen relacionada\" width=\"52\" height=\"53\" \/><\/a><a href=\"https:\/\/www.facebook.com\/CcooDiputacioDeBarcelona\/\"><img loading=\"lazy\" decoding=\"async\" class=\"alignleft\" src=\"https:\/\/upload.wikimedia.org\/wikipedia\/commons\/thumb\/7\/7c\/Facebook_New_Logo_%282015%29.svg\/2000px-Facebook_New_Logo_%282015%29.svg.png\" alt=\"Resultado de imagen de facebook\" width=\"122\" height=\"46\" \/><\/a><a href=\"https:\/\/www.youtube.com\/channel\/UCFzenkS75udEcs4pB4qoZsg\"><img loading=\"lazy\" decoding=\"async\" class=\"alignleft\" src=\"https:\/\/i.kinja-img.com\/gawker-media\/image\/upload\/s--heVex4FV--\/c_scale,fl_progressive,q_80,w_800\/pol5zfmalpqmpt1jcnbp.png\" alt=\"Resultado de imagen de youtube\" width=\"117\" height=\"50\" \/><\/a><img loading=\"lazy\" decoding=\"async\" class=\"alignleft\" src=\"https:\/\/www.educapeques.com\/wp-content\/uploads\/2016\/04\/descargar-whatsapp.png\" alt=\"Resultado de imagen de whatsapp\" width=\"64\" height=\"50\" \/><\/p>\n<p><img loading=\"lazy\" decoding=\"async\" class=\"wp-image-262 alignleft\" src=\"http:\/\/ccoo.app\/diputacio-de-barcelona\/wp-content\/blogs.dir\/6\/files\/sites\/186\/2016\/04\/afiliat_ccoo_cat.gif\" alt=\"Tota la informaci\u00f3 de com afiliar-se a CCOO Catalunya i forlmulari d'alta o baxia.\" width=\"90\" height=\"80\" \/><\/p>\n<p>&nbsp;<\/p>\n<p>&nbsp;<\/p>\n<p>&nbsp;<\/p>\n<p>&nbsp;<\/p>\n<p>&nbsp;    \t<\/p>\n","protected":false},"excerpt":{"rendered":"<p>\u00a0 \u00a0 04.07.2018\u00a0 INFO PERSONAL XBM. NOVA REUNI\u00d3 DE CCOO-DIBA AMB EL VICEPRESIDENT 3er,\u00a0 SR. MART\u00cd PUJOL I CASALS (PRESIDENT DELEGAT DE L\u2019 \u00c0REA DE CULTURA, EDUCACI\u00d3 I ESPORTS i\u00a0PRESIDENT &#8230; <\/p>\n<p class=\"read-more-container\"><a title=\"INFO PERSONAL XBM. NOVA REUNI\u00d3 DE CCOO DIBA AMB EL VICEPRESIDENT 3er DE LA DIPUTACI\u00d3\" class=\"read-more button\" href=\"https:\/\/ccoo.app\/diputacio-de-barcelona\/info-personal-xbm-nova-reunio-de-ccoo-diba-amb-el-vicepresident-3er-de-la-diputacio-2\/#more-2415\" aria-label=\"Leer m\u00e1s sobre INFO PERSONAL XBM. NOVA REUNI\u00d3 DE CCOO DIBA AMB EL VICEPRESIDENT 3er DE LA DIPUTACI\u00d3\">Continuar llegint<\/a><\/p>\n","protected":false},"author":4519,"featured_media":2422,"comment_status":"open","ping_status":"open","sticky":false,"template":"","format":"standard","meta":{"footnotes":""},"categories":[19,27,32,37],"tags":[61,239],"class_list":["post-2415","post","type-post","status-publish","format-standard","has-post-thumbnail","hentry","category-comunicats","category-millores-socials","category-premis","category-xbm","tag-assemblea","tag-xarxa-de-bibioteques-xbm","generate-columns","tablet-grid-50","mobile-grid-100","grid-parent","grid-50"],"_links":{"self":[{"href":"https:\/\/ccoo.app\/diputacio-de-barcelona\/wp-json\/wp\/v2\/posts\/2415","targetHints":{"allow":["GET"]}}],"collection":[{"href":"https:\/\/ccoo.app\/diputacio-de-barcelona\/wp-json\/wp\/v2\/posts"}],"about":[{"href":"https:\/\/ccoo.app\/diputacio-de-barcelona\/wp-json\/wp\/v2\/types\/post"}],"author":[{"embeddable":true,"href":"https:\/\/ccoo.app\/diputacio-de-barcelona\/wp-json\/wp\/v2\/users\/4519"}],"replies":[{"embeddable":true,"href":"https:\/\/ccoo.app\/diputacio-de-barcelona\/wp-json\/wp\/v2\/comments?post=2415"}],"version-history":[{"count":1,"href":"https:\/\/ccoo.app\/diputacio-de-barcelona\/wp-json\/wp\/v2\/posts\/2415\/revisions"}],"predecessor-version":[{"id":52155,"href":"https:\/\/ccoo.app\/diputacio-de-barcelona\/wp-json\/wp\/v2\/posts\/2415\/revisions\/52155"}],"wp:featuredmedia":[{"embeddable":true,"href":"https:\/\/ccoo.app\/diputacio-de-barcelona\/wp-json\/wp\/v2\/media\/2422"}],"wp:attachment":[{"href":"https:\/\/ccoo.app\/diputacio-de-barcelona\/wp-json\/wp\/v2\/media?parent=2415"}],"wp:term":[{"taxonomy":"category","embeddable":true,"href":"https:\/\/ccoo.app\/diputacio-de-barcelona\/wp-json\/wp\/v2\/categories?post=2415"},{"taxonomy":"post_tag","embeddable":true,"href":"https:\/\/ccoo.app\/diputacio-de-barcelona\/wp-json\/wp\/v2\/tags?post=2415"}],"curies":[{"name":"wp","href":"https:\/\/api.w.org\/{rel}","templated":true}]}}