{"id":2408,"date":"2018-06-29T15:44:59","date_gmt":"2018-06-29T14:44:59","guid":{"rendered":"https:\/\/diba.ccoo.cat\/?p=2408"},"modified":"2023-02-22T19:10:30","modified_gmt":"2023-02-22T18:10:30","slug":"mobilitzacio-negociacio-i-sessions-informatives","status":"publish","type":"post","link":"https:\/\/ccoo.app\/diputacio-de-barcelona\/mobilitzacio-negociacio-i-sessions-informatives\/","title":{"rendered":"MOBILITZACI\u00d3, NEGOCIACI\u00d3 I SESSIONS INFORMATIVES"},"content":{"rendered":"<p class=\"wp-caption-text\"><img loading=\"lazy\" decoding=\"async\" class=\"alignnone wp-image-1853\" src=\"http:\/\/ccoo.app\/diputacio-de-barcelona\/wp-content\/blogs.dir\/6\/files\/sites\/186\/2018\/01\/logoccoov18.jpg\" alt=\"\" width=\"137\" height=\"63\" \/>\u00a0 \u00a0<img loading=\"lazy\" decoding=\"async\" class=\" wp-image-2113 alignnone\" src=\"http:\/\/ccoo.app\/diputacio-de-barcelona\/wp-content\/blogs.dir\/6\/files\/sites\/186\/2018\/04\/22-300x172.png\" alt=\"\" width=\"170\" height=\"98\" srcset=\"https:\/\/ccoo.app\/diputacio-de-barcelona\/wp-content\/blogs.dir\/6\/files\/sites\/186\/2018\/04\/22-300x172.png 300w, https:\/\/ccoo.app\/diputacio-de-barcelona\/wp-content\/blogs.dir\/6\/files\/sites\/186\/2018\/04\/22.png 327w\" sizes=\"auto, (max-width: 170px) 100vw, 170px\" \/><\/p>\n<p class=\"wp-caption-text\"><span style=\"font-family: 'arial black', sans-serif;font-size: 12pt;color: #000000\">29.06.2018\u00a0<\/span><\/p>\n<p><span style=\"color: #ff0000;font-family: arial black, sans-serif\"><span style=\"font-size: 24px\">NOTA INFORMATIVA: MOBILITZACI\u00d3, NEGOCIACI\u00d3 I SESSIONS INFORMATIVES.<\/span><\/span><\/p>\n<p><span style=\"font-family: arial, helvetica, sans-serif;color: #000000\"><img loading=\"lazy\" decoding=\"async\" class=\"wp-image-2409 aligncenter\" src=\"http:\/\/ccoo.app\/diputacio-de-barcelona\/wp-content\/blogs.dir\/6\/files\/sites\/186\/2018\/06\/ccc-300x248.png\" alt=\"\" width=\"522\" height=\"432\" srcset=\"https:\/\/ccoo.app\/diputacio-de-barcelona\/wp-content\/blogs.dir\/6\/files\/sites\/186\/2018\/06\/ccc-300x248.png 300w, https:\/\/ccoo.app\/diputacio-de-barcelona\/wp-content\/blogs.dir\/6\/files\/sites\/186\/2018\/06\/ccc-768x634.png 768w, https:\/\/ccoo.app\/diputacio-de-barcelona\/wp-content\/blogs.dir\/6\/files\/sites\/186\/2018\/06\/ccc.png 798w\" sizes=\"auto, (max-width: 522px) 100vw, 522px\" \/><\/span><\/p>\n<p>&nbsp;<\/p>\n<p style=\"text-align: center\"><span style=\"font-family: arial, helvetica, sans-serif;color: #000000;font-size: 14pt\"><strong>Volem agrair a tots i totes les companyes de la diba l\u2019esfor\u00e7, implicaci\u00f3 i suport massiu demostrat a la mobilitzaci\u00f3 d\u2019ahir davant la seu de Diputaci\u00f3 de Can Serra.<\/strong><\/span><\/p>\n<p style=\"text-align: center\"><span style=\"font-family: arial, helvetica, sans-serif;color: #000000;font-size: 14pt\"><strong>\u00a0<\/strong><\/span><\/p>\n<p style=\"text-align: center\"><span style=\"font-family: arial, helvetica, sans-serif;color: #000000;font-size: 14pt\"><strong>No tingueu cap dubte que aquest suport ser\u00e0 molt important per a resoldre el conflicte. EXIGIM solucions dignes que respectin la professionalitat i dedicaci\u00f3 del personal. <\/strong><\/span><\/p>\n<p style=\"text-align: center\"><span style=\"font-family: arial, helvetica, sans-serif;color: #000000;font-size: 14pt\"><strong>Amb una plantilla mobilitzada, tot \u00e9s possible!<\/strong><\/span><\/p>\n<p>&nbsp;<\/p>\n<p><span style=\"font-family: 'arial black', sans-serif;color: #0000ff;font-size: 14pt\"><strong>MESA GENERAL DE NEGOCIACI\u00d3 D\u2019AHIR<\/strong><\/span><\/p>\n<p><span style=\"font-family: arial, helvetica, sans-serif;color: #000000\">Despr\u00e9s de la concentraci\u00f3, els sindicats vam tenir reuni\u00f3 de Mesa General de Negociaci\u00f3 que va acabar al voltant de les 15 hores.<\/span><\/p>\n<p><span style=\"font-family: arial, helvetica, sans-serif;color: #000000\">La setmana que ve farem un COMUNICAT resum de tots els temes que es van tractar incidint especialment en els detalls de com est\u00e0 la negociaci\u00f3 dels PREMIS PER ANYS DE SERVEI i la PRODUCTIVITAT (paga d\u2019Assidu\u00eftat). Explicarem en quin punt estem i quines s\u00f3n les nostres expectatives.<\/span><\/p>\n<p><span style=\"font-family: arial, helvetica, sans-serif;color: #000000\">Recordeu que respecte a aquests dos temes i qualsevol proposta de modificaci\u00f3 del que tenim, nom\u00e9s la plantilla tindr\u00e0 la darrera paraula en una assemblea general.<\/span><\/p>\n<p>&nbsp;<\/p>\n<p><span style=\"font-family: 'arial black', sans-serif;color: #0000ff;font-size: 14pt\"><strong>SESSIONS INFORMATIVES<\/strong><\/span><\/p>\n<p><span style=\"font-family: arial, helvetica, sans-serif;color: #000000\">Des de CCOO, creiem important socialitzar all\u00f2 que s\u2019est\u00e0 negociant relatiu a aquests temes. Entenem que \u00e9s important poder explicar qu\u00e8 s\u2019est\u00e0 negociant, en quins condicionaments, i pogu\u00e9 aclarir dubtes concrets.<\/span><\/p>\n<p><span style=\"font-family: arial, helvetica, sans-serif;color: #000000\">Amb aquest objectiu, durant el mes de juliol, des de CCOO proposem sessions informatives a les quals esteu convidades totes les persones que ho desitgeu.<\/span><\/p>\n<p><span style=\"font-family: arial, helvetica, sans-serif;color: #000000\">La idea \u00e9s que en reunions amb un format redu\u00eft podem establir un espai on explicar amb detall les propostes que s\u2019estan treballant.<\/span><\/p>\n<p><span style=\"font-family: arial, helvetica, sans-serif;color: #0000ff\"><strong>Sessions al carrer Mallorca, 244, 2-3 (Local sindical de CCOO):<\/strong><\/span><\/p>\n<ul>\n<li><span style=\"font-family: arial, helvetica, sans-serif;color: #000000\">Dimecres 4 de juliol<\/span>\n<ul>\n<li><span style=\"font-family: arial, helvetica, sans-serif;color: #000000\">13 hores<\/span><\/li>\n<\/ul>\n<\/li>\n<\/ul>\n<ul>\n<li><span style=\"font-family: arial, helvetica, sans-serif;color: #000000\">Dijous 5 de juliol<\/span>\n<ul>\n<li><span style=\"font-family: arial, helvetica, sans-serif;color: #000000\">16 hores<\/span><\/li>\n<\/ul>\n<\/li>\n<\/ul>\n<ul>\n<li><span style=\"font-family: arial, helvetica, sans-serif;color: #000000\">Dijous 12 de juliol<\/span>\n<ul>\n<li><span style=\"font-family: arial, helvetica, sans-serif;color: #000000\">16 hores<\/span><\/li>\n<\/ul>\n<\/li>\n<\/ul>\n<ul>\n<li><span style=\"font-family: arial, helvetica, sans-serif;color: #000000\">Divendres 20 de juliol<\/span>\n<ul>\n<li><span style=\"font-family: arial, helvetica, sans-serif;color: #000000\">16 hores<\/span><\/li>\n<\/ul>\n<\/li>\n<\/ul>\n<p><span style=\"font-family: arial, helvetica, sans-serif;color: #000000\">Per a poder assistir-hi, heu d\u2019enviar-nos un missatge a <a style=\"color: #000000\" href=\"mailto:ccoo@diba.cat\">ccoo@diba.cat<\/a> indicant-nos a quina de les sessions voleu assistir.<\/span><\/p>\n<p><span style=\"font-family: arial, helvetica, sans-serif;color: #0000ff\"><strong>Sessions als centres de treball:<\/strong><\/span><\/p>\n<p><span style=\"font-family: arial, helvetica, sans-serif\">Si no podeu despla\u00e7ar-vos al local sindical, tamb\u00e9 tenim previst despla\u00e7ar-nos als centres de treball d\u2019acord amb les peticions que es rebin. En aquest sentit, feu-nos arribar les vostres dades i disponibilitat. <\/span><\/p>\n<p><span style=\"font-family: arial, helvetica, sans-serif\">D\u2019acord amb les peticions rebudes, us proposarem un lloc i dia. Nom\u00e9s avan\u00e7ar-vos que tenim ja en agenda dues per a l&#8217;Escola Industrial i tres m\u00e9s al Recinte de Mundet.<\/span><\/p>\n<p><img loading=\"lazy\" decoding=\"async\" class=\"wp-image-2412 aligncenter\" src=\"http:\/\/ccoo.app\/diputacio-de-barcelona\/wp-content\/blogs.dir\/6\/files\/sites\/186\/2018\/06\/concentracio-28-6-2018-300x200.jpg\" alt=\"\" width=\"516\" height=\"344\" srcset=\"https:\/\/ccoo.app\/diputacio-de-barcelona\/wp-content\/blogs.dir\/6\/files\/sites\/186\/2018\/06\/concentracio-28-6-2018-300x200.jpg 300w, https:\/\/ccoo.app\/diputacio-de-barcelona\/wp-content\/blogs.dir\/6\/files\/sites\/186\/2018\/06\/concentracio-28-6-2018-1024x683.jpg 1024w, https:\/\/ccoo.app\/diputacio-de-barcelona\/wp-content\/blogs.dir\/6\/files\/sites\/186\/2018\/06\/concentracio-28-6-2018-768x512.jpg 768w, https:\/\/ccoo.app\/diputacio-de-barcelona\/wp-content\/blogs.dir\/6\/files\/sites\/186\/2018\/06\/concentracio-28-6-2018.jpg 1200w\" sizes=\"auto, (max-width: 516px) 100vw, 516px\" \/><\/p>\n<p>&nbsp;<\/p>\n<p>&nbsp;<\/p>\n<p><span style=\"font-family: 'arial black', sans-serif;font-size: 14pt;color: #0000ff\">TEMA PREMIS. SUPORT JUR\u00cdDIC DE CCOO AL PERSONAL DIBA:<\/span><\/p>\n<p>&nbsp;<\/p>\n<ul>\n<li><span style=\"font-family: arial, helvetica, sans-serif;color: #000000\"><span style=\"color: #ff0000;font-family: 'arial black', sans-serif\"><strong>En quina situaci\u00f3 et trobes?<\/strong><\/span> En el seg\u00fcent enlla\u00e7 podr\u00e0s saber qu\u00e8 haur\u00e0s de fer d\u2019acord amb la teva situaci\u00f3 concreta.<\/span><\/li>\n<\/ul>\n<p><a href=\"https:\/\/diba.ccoo.cat\/impagaments-premis-per-anys-de-servei-questions-importants\/\"><img loading=\"lazy\" decoding=\"async\" class=\"wp-image-2389 alignleft\" src=\"http:\/\/ccoo.app\/diputacio-de-barcelona\/wp-content\/blogs.dir\/6\/files\/sites\/186\/2018\/06\/sds-300x50.png\" alt=\"\" width=\"360\" height=\"60\" srcset=\"https:\/\/ccoo.app\/diputacio-de-barcelona\/wp-content\/blogs.dir\/6\/files\/sites\/186\/2018\/06\/sds-300x50.png 300w, https:\/\/ccoo.app\/diputacio-de-barcelona\/wp-content\/blogs.dir\/6\/files\/sites\/186\/2018\/06\/sds.png 434w\" sizes=\"auto, (max-width: 360px) 100vw, 360px\" \/><\/a><\/p>\n<p>&nbsp;<\/p>\n<p>&nbsp;<\/p>\n<p>&nbsp;<\/p>\n<ul>\n<li><span style=\"font-family: 'arial black', sans-serif;color: #ff0000\">Si ja has presentat el recurs de reposici\u00f3, quin \u00e9s el seg\u00fcent pas?<\/span><\/li>\n<\/ul>\n<p><a href=\"https:\/\/diba.ccoo.cat\/wp-content\/uploads\/sites\/37\/2018\/06\/INFO-Si-vas-presentar-el-recurs-de-reposici%C3%B3.pdf\"><img loading=\"lazy\" decoding=\"async\" class=\"wp-image-2390 alignleft\" src=\"http:\/\/ccoo.app\/diputacio-de-barcelona\/wp-content\/blogs.dir\/6\/files\/sites\/186\/2018\/06\/dsd-300x31.png\" alt=\"\" width=\"416\" height=\"43\" srcset=\"https:\/\/ccoo.app\/diputacio-de-barcelona\/wp-content\/blogs.dir\/6\/files\/sites\/186\/2018\/06\/dsd-300x31.png 300w, https:\/\/ccoo.app\/diputacio-de-barcelona\/wp-content\/blogs.dir\/6\/files\/sites\/186\/2018\/06\/dsd.png 531w\" sizes=\"auto, (max-width: 416px) 100vw, 416px\" \/><\/a><\/p>\n<p>&nbsp;<\/p>\n<p>&nbsp;<\/p>\n<p><a href=\"http:\/\/ccoo.app\/diputacio-de-barcelona\/wp-content\/blogs.dir\/6\/files\/sites\/186\/2018\/04\/tot-el-que-has-de-saber-de-la-sindicatura.pdf\"><img loading=\"lazy\" decoding=\"async\" class=\"alignnone wp-image-2117 aligncenter\" src=\"http:\/\/ccoo.app\/diputacio-de-barcelona\/wp-content\/blogs.dir\/6\/files\/sites\/186\/2018\/04\/2222-300x42.png\" alt=\"\" width=\"557\" height=\"78\" srcset=\"https:\/\/ccoo.app\/diputacio-de-barcelona\/wp-content\/blogs.dir\/6\/files\/sites\/186\/2018\/04\/2222-300x42.png 300w, https:\/\/ccoo.app\/diputacio-de-barcelona\/wp-content\/blogs.dir\/6\/files\/sites\/186\/2018\/04\/2222.png 629w\" sizes=\"auto, (max-width: 557px) 100vw, 557px\" \/><\/a><\/p>\n<p><a href=\"https:\/\/diba.ccoo.cat\/wp-content\/uploads\/sites\/37\/2018\/05\/Q%C3%9CESTIONS-IMPORTANTS.-PREMIS-PER-ANYS-DE-SERVEI-pdf.pdf\"><img loading=\"lazy\" decoding=\"async\" class=\"wp-image-2297 aligncenter\" src=\"http:\/\/ccoo.app\/diputacio-de-barcelona\/wp-content\/blogs.dir\/6\/files\/sites\/186\/2018\/05\/bbbbbb-300x96.png\" alt=\"\" width=\"256\" height=\"82\" srcset=\"https:\/\/ccoo.app\/diputacio-de-barcelona\/wp-content\/blogs.dir\/6\/files\/sites\/186\/2018\/05\/bbbbbb-300x96.png 300w, https:\/\/ccoo.app\/diputacio-de-barcelona\/wp-content\/blogs.dir\/6\/files\/sites\/186\/2018\/05\/bbbbbb.png 417w\" sizes=\"auto, (max-width: 256px) 100vw, 256px\" \/><\/a><\/p>\n<p>&nbsp;<\/p>\n<p><span style=\"font-family: arial, helvetica, sans-serif;color: #000000\"><strong>Horari d\u2019atenci\u00f3 CCOO DIBA:<\/strong><\/span><\/p>\n<p><span style=\"font-family: arial, helvetica, sans-serif;color: #000000\"><strong>CARRER MALLORCA, 244, 2on 3a<\/strong><\/span><\/p>\n<p><span style=\"font-family: arial, helvetica, sans-serif;color: #000000\"><strong>DE DILLUNS A DIVENDRES DE 8:30 A 16:30\u00a0\u00a0 <\/strong><span style=\"font-size: 10pt\"><strong>(FORA D\u2019AQUEST HORARI AMB CITA PR\u00c8VIA)<\/strong><\/span><\/span><\/p>\n<p style=\"text-align: center\"><span style=\"font-size: 18pt\"><span style=\"font-family: arial, helvetica, sans-serif;color: #000000\"><strong>\u00a0<\/strong><\/span><span style=\"font-family: arial, helvetica, sans-serif\"><strong><small><span style=\"color: #000000\">Contacta&#8217;ns per tel\u00e8fon 934 022 985 o correu:<\/span> <a href=\"mailto:ccoo@diba.cat\">ccoo@diba.cat<\/a><\/small> <\/strong><\/span><\/span><\/p>\n<p><strong>\u00a0<\/strong><\/p>\n<p><a href=\"https:\/\/twitter.com\/CCOODiba\"><img loading=\"lazy\" decoding=\"async\" class=\"alignleft\" src=\"http:\/\/www.mysocialaccounts.com\/wp-content\/uploads\/2017\/04\/twitter.jpg\" alt=\"Resultado de imagen de twitter\" width=\"44\" height=\"44\" \/><\/a>\u00a0 \u00a0\u00a0<a href=\"http:\/\/diba.ccoo.cat\/\"><img loading=\"lazy\" decoding=\"async\" class=\"\" src=\"https:\/\/encrypted-tbn0.gstatic.com\/images?q=tbn:ANd9GcS98Z75qmWgKpehEkfwdWrInKdK65A-jf2SgkGvuU4oy_fPYt9q\" alt=\"Imagen relacionada\" width=\"52\" height=\"53\" \/><\/a><a href=\"https:\/\/www.facebook.com\/CcooDiputacioDeBarcelona\/\"><img loading=\"lazy\" decoding=\"async\" class=\"alignleft\" src=\"https:\/\/upload.wikimedia.org\/wikipedia\/commons\/thumb\/7\/7c\/Facebook_New_Logo_%282015%29.svg\/2000px-Facebook_New_Logo_%282015%29.svg.png\" alt=\"Resultado de imagen de facebook\" width=\"122\" height=\"46\" \/><\/a><a href=\"https:\/\/www.youtube.com\/channel\/UCFzenkS75udEcs4pB4qoZsg\"><img loading=\"lazy\" decoding=\"async\" class=\"alignleft\" src=\"https:\/\/i.kinja-img.com\/gawker-media\/image\/upload\/s--heVex4FV--\/c_scale,fl_progressive,q_80,w_800\/pol5zfmalpqmpt1jcnbp.png\" alt=\"Resultado de imagen de youtube\" width=\"117\" height=\"50\" \/><\/a><img loading=\"lazy\" decoding=\"async\" class=\"alignleft\" src=\"https:\/\/www.educapeques.com\/wp-content\/uploads\/2016\/04\/descargar-whatsapp.png\" alt=\"Resultado de imagen de whatsapp\" width=\"64\" height=\"50\" \/><\/p>\n<p><img loading=\"lazy\" decoding=\"async\" class=\"wp-image-262 alignleft\" src=\"http:\/\/ccoo.app\/diputacio-de-barcelona\/wp-content\/blogs.dir\/6\/files\/sites\/186\/2016\/04\/afiliat_ccoo_cat.gif\" alt=\"Tota la informaci\u00f3 de com afiliar-se a CCOO Catalunya i forlmulari d'alta o baxia.\" width=\"90\" height=\"80\" \/><\/p>\n<p>&nbsp;<\/p>\n<p>&nbsp;<\/p>\n<p>&nbsp;<\/p>\n<p>&nbsp;<\/p>\n<p>&nbsp;    \t<\/p>\n","protected":false},"excerpt":{"rendered":"<p>\u00a0 \u00a0 29.06.2018\u00a0 NOTA INFORMATIVA: MOBILITZACI\u00d3, NEGOCIACI\u00d3 I SESSIONS INFORMATIVES. &nbsp; Volem agrair a tots i totes les companyes de la diba l\u2019esfor\u00e7, implicaci\u00f3 i suport massiu demostrat a la &#8230; <\/p>\n<p class=\"read-more-container\"><a title=\"MOBILITZACI\u00d3, NEGOCIACI\u00d3 I SESSIONS INFORMATIVES\" class=\"read-more button\" href=\"https:\/\/ccoo.app\/diputacio-de-barcelona\/mobilitzacio-negociacio-i-sessions-informatives\/#more-2408\" aria-label=\"Leer m\u00e1s sobre MOBILITZACI\u00d3, NEGOCIACI\u00d3 I SESSIONS INFORMATIVES\">Continuar llegint<\/a><\/p>\n","protected":false},"author":4519,"featured_media":2412,"comment_status":"open","ping_status":"open","sticky":false,"template":"","format":"standard","meta":{"footnotes":""},"categories":[19,26,27,32],"tags":[105,148,201],"class_list":["post-2408","post","type-post","status-publish","format-standard","has-post-thumbnail","hentry","category-comunicats","category-mgn","category-millores-socials","category-premis","tag-els-nostres-drets-no-es-suspenen-es-defensen","tag-mesa-general-negociacio","tag-edificis-diputacio-de-barcelona-escola-de-la-dona-espai-f-bonnemaison-industrial-urgell-londres-can-serra-mundet-parcs-naturals-recinte-recintes-maternitat","generate-columns","tablet-grid-50","mobile-grid-100","grid-parent","grid-50"],"_links":{"self":[{"href":"https:\/\/ccoo.app\/diputacio-de-barcelona\/wp-json\/wp\/v2\/posts\/2408","targetHints":{"allow":["GET"]}}],"collection":[{"href":"https:\/\/ccoo.app\/diputacio-de-barcelona\/wp-json\/wp\/v2\/posts"}],"about":[{"href":"https:\/\/ccoo.app\/diputacio-de-barcelona\/wp-json\/wp\/v2\/types\/post"}],"author":[{"embeddable":true,"href":"https:\/\/ccoo.app\/diputacio-de-barcelona\/wp-json\/wp\/v2\/users\/4519"}],"replies":[{"embeddable":true,"href":"https:\/\/ccoo.app\/diputacio-de-barcelona\/wp-json\/wp\/v2\/comments?post=2408"}],"version-history":[{"count":1,"href":"https:\/\/ccoo.app\/diputacio-de-barcelona\/wp-json\/wp\/v2\/posts\/2408\/revisions"}],"predecessor-version":[{"id":52156,"href":"https:\/\/ccoo.app\/diputacio-de-barcelona\/wp-json\/wp\/v2\/posts\/2408\/revisions\/52156"}],"wp:featuredmedia":[{"embeddable":true,"href":"https:\/\/ccoo.app\/diputacio-de-barcelona\/wp-json\/wp\/v2\/media\/2412"}],"wp:attachment":[{"href":"https:\/\/ccoo.app\/diputacio-de-barcelona\/wp-json\/wp\/v2\/media?parent=2408"}],"wp:term":[{"taxonomy":"category","embeddable":true,"href":"https:\/\/ccoo.app\/diputacio-de-barcelona\/wp-json\/wp\/v2\/categories?post=2408"},{"taxonomy":"post_tag","embeddable":true,"href":"https:\/\/ccoo.app\/diputacio-de-barcelona\/wp-json\/wp\/v2\/tags?post=2408"}],"curies":[{"name":"wp","href":"https:\/\/api.w.org\/{rel}","templated":true}]}}