{"id":2369,"date":"2018-06-18T15:58:19","date_gmt":"2018-06-18T14:58:19","guid":{"rendered":"https:\/\/diba.ccoo.cat\/?p=2369"},"modified":"2023-02-22T19:10:36","modified_gmt":"2023-02-22T18:10:36","slug":"nota-informativa-mesa-general-de-negociacio-del-11-de-juny-de-2018","status":"publish","type":"post","link":"https:\/\/ccoo.app\/diputacio-de-barcelona\/nota-informativa-mesa-general-de-negociacio-del-11-de-juny-de-2018\/","title":{"rendered":"INFO MESA GENERAL DE NEGOCIACI\u00d3 DEL 11 DE JUNY DE 2018"},"content":{"rendered":"<p class=\"wp-caption-text\"><img loading=\"lazy\" decoding=\"async\" class=\"alignnone wp-image-1853\" src=\"http:\/\/ccoo.app\/diputacio-de-barcelona\/wp-content\/blogs.dir\/6\/files\/sites\/186\/2018\/01\/logoccoov18.jpg\" alt=\"\" width=\"137\" height=\"63\" \/>\u00a0 \u00a0<a href=\"http:\/\/ccoo.app\/diputacio-de-barcelona\/wp-content\/blogs.dir\/6\/files\/sites\/186\/2018\/06\/info-mgnmc-11-juny-2018.pdf\"><img loading=\"lazy\" decoding=\"async\" class=\" wp-image-2113 alignnone\" src=\"http:\/\/ccoo.app\/diputacio-de-barcelona\/wp-content\/blogs.dir\/6\/files\/sites\/186\/2018\/04\/22-300x172.png\" alt=\"\" width=\"170\" height=\"98\" srcset=\"https:\/\/ccoo.app\/diputacio-de-barcelona\/wp-content\/blogs.dir\/6\/files\/sites\/186\/2018\/04\/22-300x172.png 300w, https:\/\/ccoo.app\/diputacio-de-barcelona\/wp-content\/blogs.dir\/6\/files\/sites\/186\/2018\/04\/22.png 327w\" sizes=\"auto, (max-width: 170px) 100vw, 170px\" \/><\/a><\/p>\n<p class=\"wp-caption-text\"><span style=\"font-family: 'arial black', sans-serif;font-size: 12pt;color: #000000\">13.06.2018\u00a0<\/span><\/p>\n<p><span style=\"text-decoration: underline;font-size: 18pt\"><span style=\"font-family: 'arial black', sans-serif;color: #ff0000;text-decoration: underline\"><strong>NOTA INFORMATIVA MESA GENERAL DE NEGOCIACI\u00d3 DEL 11 DE JUNY DE 2018<\/strong><\/span><\/span><\/p>\n<p>&nbsp;<\/p>\n<p><span style=\"font-family: 'arial black', sans-serif;font-size: 14pt;color: #ff0000\"><strong>PREMIS PER ANYS DE SERVEI<\/strong><\/span><\/p>\n<p><span style=\"font-family: arial, helvetica, sans-serif;color: #000000\">La reuni\u00f3 de la Mesa General de Negociaci\u00f3 del dia 11 de juny ens ha situat de nou en un <strong>escenari incert pel que fa a la resoluci\u00f3 del conflicte<\/strong> arran l\u2019INFORME DE LA SINDICATURA DE COMPTES.<\/span><\/p>\n<p><span style=\"font-family: arial, helvetica, sans-serif;color: #000000\">Concretament, respecte al tema PREMIS PER ANYS DE SERVEI (Article 30 del nostre vigent Acord Marc), la condici\u00f3 <em>sine qua non<\/em> que CCOO vam posar des del principi a la negociaci\u00f3 de la <em>\u201cMillora Social per edat\u201d<\/em> va ser: <strong>que el nou articulat no supos\u00e9s <u>la suspensi\u00f3 de <\/u><\/strong><strong><u>l\u2019article 30<\/u><\/strong><strong> del nostre actual acord.<\/strong><\/span><\/p>\n<p><span style=\"font-family: arial, helvetica, sans-serif;color: #000000\">En aquest moment, tenim seriosos dubtes respecte a si la Diputaci\u00f3 est\u00e0 disposada a acceptar aquesta condici\u00f3 imprescindible.<\/span><\/p>\n<p><span style=\"font-family: arial, helvetica, sans-serif;color: #000000\">Davant aquest escenari, no tenim m\u00e9s remei que tornar a fixar-nos en les nostres primeres propostes: que la partida pressupost\u00e0ria ara encabida a MILLORES SOCIALS passi a la de PRODUCTIVITAT. Aix\u00f2 ens permetria trobar una soluci\u00f3 definitiva semblant a la que acaba d\u2019aprovar el Ple de l\u2019Ajuntament de Sitges i que podeu veure a continuaci\u00f3:\u00a0<\/span><\/p>\n<p><img loading=\"lazy\" decoding=\"async\" class=\"wp-image-2370 aligncenter\" src=\"http:\/\/ccoo.app\/diputacio-de-barcelona\/wp-content\/blogs.dir\/6\/files\/sites\/186\/2018\/06\/bbb-300x127.png\" alt=\"\" width=\"519\" height=\"220\" srcset=\"https:\/\/ccoo.app\/diputacio-de-barcelona\/wp-content\/blogs.dir\/6\/files\/sites\/186\/2018\/06\/bbb-300x127.png 300w, https:\/\/ccoo.app\/diputacio-de-barcelona\/wp-content\/blogs.dir\/6\/files\/sites\/186\/2018\/06\/bbb.png 635w\" sizes=\"auto, (max-width: 519px) 100vw, 519px\" \/><\/p>\n<p>&nbsp;<\/p>\n<p><span style=\"font-family: arial, helvetica, sans-serif;color: #000000\">Com ja us hem dit en anteriors comunicats, la corporaci\u00f3 afirma que traspassar la quantia econ\u00f2mica on actualment estan els premis (Partida 16204 de Millores Socials) a la Productivitat suposaria incomplir en aquesta partida pressupost\u00e0ria els l\u00edmits d\u2019augments marcats per llei. Sostenen que aquests l\u00edmits s\u00f3n per partides i no globals.<\/span><\/p>\n<p><img loading=\"lazy\" decoding=\"async\" class=\"wp-image-2371 aligncenter\" src=\"http:\/\/ccoo.app\/diputacio-de-barcelona\/wp-content\/blogs.dir\/6\/files\/sites\/186\/2018\/06\/pop-300x48.png\" alt=\"\" width=\"563\" height=\"90\" srcset=\"https:\/\/ccoo.app\/diputacio-de-barcelona\/wp-content\/blogs.dir\/6\/files\/sites\/186\/2018\/06\/pop-300x48.png 300w, https:\/\/ccoo.app\/diputacio-de-barcelona\/wp-content\/blogs.dir\/6\/files\/sites\/186\/2018\/06\/pop.png 650w\" sizes=\"auto, (max-width: 563px) 100vw, 563px\" \/><\/p>\n<p>&nbsp;<\/p>\n<p><span style=\"font-family: arial, helvetica, sans-serif;color: #000000\">La Llei de Pressupostos imposa uns l\u00edmits respecte a augments en mat\u00e8ria de personal. Aix\u00f2 tothom ho t\u00e9 clar.<\/span><\/p>\n<p><span style=\"font-family: arial, helvetica, sans-serif;color: #000000\">Ara b\u00e9, el que des de CCOO afirmem \u00e9s que aix\u00f2 s\u2019ha d\u2019entendre amb car\u00e0cter global respecte al Cap\u00edtol 1 de despeses personal. Passar 1.160.850 \u20ac a la partida de PRODUCTIVITAT suposa traspassar diners d\u2019un costat a un altre dins del cap\u00edtol 1 sense que aix\u00f2 suposi CAP AUGMENT del cap\u00edtol 1 de despeses de personal.<\/span><\/p>\n<p><span style=\"font-family: arial, helvetica, sans-serif;color: #000000\">Com que ja hem dit reiteradament que no compartim l\u2019actual interpretaci\u00f3 que fa la Diputaci\u00f3 al respecte, (fins al moment no ens han enviat per escrit la seva argumentaci\u00f3), <strong>CCOO hem demanat una reuni\u00f3 urgent amb el diputat de l\u2019\u00c0rea de RH i el Sr. Abella, Interventor de la Diputaci\u00f3 de Barcelona.<\/strong><\/span><\/p>\n<p><span style=\"font-family: arial, helvetica, sans-serif;color: #000000\">Exigim que ens expliqui el perqu\u00e8 de la seva interpretaci\u00f3 respecte als l\u00edmits d\u2019augments de la despesa de personal a m\u00e9s tenint en compte que tenim coneixement que fins i tot el <em>MINISTERIO DE HACIENDA<\/em>\u00a0 no comparteix aquesta l\u00ednia interpretativa.<\/span><\/p>\n<p>&nbsp;<\/p>\n<p><span style=\"font-family: 'arial black', sans-serif;color: #ff0000;font-size: 14pt\"><strong>CARRERA PROFESSIONAL 2018<\/strong><\/span><\/p>\n<p><span style=\"font-family: arial, helvetica, sans-serif;color: #000000\">Fixeu-vos que l\u2019actual interpretaci\u00f3 de la Diputaci\u00f3 que us hem descrit anteriorment condiciona la negociaci\u00f3 no nom\u00e9s en els PREMIS sin\u00f3 a la nostra futura CARRERA PROFESSIONAL.<\/span><\/p>\n<p><span style=\"font-family: arial, helvetica, sans-serif;color: #000000\">En aquest cas tamb\u00e9, el pressupost de 6 milions \u20ac que va ser aprovat pel 2018 queda limitat a que no augmenti m\u00e9s d\u2019un 1,75% respecte al 2017.<\/span><\/p>\n<p><img loading=\"lazy\" decoding=\"async\" class=\"wp-image-2372 aligncenter\" src=\"http:\/\/ccoo.app\/diputacio-de-barcelona\/wp-content\/blogs.dir\/6\/files\/sites\/186\/2018\/06\/lol-300x63.png\" alt=\"\" width=\"533\" height=\"112\" srcset=\"https:\/\/ccoo.app\/diputacio-de-barcelona\/wp-content\/blogs.dir\/6\/files\/sites\/186\/2018\/06\/lol-300x63.png 300w, https:\/\/ccoo.app\/diputacio-de-barcelona\/wp-content\/blogs.dir\/6\/files\/sites\/186\/2018\/06\/lol.png 649w\" sizes=\"auto, (max-width: 533px) 100vw, 533px\" \/><\/p>\n<p><span style=\"font-family: arial, helvetica, sans-serif;color: #000000\">Per tant, en breu comen\u00e7arem la negociaci\u00f3 de la carrera sense que puguem disposar del total pressupostat pel 2018. En haurem de limitar a 1.565.700 + 1,75% d\u2019augment. (Interpretaci\u00f3 que no es va tenir en compte entre 2016 i 2017 com podeu veure al requadre).<\/span><\/p>\n<p><span style=\"font-family: arial, helvetica, sans-serif;color: #000000\">De nou, la negociaci\u00f3 col\u00b7lectiva limitada i subjecta a interpretacions alienes a les parts que seiem a la Mesa General de Negociaci\u00f3. Inacceptable! Aix\u00f2 tamb\u00e9 \u00e9s el que li volem fer saber al m\u00e0xim responsable en mat\u00e8ria de personal de la Diputaci\u00f3.<\/span><\/p>\n<p>&nbsp;<\/p>\n<p><span style=\"font-family: 'arial black', sans-serif;color: #ff0000;font-size: 14pt\"><strong>MOBILITZACIONS 28 DE JUNY\u00a0<\/strong><\/span><\/p>\n<p><span style=\"font-family: arial, helvetica, sans-serif;color: #000000\">\u00c9s obvi que en aquest moment no es donen les condicions per abandonar all\u00f2 que a les assemblees generals vam decidir: <strong>mantenir <\/strong><strong>la pressi\u00f3 i mobilitzaci\u00f3 <\/strong><strong>fins<\/strong><strong> aconseguir <\/strong><strong>els<\/strong><strong> objectius <\/strong><strong>que <\/strong><strong>ens hem<\/strong> <strong>marcat.<\/strong><\/span><\/p>\n<p><span style=\"font-family: arial, helvetica, sans-serif;color: #000000\">Sense descartar altres accions, ja ens marquem per tant el pr\u00f2xim Ple corporatiu del dia 28 de juny per tornar a mobilitzar-nos. Reserveu-vos-el ja a l\u2019agenda!<\/span><\/p>\n<p><span style=\"font-family: arial, helvetica, sans-serif;color: #000000\">Us seguirem informant.<\/span><\/p>\n<p>&nbsp;<\/p>\n<p><a href=\"https:\/\/transparencia.diba.cat\/acords-de-la-mesa-general-de-negociacio-2015-2019\"><img loading=\"lazy\" decoding=\"async\" class=\"wp-image-2361 aligncenter\" src=\"http:\/\/ccoo.app\/diputacio-de-barcelona\/wp-content\/blogs.dir\/6\/files\/sites\/186\/2018\/06\/sss-300x64.png\" alt=\"\" width=\"445\" height=\"95\" srcset=\"https:\/\/ccoo.app\/diputacio-de-barcelona\/wp-content\/blogs.dir\/6\/files\/sites\/186\/2018\/06\/sss-300x64.png 300w, https:\/\/ccoo.app\/diputacio-de-barcelona\/wp-content\/blogs.dir\/6\/files\/sites\/186\/2018\/06\/sss.png 584w\" sizes=\"auto, (max-width: 445px) 100vw, 445px\" \/><\/a><\/p>\n<p>&nbsp;<\/p>\n<p><a href=\"http:\/\/ccoo.app\/diputacio-de-barcelona\/wp-content\/blogs.dir\/6\/files\/sites\/186\/2018\/04\/tot-el-que-has-de-saber-de-la-sindicatura.pdf\"><img loading=\"lazy\" decoding=\"async\" class=\"alignnone wp-image-2117\" src=\"http:\/\/ccoo.app\/diputacio-de-barcelona\/wp-content\/blogs.dir\/6\/files\/sites\/186\/2018\/04\/2222-300x42.png\" alt=\"\" width=\"557\" height=\"78\" srcset=\"https:\/\/ccoo.app\/diputacio-de-barcelona\/wp-content\/blogs.dir\/6\/files\/sites\/186\/2018\/04\/2222-300x42.png 300w, https:\/\/ccoo.app\/diputacio-de-barcelona\/wp-content\/blogs.dir\/6\/files\/sites\/186\/2018\/04\/2222.png 629w\" sizes=\"auto, (max-width: 557px) 100vw, 557px\" \/><\/a><\/p>\n<p><a href=\"https:\/\/diba.ccoo.cat\/wp-content\/uploads\/sites\/37\/2018\/05\/Q%C3%9CESTIONS-IMPORTANTS.-PREMIS-PER-ANYS-DE-SERVEI-pdf.pdf\"><img loading=\"lazy\" decoding=\"async\" class=\"alignnone wp-image-2297\" src=\"http:\/\/ccoo.app\/diputacio-de-barcelona\/wp-content\/blogs.dir\/6\/files\/sites\/186\/2018\/05\/bbbbbb-300x96.png\" alt=\"\" width=\"256\" height=\"82\" srcset=\"https:\/\/ccoo.app\/diputacio-de-barcelona\/wp-content\/blogs.dir\/6\/files\/sites\/186\/2018\/05\/bbbbbb-300x96.png 300w, https:\/\/ccoo.app\/diputacio-de-barcelona\/wp-content\/blogs.dir\/6\/files\/sites\/186\/2018\/05\/bbbbbb.png 417w\" sizes=\"auto, (max-width: 256px) 100vw, 256px\" \/><\/a><\/p>\n<p>&nbsp;<\/p>\n<p><span style=\"font-family: arial, helvetica, sans-serif;color: #000000\"><strong>Horari d\u2019atenci\u00f3 CCOO DIBA:<\/strong><\/span><\/p>\n<p><span style=\"font-family: arial, helvetica, sans-serif;color: #000000\"><strong>CARRER MALLORCA, 244, 2on 3a<\/strong><\/span><\/p>\n<p><span style=\"font-family: arial, helvetica, sans-serif;color: #000000\"><strong>DE DILLUNS A DIVENDRES DE 8:30 A 16:30\u00a0\u00a0 <\/strong><span style=\"font-size: 10pt\"><strong>(FORA D\u2019AQUEST HORARI AMB CITA PR\u00c8VIA)<\/strong><\/span><\/span><\/p>\n<p style=\"text-align: center\"><span style=\"font-size: 18pt\"><span style=\"font-family: arial, helvetica, sans-serif;color: #000000\"><strong>\u00a0<\/strong><\/span><span style=\"font-family: arial, helvetica, sans-serif\"><strong><small><span style=\"color: #000000\">Contacta&#8217;ns per tel\u00e8fon 934 022 985 o correu:<\/span> <a href=\"mailto:ccoo@diba.cat\">ccoo@diba.cat<\/a><\/small> <\/strong><\/span><\/span><\/p>\n<p><strong>\u00a0<\/strong><\/p>\n<p><a href=\"https:\/\/twitter.com\/CCOODiba\"><img loading=\"lazy\" decoding=\"async\" class=\"alignleft\" src=\"http:\/\/www.mysocialaccounts.com\/wp-content\/uploads\/2017\/04\/twitter.jpg\" alt=\"Resultado de imagen de twitter\" width=\"44\" height=\"44\" \/><\/a>\u00a0 \u00a0\u00a0<a href=\"http:\/\/diba.ccoo.cat\/\"><img loading=\"lazy\" decoding=\"async\" class=\"\" src=\"https:\/\/encrypted-tbn0.gstatic.com\/images?q=tbn:ANd9GcS98Z75qmWgKpehEkfwdWrInKdK65A-jf2SgkGvuU4oy_fPYt9q\" alt=\"Imagen relacionada\" width=\"52\" height=\"53\" \/><\/a><a href=\"https:\/\/www.facebook.com\/CcooDiputacioDeBarcelona\/\"><img loading=\"lazy\" decoding=\"async\" class=\"alignleft\" src=\"https:\/\/upload.wikimedia.org\/wikipedia\/commons\/thumb\/7\/7c\/Facebook_New_Logo_%282015%29.svg\/2000px-Facebook_New_Logo_%282015%29.svg.png\" alt=\"Resultado de imagen de facebook\" width=\"122\" height=\"46\" \/><\/a><a href=\"https:\/\/www.youtube.com\/channel\/UCFzenkS75udEcs4pB4qoZsg\"><img loading=\"lazy\" decoding=\"async\" class=\"alignleft\" src=\"https:\/\/i.kinja-img.com\/gawker-media\/image\/upload\/s--heVex4FV--\/c_scale,fl_progressive,q_80,w_800\/pol5zfmalpqmpt1jcnbp.png\" alt=\"Resultado de imagen de youtube\" width=\"117\" height=\"50\" \/><\/a><img loading=\"lazy\" decoding=\"async\" class=\"alignleft\" src=\"https:\/\/www.educapeques.com\/wp-content\/uploads\/2016\/04\/descargar-whatsapp.png\" alt=\"Resultado de imagen de whatsapp\" width=\"64\" height=\"50\" \/><\/p>\n<p>&nbsp;<\/p>\n<p>&nbsp;<\/p>\n<p>&nbsp;<\/p>\n<p>&nbsp;<\/p>\n<p>&nbsp;<\/p>\n<p>&nbsp;<\/p>\n<p>&nbsp;<\/p>\n<p>&nbsp;<\/p>\n<p><img loading=\"lazy\" decoding=\"async\" class=\"wp-image-262 alignright\" src=\"http:\/\/ccoo.app\/diputacio-de-barcelona\/wp-content\/blogs.dir\/6\/files\/sites\/186\/2016\/04\/afiliat_ccoo_cat.gif\" alt=\"Tota la informaci\u00f3 de com afiliar-se a CCOO Catalunya i forlmulari d'alta o baxia.\" width=\"90\" height=\"80\" \/><\/p>\n<p>&nbsp;<\/p>\n<p>&nbsp;<\/p>\n<p>&nbsp;<\/p>\n<p>&nbsp;<\/p>\n<p>&nbsp;    \t<\/p>\n","protected":false},"excerpt":{"rendered":"<p>\u00a0 \u00a0 13.06.2018\u00a0 NOTA INFORMATIVA MESA GENERAL DE NEGOCIACI\u00d3 DEL 11 DE JUNY DE 2018 &nbsp; PREMIS PER ANYS DE SERVEI La reuni\u00f3 de la Mesa General de Negociaci\u00f3 del &#8230; <\/p>\n<p class=\"read-more-container\"><a title=\"INFO MESA GENERAL DE NEGOCIACI\u00d3 DEL 11 DE JUNY DE 2018\" class=\"read-more button\" href=\"https:\/\/ccoo.app\/diputacio-de-barcelona\/nota-informativa-mesa-general-de-negociacio-del-11-de-juny-de-2018\/#more-2369\" aria-label=\"Leer m\u00e1s sobre INFO MESA GENERAL DE NEGOCIACI\u00d3 DEL 11 DE JUNY DE 2018\">Continuar llegint<\/a><\/p>\n","protected":false},"author":4519,"featured_media":2375,"comment_status":"open","ping_status":"open","sticky":false,"template":"","format":"standard","meta":{"footnotes":""},"categories":[19,26,27,32],"tags":[105,148],"class_list":["post-2369","post","type-post","status-publish","format-standard","has-post-thumbnail","hentry","category-comunicats","category-mgn","category-millores-socials","category-premis","tag-els-nostres-drets-no-es-suspenen-es-defensen","tag-mesa-general-negociacio","generate-columns","tablet-grid-50","mobile-grid-100","grid-parent","grid-50"],"_links":{"self":[{"href":"https:\/\/ccoo.app\/diputacio-de-barcelona\/wp-json\/wp\/v2\/posts\/2369","targetHints":{"allow":["GET"]}}],"collection":[{"href":"https:\/\/ccoo.app\/diputacio-de-barcelona\/wp-json\/wp\/v2\/posts"}],"about":[{"href":"https:\/\/ccoo.app\/diputacio-de-barcelona\/wp-json\/wp\/v2\/types\/post"}],"author":[{"embeddable":true,"href":"https:\/\/ccoo.app\/diputacio-de-barcelona\/wp-json\/wp\/v2\/users\/4519"}],"replies":[{"embeddable":true,"href":"https:\/\/ccoo.app\/diputacio-de-barcelona\/wp-json\/wp\/v2\/comments?post=2369"}],"version-history":[{"count":1,"href":"https:\/\/ccoo.app\/diputacio-de-barcelona\/wp-json\/wp\/v2\/posts\/2369\/revisions"}],"predecessor-version":[{"id":52160,"href":"https:\/\/ccoo.app\/diputacio-de-barcelona\/wp-json\/wp\/v2\/posts\/2369\/revisions\/52160"}],"wp:featuredmedia":[{"embeddable":true,"href":"https:\/\/ccoo.app\/diputacio-de-barcelona\/wp-json\/wp\/v2\/media\/2375"}],"wp:attachment":[{"href":"https:\/\/ccoo.app\/diputacio-de-barcelona\/wp-json\/wp\/v2\/media?parent=2369"}],"wp:term":[{"taxonomy":"category","embeddable":true,"href":"https:\/\/ccoo.app\/diputacio-de-barcelona\/wp-json\/wp\/v2\/categories?post=2369"},{"taxonomy":"post_tag","embeddable":true,"href":"https:\/\/ccoo.app\/diputacio-de-barcelona\/wp-json\/wp\/v2\/tags?post=2369"}],"curies":[{"name":"wp","href":"https:\/\/api.w.org\/{rel}","templated":true}]}}