{"id":2332,"date":"2018-05-28T15:19:55","date_gmt":"2018-05-28T14:19:55","guid":{"rendered":"https:\/\/diba.ccoo.cat\/actuacio-policial-i-escorcolls-a-la-diputacio-de-barcelona-copy\/"},"modified":"2023-02-22T19:10:41","modified_gmt":"2023-02-22T18:10:41","slug":"propostes-ccoo-per-a-la-negociacio-col%c2%b7lectiva","status":"publish","type":"post","link":"https:\/\/ccoo.app\/diputacio-de-barcelona\/propostes-ccoo-per-a-la-negociacio-col%c2%b7lectiva\/","title":{"rendered":"PROPOSTES CCOO PER A LA NEGOCIACI\u00d3 COL\u00b7LECTIVA"},"content":{"rendered":"<p class=\"wp-caption-text\"><img loading=\"lazy\" decoding=\"async\" class=\"alignnone wp-image-1853\" src=\"http:\/\/ccoo.app\/diputacio-de-barcelona\/wp-content\/blogs.dir\/6\/files\/sites\/186\/2018\/01\/logoccoov18.jpg\" alt=\"\" width=\"137\" height=\"63\" \/>\u00a0 \u00a0<a href=\"http:\/\/ccoo.app\/diputacio-de-barcelona\/wp-content\/blogs.dir\/6\/files\/sites\/186\/2018\/05\/nota-informativa-28-05-2018.pdf\"><img loading=\"lazy\" decoding=\"async\" class=\" wp-image-2113 alignnone\" src=\"http:\/\/ccoo.app\/diputacio-de-barcelona\/wp-content\/blogs.dir\/6\/files\/sites\/186\/2018\/04\/22-300x172.png\" alt=\"\" width=\"170\" height=\"98\" srcset=\"https:\/\/ccoo.app\/diputacio-de-barcelona\/wp-content\/blogs.dir\/6\/files\/sites\/186\/2018\/04\/22-300x172.png 300w, https:\/\/ccoo.app\/diputacio-de-barcelona\/wp-content\/blogs.dir\/6\/files\/sites\/186\/2018\/04\/22.png 327w\" sizes=\"auto, (max-width: 170px) 100vw, 170px\" \/><\/a><\/p>\n<p class=\"wp-caption-text\"><span style=\"font-family: 'arial black', sans-serif;font-size: 12pt;color: #000000\">28.05.2018\u00a0<\/span><\/p>\n<p><span style=\"font-family: 'arial black', sans-serif;font-size: 14pt;color: #ff0000\"><span style=\"font-size: 18pt\"><strong><u>NOTA INFORMATIVA:<\/u>\u00a0<\/strong><strong>PROPOSTES CCOO PER A LA NEGOCIACI\u00d3 COL\u00b7LECTIVA<\/strong><\/span><\/span><\/p>\n<p><span style=\"font-family: arial, helvetica, sans-serif;font-size: 18pt;color: #000000\"><em>Comissions Obreres<\/em> a la Diputaci\u00f3 de Barcelona hem registrat dos escrits relacionats amb la negociaci\u00f3 col\u00b7lectiva:<\/span><\/p>\n<p>&nbsp;<\/p>\n<ul>\n<li><span style=\"font-family: 'arial black', sans-serif;color: #000000\"><strong>IMPLEMENTACI\u00d3 IMMEDIATA DEL II ACORD ESTATAL PER A LA MILLORA DE L\u2019OCUPACI\u00d3<\/strong><\/span><\/li>\n<\/ul>\n<p><span style=\"font-family: arial, helvetica, sans-serif;color: #000000\">Demanem que s\u2019inclogui a l\u2019ordre del dia de les properes reunions de Mesa de Negociaci\u00f3 les mesures incloses al II Acord Estatal signat amb CCOO, UGT i CSIF: tractar els augments salarials, nova oferta p\u00fablica d\u2019ocupaci\u00f3, retornar a la jornada est\u00e0ndard de 35 hores, acabar amb les actuals penalitzacions per IT, formaci\u00f3, mesures d&#8217;igualtat, conciliaci\u00f3 i coresponsabilitat, entre d\u2019altres.<\/span><\/p>\n<p><a href=\"https:\/\/diba.ccoo.cat\/wp-content\/uploads\/sites\/37\/2018\/05\/Estat-Pressupostari-Diba-per-a-la-Negociaci%C3%B3.pdf\"><span style=\"font-family: 'arial black', sans-serif;color: #0000ff\"><strong>(Cliqueu per a veure l\u2019escrit presentat)<\/strong><\/span><\/a><\/p>\n<p>&nbsp;<\/p>\n<ul>\n<li><span style=\"font-family: 'arial black', sans-serif;color: #000000\"><strong>EXIGIM L\u2019EQUIPARACI\u00d3 AMB L\u2019ADMINISTRACI\u00d3 GENERAL DE L\u2019ESTAT (AGE) DELS NIVELLS M\u00cdNIMS DELS SUBGRUPS DE CLASSIFICACI\u00d3<\/strong><\/span><\/li>\n<\/ul>\n<p><img loading=\"lazy\" decoding=\"async\" class=\"wp-image-2334 aligncenter\" src=\"http:\/\/ccoo.app\/diputacio-de-barcelona\/wp-content\/blogs.dir\/6\/files\/sites\/186\/2018\/05\/fgfg-300x100.png\" alt=\"\" width=\"519\" height=\"173\" srcset=\"https:\/\/ccoo.app\/diputacio-de-barcelona\/wp-content\/blogs.dir\/6\/files\/sites\/186\/2018\/05\/fgfg-300x100.png 300w, https:\/\/ccoo.app\/diputacio-de-barcelona\/wp-content\/blogs.dir\/6\/files\/sites\/186\/2018\/05\/fgfg.png 562w\" sizes=\"auto, (max-width: 519px) 100vw, 519px\" \/><\/p>\n<p>&nbsp;<\/p>\n<p><span style=\"font-family: arial, helvetica, sans-serif;color: #000000\">L\u2019article 3 del <em>Real Decreto 861\/1986<\/em>, de 25 d\u2019abril, diu respecte al complement de dest\u00ed:<\/span><\/p>\n<ol>\n<li><em><span style=\"font-family: arial, helvetica, sans-serif;color: #000000\"><strong>Los intervalos de los<\/strong> <strong><u>niveles<\/u><\/strong> de puestos de trabajo de los funcionarios de <strong>Administraci\u00f3n Local ser\u00e1n los que en cada momento se establezcan para los funcionarios de la Administraci\u00f3n del Estado.<\/strong><\/span><\/em><\/li>\n<\/ol>\n<p><span style=\"font-family: arial, helvetica, sans-serif;color: #000000\">A l\u2019article 42 de <em>L\u2019Acord com\u00fa de condicions per als empleats p\u00fablics dels ens locals de Catalunya de menys de 20.000 habitants<\/em>, signat per les entitats municipalistes FMC i ACM amb les organitzacions sindicals CCOO i UGT, es reconeixen els m\u00ednims de complement de destinaci\u00f3 que estableix l&#8217;AGE.<\/span><\/p>\n<p><span style=\"font-family: arial, helvetica, sans-serif;color: #000000\">Conseq\u00fc\u00e8ncies econ\u00f2miques de l\u2019equiparaci\u00f3 amb l\u2019AGE:<\/span><\/p>\n<p><img loading=\"lazy\" decoding=\"async\" class=\"wp-image-2335 aligncenter\" src=\"http:\/\/ccoo.app\/diputacio-de-barcelona\/wp-content\/blogs.dir\/6\/files\/sites\/186\/2018\/05\/erer-300x127.png\" alt=\"\" width=\"536\" height=\"227\" srcset=\"https:\/\/ccoo.app\/diputacio-de-barcelona\/wp-content\/blogs.dir\/6\/files\/sites\/186\/2018\/05\/erer-300x127.png 300w, https:\/\/ccoo.app\/diputacio-de-barcelona\/wp-content\/blogs.dir\/6\/files\/sites\/186\/2018\/05\/erer.png 608w\" sizes=\"auto, (max-width: 536px) 100vw, 536px\" \/><\/p>\n<p><a href=\"http:\/\/ccoo.app\/diputacio-de-barcelona\/wp-content\/blogs.dir\/6\/files\/sites\/186\/2018\/05\/proposta-nivells-complement-desti.pdf\"><strong><span style=\"font-family: 'arial black', sans-serif;color: #0000ff\">(Cliqueu per a veure aquest segon escrit que hem presentat)<\/span><\/strong><\/a><\/p>\n<p><strong>\u00a0<a href=\"https:\/\/diba.ccoo.cat\/pujar-nivell-minim-dels-grups-a1-a2-i-ap\/\"><img loading=\"lazy\" decoding=\"async\" class=\"alignnone  wp-image-2343\" src=\"http:\/\/ccoo.app\/diputacio-de-barcelona\/wp-content\/blogs.dir\/6\/files\/sites\/186\/2018\/05\/fgf-1-300x268.png\" alt=\"\" width=\"222\" height=\"198\" srcset=\"https:\/\/ccoo.app\/diputacio-de-barcelona\/wp-content\/blogs.dir\/6\/files\/sites\/186\/2018\/05\/fgf-1-300x268.png 300w, https:\/\/ccoo.app\/diputacio-de-barcelona\/wp-content\/blogs.dir\/6\/files\/sites\/186\/2018\/05\/fgf-1.png 404w\" sizes=\"auto, (max-width: 222px) 100vw, 222px\" \/><\/a><a href=\"https:\/\/transparencia.diba.cat\/acords-de-la-mesa-general-de-negociacio-2015-2019\"><img loading=\"lazy\" decoding=\"async\" class=\"wp-image-2336 aligncenter\" src=\"http:\/\/ccoo.app\/diputacio-de-barcelona\/wp-content\/blogs.dir\/6\/files\/sites\/186\/2018\/05\/bnbn-300x47.png\" alt=\"\" width=\"568\" height=\"89\" srcset=\"https:\/\/ccoo.app\/diputacio-de-barcelona\/wp-content\/blogs.dir\/6\/files\/sites\/186\/2018\/05\/bnbn-300x47.png 300w, https:\/\/ccoo.app\/diputacio-de-barcelona\/wp-content\/blogs.dir\/6\/files\/sites\/186\/2018\/05\/bnbn.png 676w\" sizes=\"auto, (max-width: 568px) 100vw, 568px\" \/><\/a><\/strong><\/p>\n<p>&nbsp;<\/p>\n<p><a href=\"https:\/\/diba.ccoo.cat\/raons-per-afiliar-te\/\"><span style=\"font-family: arial, helvetica, sans-serif;color: #000000\"><strong><img loading=\"lazy\" decoding=\"async\" class=\"wp-image-2304 alignleft\" src=\"http:\/\/ccoo.app\/diputacio-de-barcelona\/wp-content\/blogs.dir\/6\/files\/sites\/186\/2018\/05\/asasas-300x142.png\" alt=\"\" width=\"218\" height=\"103\" srcset=\"https:\/\/ccoo.app\/diputacio-de-barcelona\/wp-content\/blogs.dir\/6\/files\/sites\/186\/2018\/05\/asasas-300x142.png 300w, https:\/\/ccoo.app\/diputacio-de-barcelona\/wp-content\/blogs.dir\/6\/files\/sites\/186\/2018\/05\/asasas.png 318w\" sizes=\"auto, (max-width: 218px) 100vw, 218px\" \/><\/strong><\/span><\/a><\/p>\n<p><span style=\"font-family: 'arial black', sans-serif;color: #0000ff\"><strong>Horari d\u2019atenci\u00f3 CCOO DIBA: <\/strong><\/span><\/p>\n<p><span style=\"font-family: 'arial black', sans-serif;color: #0000ff\"><strong>CARRER MALLORCA, 244, 2on 3a<\/strong><\/span><\/p>\n<p><span style=\"font-family: 'arial black', sans-serif;color: #0000ff\"><strong>DE DILLUNS A DIVENDRES DE 8:30 A 16:30\u00a0\u00a0 <\/strong><span style=\"font-size: 10pt\"><strong>(FORA D\u2019AQUEST HORARI AMB CITA PR\u00c8VIA)<\/strong><\/span><\/span><\/p>\n<p style=\"text-align: center\"><span style=\"font-size: 18pt\"><span style=\"font-family: 'arial black', sans-serif;color: #0000ff\"><strong>\u00a0<\/strong><\/span><span style=\"font-family: arial, helvetica, sans-serif\"><strong><small><span style=\"color: #0000ff;font-family: 'arial black', sans-serif\">Contacta&#8217;ns per tel\u00e8fon 934 022 985 o correu:<\/span> <a href=\"mailto:ccoo@diba.cat\">ccoo@diba.cat<\/a><\/small> <\/strong><\/span><\/span><\/p>\n<p><strong>\u00a0<\/strong><\/p>\n<p><a href=\"https:\/\/twitter.com\/CCOODiba\"><img loading=\"lazy\" decoding=\"async\" class=\"alignleft\" src=\"http:\/\/www.mysocialaccounts.com\/wp-content\/uploads\/2017\/04\/twitter.jpg\" alt=\"Resultado de imagen de twitter\" width=\"44\" height=\"44\" \/><\/a>\u00a0 \u00a0\u00a0<a href=\"http:\/\/diba.ccoo.cat\/\"><img loading=\"lazy\" decoding=\"async\" class=\"\" src=\"https:\/\/encrypted-tbn0.gstatic.com\/images?q=tbn:ANd9GcS98Z75qmWgKpehEkfwdWrInKdK65A-jf2SgkGvuU4oy_fPYt9q\" alt=\"Imagen relacionada\" width=\"52\" height=\"53\" \/><\/a><a href=\"https:\/\/www.facebook.com\/CcooDiputacioDeBarcelona\/\"><img loading=\"lazy\" decoding=\"async\" class=\"alignleft\" src=\"https:\/\/upload.wikimedia.org\/wikipedia\/commons\/thumb\/7\/7c\/Facebook_New_Logo_%282015%29.svg\/2000px-Facebook_New_Logo_%282015%29.svg.png\" alt=\"Resultado de imagen de facebook\" width=\"122\" height=\"46\" \/><\/a><a href=\"https:\/\/www.youtube.com\/channel\/UCFzenkS75udEcs4pB4qoZsg\"><img loading=\"lazy\" decoding=\"async\" class=\"alignleft\" src=\"https:\/\/i.kinja-img.com\/gawker-media\/image\/upload\/s--heVex4FV--\/c_scale,fl_progressive,q_80,w_800\/pol5zfmalpqmpt1jcnbp.png\" alt=\"Resultado de imagen de youtube\" width=\"117\" height=\"50\" \/><\/a><img loading=\"lazy\" decoding=\"async\" class=\"alignleft\" src=\"https:\/\/www.educapeques.com\/wp-content\/uploads\/2016\/04\/descargar-whatsapp.png\" alt=\"Resultado de imagen de whatsapp\" width=\"64\" height=\"50\" \/><\/p>\n<p>&nbsp;<\/p>\n<p>&nbsp;<\/p>\n<p>&nbsp;<\/p>\n<p>&nbsp;<\/p>\n<p>&nbsp;<\/p>\n<p>&nbsp;<\/p>\n<p>&nbsp;<\/p>\n<p>&nbsp;<\/p>\n<p><img loading=\"lazy\" decoding=\"async\" class=\"wp-image-262 alignright\" src=\"http:\/\/ccoo.app\/diputacio-de-barcelona\/wp-content\/blogs.dir\/6\/files\/sites\/186\/2016\/04\/afiliat_ccoo_cat.gif\" alt=\"Tota la informaci\u00f3 de com afiliar-se a CCOO Catalunya i forlmulari d'alta o baxia.\" width=\"90\" height=\"80\" \/><\/p>\n<p>&nbsp;<\/p>\n<p>&nbsp;<\/p>\n<p>&nbsp;<\/p>\n<p>&nbsp;<\/p>\n<p>&nbsp;    \t<\/p>\n","protected":false},"excerpt":{"rendered":"<p>\u00a0 \u00a0 28.05.2018\u00a0 NOTA INFORMATIVA:\u00a0PROPOSTES CCOO PER A LA NEGOCIACI\u00d3 COL\u00b7LECTIVA Comissions Obreres a la Diputaci\u00f3 de Barcelona hem registrat dos escrits relacionats amb la negociaci\u00f3 col\u00b7lectiva: &nbsp; IMPLEMENTACI\u00d3 IMMEDIATA &#8230; <\/p>\n<p class=\"read-more-container\"><a title=\"PROPOSTES CCOO PER A LA NEGOCIACI\u00d3 COL\u00b7LECTIVA\" class=\"read-more button\" href=\"https:\/\/ccoo.app\/diputacio-de-barcelona\/propostes-ccoo-per-a-la-negociacio-col%c2%b7lectiva\/#more-2332\" aria-label=\"Leer m\u00e1s sobre PROPOSTES CCOO PER A LA NEGOCIACI\u00d3 COL\u00b7LECTIVA\">Continuar llegint<\/a><\/p>\n","protected":false},"author":4519,"featured_media":2341,"comment_status":"open","ping_status":"open","sticky":false,"template":"","format":"standard","meta":{"footnotes":""},"categories":[38,40,16,19,26,31],"tags":[148],"class_list":["post-2332","post","type-post","status-publish","format-standard","has-post-thumbnail","hentry","category-a-tot-el-personal","category-carrera-horitzontal","category-carrera-professional","category-comunicats","category-mgn","category-personal-interi-comunicats","tag-mesa-general-negociacio","generate-columns","tablet-grid-50","mobile-grid-100","grid-parent","grid-50"],"_links":{"self":[{"href":"https:\/\/ccoo.app\/diputacio-de-barcelona\/wp-json\/wp\/v2\/posts\/2332","targetHints":{"allow":["GET"]}}],"collection":[{"href":"https:\/\/ccoo.app\/diputacio-de-barcelona\/wp-json\/wp\/v2\/posts"}],"about":[{"href":"https:\/\/ccoo.app\/diputacio-de-barcelona\/wp-json\/wp\/v2\/types\/post"}],"author":[{"embeddable":true,"href":"https:\/\/ccoo.app\/diputacio-de-barcelona\/wp-json\/wp\/v2\/users\/4519"}],"replies":[{"embeddable":true,"href":"https:\/\/ccoo.app\/diputacio-de-barcelona\/wp-json\/wp\/v2\/comments?post=2332"}],"version-history":[{"count":1,"href":"https:\/\/ccoo.app\/diputacio-de-barcelona\/wp-json\/wp\/v2\/posts\/2332\/revisions"}],"predecessor-version":[{"id":52163,"href":"https:\/\/ccoo.app\/diputacio-de-barcelona\/wp-json\/wp\/v2\/posts\/2332\/revisions\/52163"}],"wp:featuredmedia":[{"embeddable":true,"href":"https:\/\/ccoo.app\/diputacio-de-barcelona\/wp-json\/wp\/v2\/media\/2341"}],"wp:attachment":[{"href":"https:\/\/ccoo.app\/diputacio-de-barcelona\/wp-json\/wp\/v2\/media?parent=2332"}],"wp:term":[{"taxonomy":"category","embeddable":true,"href":"https:\/\/ccoo.app\/diputacio-de-barcelona\/wp-json\/wp\/v2\/categories?post=2332"},{"taxonomy":"post_tag","embeddable":true,"href":"https:\/\/ccoo.app\/diputacio-de-barcelona\/wp-json\/wp\/v2\/tags?post=2332"}],"curies":[{"name":"wp","href":"https:\/\/api.w.org\/{rel}","templated":true}]}}