{"id":2327,"date":"2018-05-28T14:57:36","date_gmt":"2018-05-28T13:57:36","guid":{"rendered":"https:\/\/diba.ccoo.cat\/resum-complet-de-la-mesa-negociacio-17-05-2018-copy\/"},"modified":"2023-02-22T19:10:43","modified_gmt":"2023-02-22T18:10:43","slug":"actuacio-policial-i-escorcolls-a-la-diputacio-de-barcelona","status":"publish","type":"post","link":"https:\/\/ccoo.app\/diputacio-de-barcelona\/actuacio-policial-i-escorcolls-a-la-diputacio-de-barcelona\/","title":{"rendered":"ACTUACI\u00d3 POLICIAL I ESCORCOLLS A LA DIPUTACI\u00d3 DE BARCELONA"},"content":{"rendered":"<p class=\"wp-caption-text\"><img loading=\"lazy\" decoding=\"async\" class=\"alignnone wp-image-1853\" src=\"http:\/\/ccoo.app\/diputacio-de-barcelona\/wp-content\/blogs.dir\/6\/files\/sites\/186\/2018\/01\/logoccoov18.jpg\" alt=\"\" width=\"137\" height=\"63\" \/>\u00a0 \u00a0<a href=\"http:\/\/ccoo.app\/diputacio-de-barcelona\/wp-content\/blogs.dir\/6\/files\/sites\/186\/2018\/05\/nota-informativa-actuacio-policial-a-la-diba-2018.pdf\"><img loading=\"lazy\" decoding=\"async\" class=\" wp-image-2113 alignnone\" src=\"http:\/\/ccoo.app\/diputacio-de-barcelona\/wp-content\/blogs.dir\/6\/files\/sites\/186\/2018\/04\/22-300x172.png\" alt=\"\" width=\"170\" height=\"98\" srcset=\"https:\/\/ccoo.app\/diputacio-de-barcelona\/wp-content\/blogs.dir\/6\/files\/sites\/186\/2018\/04\/22-300x172.png 300w, https:\/\/ccoo.app\/diputacio-de-barcelona\/wp-content\/blogs.dir\/6\/files\/sites\/186\/2018\/04\/22.png 327w\" sizes=\"auto, (max-width: 170px) 100vw, 170px\" \/><\/a><\/p>\n<p class=\"wp-caption-text\"><span style=\"font-family: 'arial black', sans-serif;font-size: 12pt;color: #000000\">24.05.2018\u00a0<\/span><\/p>\n<p><span style=\"font-family: 'arial black', sans-serif;font-size: 14pt;color: #ff0000\"><strong><u>NOTA INFORMATIVA<\/u><\/strong><strong> \u00a0<\/strong><strong>ACTUACI\u00d3 POLICIAL I ESCORCOLLS <\/strong><strong>A LA DIPUTACI\u00d3 DE BARCELONA<\/strong><\/span><\/p>\n<p><span style=\"font-family: arial, helvetica, sans-serif;color: #000000\">L\u2019actuaci\u00f3 policial i els escorcolls d\u2019ahir a diverses depend\u00e8ncies i centres de treball de la Diputaci\u00f3 de Barcelona s\u2019emmarquen dins de les actuacions del Jutjat d\u2019Instrucci\u00f3 N\u00famero 1 de Barcelona com a resultat d\u2019una den\u00fancia presentada a l\u2019Oficina Antifrau l\u2019any 2016 per part de la CUP i la CGT, i tamb\u00e9 molt important -i no s\u2019ha d\u2019oblidar- la presentada inicialment an\u00f2nimament.<\/span><\/p>\n<p><span style=\"font-family: arial, helvetica, sans-serif;color: #000000\">Cal dir tamb\u00e9 que el Grup ENTESA abans ja havia demanat informaci\u00f3 relacionada amb alguns expedients sospitosos.<\/span><\/p>\n<p><span style=\"font-family: arial, helvetica, sans-serif;color: #000000\">M\u00e9s enll\u00e0 de les conseq\u00fc\u00e8ncies penals concretes que finalment tindr\u00e0 el cas i respectant el dret a la presumpci\u00f3 d\u2019innoc\u00e8ncia dels investigats, des de la Secci\u00f3 Sindical de CCOO a la Diputaci\u00f3 de Barcelona creiem important destacar dues coses:<\/span><\/p>\n<p><span style=\"font-family: arial, helvetica, sans-serif;color: #000000\">En primer lloc, <strong>cal recon\u00e8ixer la valentia dels treballadors i treballadores que no van callar davant les pressions.<\/strong> La feina principal de treure a la llum el cas, la van fer ells i elles denunciant des del primer moment l\u2019assetjament que patien per negar-se a acceptar ordres relacionades a la concessi\u00f3 de fons p\u00fablics seguint processos \u201csuposadament\u201d irregulars.<\/span><\/p>\n<p><span style=\"font-family: arial, helvetica, sans-serif;color: #000000\">Cal posar en valor per tant la professionalitat i honestedat dels t\u00e8cnics\/ques d\u2019aquesta corporaci\u00f3 que es veu reflectida en l\u2019actuaci\u00f3 del personal de la Direcci\u00f3 de Relacions Internacionals (DRI).<\/span><\/p>\n<p><span style=\"font-family: arial, helvetica, sans-serif;color: #000000\">Ara b\u00e9 i en segon lloc, aquest cas posa en evid\u00e8ncia <strong>la manca d\u2019actuaci\u00f3 decidida i la mala gesti\u00f3 que s\u2019ha fet des de la vessant de salut laboral.<\/strong> Ha quedat clar que els mecanismes de control intern, ja no els relacionats amb els assumptes tecnicoecon\u00f2mics, sin\u00f3 davant l\u2019assetjament laboral denunciat no han funcionat.<\/span><\/p>\n<p><span style=\"font-family: arial, helvetica, sans-serif;color: #000000\"><strong>\u00a0<\/strong><\/span><\/p>\n<p><span style=\"font-family: 'arial black', sans-serif;color: #ff0000\"><strong>ASSETJAMENT LABORAL<\/strong><\/span><\/p>\n<p><span style=\"font-family: arial, helvetica, sans-serif;color: #000000\">CCOO vam tenir coneixement d\u2019aquesta situaci\u00f3 l\u2019any 2014. Llavors i des d\u2019un primer moment, la vam posar en coneixement de la Diputaci\u00f3 mitjan\u00e7ant els delegats de prevenci\u00f3 en els \u00f2rgans de participaci\u00f3. Es va demanar que es realitz\u00e9s la corresponent Avaluaci\u00f3 de Riscos Psicosocials a la DRI.<\/span><\/p>\n<p><span style=\"font-family: arial, helvetica, sans-serif;color: #000000\">S\u2019ha de tenir en compte que la Diputaci\u00f3 no podia dir que no tenia coneixement de la situaci\u00f3 que patia el personal de la DRI ja que com a resultat d\u2019una den\u00fancia feta per CCOO davant la Inspecci\u00f3 de Treball, aquesta va concloure en el seu informe: <em>\u201cRespecte a la situaci\u00f3 de risc psicosocial resulta evident que la Diputaci\u00f3 de Barcelona coneixia que existia una possible situaci\u00f3 d&#8217;exposici\u00f3 a riscos psicosocials per part del personal de la DRI almenys des de l&#8217;any 2014<\/em>\u00ab.<\/span><\/p>\n<p><span style=\"font-family: arial, helvetica, sans-serif;color: #000000\">Doncs b\u00e9, davant la passivitat i manca d\u2019actuaci\u00f3 de la corporaci\u00f3, i despr\u00e9s de mesos esperant que ho fes la Diputaci\u00f3, CCOO vam decidir actuar. Aix\u00ed doncs, vam fer arribar a tot el personal de la DRI uns q\u00fcestionaris per realitzar l\u2019oportuna investigaci\u00f3 i aix\u00ed poder identificar i quantificar la possible situaci\u00f3 de risc (mar\u00e7 2015)<\/span><\/p>\n<p><span style=\"font-family: arial, helvetica, sans-serif;color: #000000\">Un 63 % del personal va contestar la enquesta. Aquesta feina de documentaci\u00f3 dels fets va revelar una situaci\u00f3 molt greu d\u2019assetjament que inclo\u00efa\u00a0 amenaces, pressions, coaccions, insults i crits dirigits a pressionar els personal per a que actuaren m\u00e9s enll\u00e0 dels seus criteris t\u00e8cnics.<\/span><\/p>\n<p><span style=\"font-family: arial, helvetica, sans-serif;color: #000000\">Hem de dir que el fet que des de CCOO realitz\u00e9ssim aquesta enquesta ens va suposar, en un primer moment, pressions i fins i tot amenaces que s\u2019emprendrien accions legals contra el nostre sindicat.<\/span><\/p>\n<p><span style=\"font-family: arial, helvetica, sans-serif;color: #000000\">Finalment, en una reuni\u00f3 interna de la Comissi\u00f3 de Riscos Psicosocials (29 d\u2019abril de 2015) el comunicat de risc que hav\u00edem presentat el 7 d\u2019abril \u00e9s avalat per una experta de riscos psicosocials de l\u2019Ag\u00e8ncia de Salut P\u00fablica de Barcelona, fent un informe en la mateixa l\u00ednia del nostre comunicat (informe del 4 de maig de 2015 de l&#8217;Ag\u00e8ncia de Salut P\u00fablica de Barcelona).<\/span><\/p>\n<p><span style=\"font-family: arial, helvetica, sans-serif;color: #000000\">Davant el nostre comunicat de risc i l\u2019informe de l\u2019Ag\u00e8ncia de Salut P\u00fablica de Barcelona \u00e9s quan la Diputaci\u00f3 comen\u00e7a a prendre algunes mesures que considerem insuficients i ens porta a presentar una den\u00fancia a la Inspecci\u00f3 de Treball el 15 de juny de 2015.<\/span><\/p>\n<p>&nbsp;<\/p>\n<p><span style=\"font-family: 'arial black', sans-serif;color: #ff0000\"><strong>CONCLUSIONS<\/strong><\/span><\/p>\n<p><span style=\"font-family: arial, helvetica, sans-serif;color: #000000\"><strong>Hem demanat una reuni\u00f3 amb la presidenta de la Diputaci\u00f3<\/strong> de Barcelona per a que ens pugui donar de manera directa tota la informaci\u00f3 de qu\u00e8 disposa al respecte.<\/span><\/p>\n<p><span style=\"font-family: arial, helvetica, sans-serif;color: #000000\">Som conscients que el tema est\u00e0 en fase d\u2019instrucci\u00f3 i per tant encara es trigar\u00e0 un temps a que un\/a jutge determini les responsabilitats de cadasc\u00fa.<\/span><\/p>\n<p><span style=\"font-family: arial, helvetica, sans-serif;color: #000000\">Ara b\u00e9, des d\u2019un punt de vista laboral, la situaci\u00f3 del personal de la DRI \u00e9s notablement millor que la que hem descrit abans. Les mesures s\u2019han anant implementant per\u00f2 molt lentament.\u00a0<\/span><\/p>\n<p><span style=\"font-family: arial, helvetica, sans-serif;color: #000000\">El que volem exposar a la Sra. Conesa \u00e9s que el que va passar a la DRI i com es va abordar el tema denota un problema, no conjuntural, sin\u00f3 estructural i del model de prevenci\u00f3 i d\u2019altres \u00f2rgans de control de la Diputaci\u00f3. Cal tamb\u00e9 depurar responsabilitats respecte als responsables dels diferents \u00e0mbits que no van respondre inicialment amb les seves obligacions.<\/span><\/p>\n<p><span style=\"font-family: arial, helvetica, sans-serif;color: #000000\">Esperem doncs que la Sra. Conesa ens rebi per poder tractar tots aquests temes.<\/span><\/p>\n<p><span style=\"font-family: arial, helvetica, sans-serif;color: #000000\">Finalment, recordar que els empleats imputats, com tamb\u00e9 els que seran citats a declarar, poden fer \u00fas de l\u2019assessorament legal que la corporaci\u00f3 posa a la seva disposici\u00f3. Quedem nosaltres, \u00f2bviament, a la seva disposici\u00f3 per a qualsevol suport o assessorament que necessitin.<\/span><\/p>\n<p>&nbsp;<\/p>\n<p><a href=\"https:\/\/diba.ccoo.cat\/raons-per-afiliar-te\/\"><span style=\"font-family: arial, helvetica, sans-serif;color: #000000\"><strong><img loading=\"lazy\" decoding=\"async\" class=\"wp-image-2304 alignleft\" src=\"http:\/\/ccoo.app\/diputacio-de-barcelona\/wp-content\/blogs.dir\/6\/files\/sites\/186\/2018\/05\/asasas-300x142.png\" alt=\"\" width=\"218\" height=\"103\" srcset=\"https:\/\/ccoo.app\/diputacio-de-barcelona\/wp-content\/blogs.dir\/6\/files\/sites\/186\/2018\/05\/asasas-300x142.png 300w, https:\/\/ccoo.app\/diputacio-de-barcelona\/wp-content\/blogs.dir\/6\/files\/sites\/186\/2018\/05\/asasas.png 318w\" sizes=\"auto, (max-width: 218px) 100vw, 218px\" \/><\/strong><\/span><\/a><\/p>\n<p><span style=\"font-family: 'arial black', sans-serif;color: #0000ff\"><strong>Horari d\u2019atenci\u00f3 CCOO DIBA: <\/strong><\/span><\/p>\n<p><span style=\"font-family: 'arial black', sans-serif;color: #0000ff\"><strong>CARRER MALLORCA, 244, 2on 3a<\/strong><\/span><\/p>\n<p><span style=\"font-family: 'arial black', sans-serif;color: #0000ff\"><strong>DE DILLUNS A DIVENDRES DE 8:30 A 16:30\u00a0\u00a0 <\/strong><span style=\"font-size: 10pt\"><strong>(FORA D\u2019AQUEST HORARI AMB CITA PR\u00c8VIA)<\/strong><\/span><\/span><\/p>\n<p style=\"text-align: center\"><span style=\"font-size: 18pt\"><span style=\"font-family: 'arial black', sans-serif;color: #0000ff\"><strong>\u00a0<\/strong><\/span><span style=\"font-family: arial, helvetica, sans-serif\"><strong><small><span style=\"color: #0000ff;font-family: 'arial black', sans-serif\">Contacta&#8217;ns per tel\u00e8fon 934 022 985 o correu:<\/span> <a href=\"mailto:ccoo@diba.cat\">ccoo@diba.cat<\/a><\/small> <\/strong><\/span><\/span><\/p>\n<p><strong>\u00a0<\/strong><\/p>\n<p><a href=\"https:\/\/twitter.com\/CCOODiba\"><img loading=\"lazy\" decoding=\"async\" class=\"alignleft\" src=\"http:\/\/www.mysocialaccounts.com\/wp-content\/uploads\/2017\/04\/twitter.jpg\" alt=\"Resultado de imagen de twitter\" width=\"44\" height=\"44\" \/><\/a>\u00a0 \u00a0\u00a0<a href=\"http:\/\/diba.ccoo.cat\/\"><img loading=\"lazy\" decoding=\"async\" class=\"\" src=\"https:\/\/encrypted-tbn0.gstatic.com\/images?q=tbn:ANd9GcS98Z75qmWgKpehEkfwdWrInKdK65A-jf2SgkGvuU4oy_fPYt9q\" alt=\"Imagen relacionada\" width=\"52\" height=\"53\" \/><\/a><a href=\"https:\/\/www.facebook.com\/CcooDiputacioDeBarcelona\/\"><img loading=\"lazy\" decoding=\"async\" class=\"alignleft\" src=\"https:\/\/upload.wikimedia.org\/wikipedia\/commons\/thumb\/7\/7c\/Facebook_New_Logo_%282015%29.svg\/2000px-Facebook_New_Logo_%282015%29.svg.png\" alt=\"Resultado de imagen de facebook\" width=\"122\" height=\"46\" \/><\/a><a href=\"https:\/\/www.youtube.com\/channel\/UCFzenkS75udEcs4pB4qoZsg\"><img loading=\"lazy\" decoding=\"async\" class=\"alignleft\" src=\"https:\/\/i.kinja-img.com\/gawker-media\/image\/upload\/s--heVex4FV--\/c_scale,fl_progressive,q_80,w_800\/pol5zfmalpqmpt1jcnbp.png\" alt=\"Resultado de imagen de youtube\" width=\"117\" height=\"50\" \/><\/a><img loading=\"lazy\" decoding=\"async\" class=\"alignleft\" src=\"https:\/\/www.educapeques.com\/wp-content\/uploads\/2016\/04\/descargar-whatsapp.png\" alt=\"Resultado de imagen de whatsapp\" width=\"64\" height=\"50\" \/><\/p>\n<p>&nbsp;<\/p>\n<p>&nbsp;<\/p>\n<p>&nbsp;<\/p>\n<p>&nbsp;<\/p>\n<p>&nbsp;<\/p>\n<p>&nbsp;<\/p>\n<p>&nbsp;<\/p>\n<p>&nbsp;<\/p>\n<p><img loading=\"lazy\" decoding=\"async\" class=\"wp-image-262 alignright\" src=\"http:\/\/ccoo.app\/diputacio-de-barcelona\/wp-content\/blogs.dir\/6\/files\/sites\/186\/2016\/04\/afiliat_ccoo_cat.gif\" alt=\"Tota la informaci\u00f3 de com afiliar-se a CCOO Catalunya i forlmulari d'alta o baxia.\" width=\"90\" height=\"80\" \/><\/p>\n<p>&nbsp;<\/p>\n<p>&nbsp;<\/p>\n<p>&nbsp;<\/p>\n<p>&nbsp;<\/p>\n<p>&nbsp;    \t<\/p>\n","protected":false},"excerpt":{"rendered":"<p>\u00a0 \u00a0 24.05.2018\u00a0 NOTA INFORMATIVA \u00a0ACTUACI\u00d3 POLICIAL I ESCORCOLLS A LA DIPUTACI\u00d3 DE BARCELONA L\u2019actuaci\u00f3 policial i els escorcolls d\u2019ahir a diverses depend\u00e8ncies i centres de treball de la Diputaci\u00f3 &#8230; <\/p>\n<p class=\"read-more-container\"><a title=\"ACTUACI\u00d3 POLICIAL I ESCORCOLLS A LA DIPUTACI\u00d3 DE BARCELONA\" class=\"read-more button\" href=\"https:\/\/ccoo.app\/diputacio-de-barcelona\/actuacio-policial-i-escorcolls-a-la-diputacio-de-barcelona\/#more-2327\" aria-label=\"Leer m\u00e1s sobre ACTUACI\u00d3 POLICIAL I ESCORCOLLS A LA DIPUTACI\u00d3 DE BARCELONA\">Continuar llegint<\/a><\/p>\n","protected":false},"author":4519,"featured_media":2330,"comment_status":"open","ping_status":"open","sticky":false,"template":"","format":"standard","meta":{"footnotes":""},"categories":[38,19,35],"tags":[],"class_list":["post-2327","post","type-post","status-publish","format-standard","has-post-thumbnail","hentry","category-a-tot-el-personal","category-comunicats","category-salut-laboral","generate-columns","tablet-grid-50","mobile-grid-100","grid-parent","grid-50"],"_links":{"self":[{"href":"https:\/\/ccoo.app\/diputacio-de-barcelona\/wp-json\/wp\/v2\/posts\/2327","targetHints":{"allow":["GET"]}}],"collection":[{"href":"https:\/\/ccoo.app\/diputacio-de-barcelona\/wp-json\/wp\/v2\/posts"}],"about":[{"href":"https:\/\/ccoo.app\/diputacio-de-barcelona\/wp-json\/wp\/v2\/types\/post"}],"author":[{"embeddable":true,"href":"https:\/\/ccoo.app\/diputacio-de-barcelona\/wp-json\/wp\/v2\/users\/4519"}],"replies":[{"embeddable":true,"href":"https:\/\/ccoo.app\/diputacio-de-barcelona\/wp-json\/wp\/v2\/comments?post=2327"}],"version-history":[{"count":1,"href":"https:\/\/ccoo.app\/diputacio-de-barcelona\/wp-json\/wp\/v2\/posts\/2327\/revisions"}],"predecessor-version":[{"id":52164,"href":"https:\/\/ccoo.app\/diputacio-de-barcelona\/wp-json\/wp\/v2\/posts\/2327\/revisions\/52164"}],"wp:featuredmedia":[{"embeddable":true,"href":"https:\/\/ccoo.app\/diputacio-de-barcelona\/wp-json\/wp\/v2\/media\/2330"}],"wp:attachment":[{"href":"https:\/\/ccoo.app\/diputacio-de-barcelona\/wp-json\/wp\/v2\/media?parent=2327"}],"wp:term":[{"taxonomy":"category","embeddable":true,"href":"https:\/\/ccoo.app\/diputacio-de-barcelona\/wp-json\/wp\/v2\/categories?post=2327"},{"taxonomy":"post_tag","embeddable":true,"href":"https:\/\/ccoo.app\/diputacio-de-barcelona\/wp-json\/wp\/v2\/tags?post=2327"}],"curies":[{"name":"wp","href":"https:\/\/api.w.org\/{rel}","templated":true}]}}