{"id":2281,"date":"2018-05-21T11:48:00","date_gmt":"2018-05-21T10:48:00","guid":{"rendered":"https:\/\/diba.ccoo.cat\/?p=2281"},"modified":"2023-02-22T19:10:50","modified_gmt":"2023-02-22T18:10:50","slug":"com-es-selecciona-el-personal-que-no-forma-part-de-cap-borsa-de-treball","status":"publish","type":"post","link":"https:\/\/ccoo.app\/diputacio-de-barcelona\/com-es-selecciona-el-personal-que-no-forma-part-de-cap-borsa-de-treball\/","title":{"rendered":"RESUM MESA NEGOCIACI\u00d3 17.05.2018  COM ES SELECCIONA EL PERSONAL QUE NO FORMA PART DE CAP BORSA DE TREBALL?"},"content":{"rendered":"<p class=\"wp-caption-text\"><img loading=\"lazy\" decoding=\"async\" class=\"alignnone wp-image-1853\" src=\"http:\/\/ccoo.app\/diputacio-de-barcelona\/wp-content\/blogs.dir\/6\/files\/sites\/186\/2018\/01\/logoccoov18.jpg\" alt=\"\" width=\"137\" height=\"63\" \/>\u00a0 \u00a0<a href=\"http:\/\/ccoo.app\/diputacio-de-barcelona\/wp-content\/blogs.dir\/6\/files\/sites\/186\/2018\/05\/resum-mgnmc-17-05-2018-tots-el-temes-.pdf\"><img loading=\"lazy\" decoding=\"async\" class=\" wp-image-2113 alignnone\" src=\"http:\/\/ccoo.app\/diputacio-de-barcelona\/wp-content\/blogs.dir\/6\/files\/sites\/186\/2018\/04\/22-300x172.png\" alt=\"\" width=\"170\" height=\"98\" srcset=\"https:\/\/ccoo.app\/diputacio-de-barcelona\/wp-content\/blogs.dir\/6\/files\/sites\/186\/2018\/04\/22-300x172.png 300w, https:\/\/ccoo.app\/diputacio-de-barcelona\/wp-content\/blogs.dir\/6\/files\/sites\/186\/2018\/04\/22.png 327w\" sizes=\"auto, (max-width: 170px) 100vw, 170px\" \/><\/a><\/p>\n<p class=\"wp-caption-text\"><span style=\"font-family: 'arial black', sans-serif;font-size: 12pt;color: #000000\">22.05.2018\u00a0<\/span><\/p>\n<p><span style=\"text-decoration: underline\"><span style=\"font-family: 'arial black', sans-serif;font-size: 14pt;color: #ff0000;text-decoration: underline\"><strong>RESUM MESA NEGOCIACI\u00d3 17.05.2018<\/strong><\/span><\/span><\/p>\n<p><span style=\"font-family: 'arial black', sans-serif;font-size: 14pt;color: #ff0000\"><strong>COM ES SELECCIONA EL PERSONAL QUE NO FORMA PART DE CAP BORSA DE TREBALL?<\/strong><\/span><\/p>\n<p><span style=\"font-family: arial, helvetica, sans-serif;color: #000000\">Quin criteri es segueix per a seleccionar el personal que no forma part de cap borsa i que treballa a la Diputaci\u00f3? Com es garanteixen els principis de publicitat, igualtat, capacitat i m\u00e8rit?<\/span><\/p>\n<p><span style=\"font-family: arial, helvetica, sans-serif;color: #000000\">Aquestes s\u00f3n les q\u00fcestions que hem plantejat a la DSRH de la Diputaci\u00f3 de Barcelona. Volem respostes i les volem ja!<\/span><\/p>\n<p><span style=\"font-family: arial, helvetica, sans-serif;color: #000000\">Actualment no hi ha cap regulaci\u00f3. Ens consta llistats de persones que s\u00f3n utilitzats per atendre les necessitats de personal que no poden ser satisfetes per les actuals borses. Borses de treball que tot i haver sobrepassat el per\u00edode de vig\u00e8ncia, no han estat convocades de nou encara que CCOO ho haguem demanat reiteradament.<\/span><\/p>\n<p><span style=\"font-family: arial, helvetica, sans-serif;color: #000000\">Ara l\u2019excusa per a no treure noves convocat\u00f2ries de les borses \u201cesgotades\u201d o \u201ccaducades\u201d \u00e9s la proximitat de les convocat\u00f2ries d\u2019Oferta d\u2019Ocupaci\u00f3 P\u00fablica. Tot i aquesta circumst\u00e0ncia, mentre aquesta OOP no s\u2019executi, exigim con\u00e8ixer criteris de selecci\u00f3 del personal \u201cfora\u201d borsa.<\/span><\/p>\n<p><span style=\"font-family: arial, helvetica, sans-serif;color: #000000\">Exigim transpar\u00e8ncia!<\/span><\/p>\n<p><a href=\"http:\/\/ccoo.app\/diputacio-de-barcelona\/wp-content\/blogs.dir\/6\/files\/sites\/186\/2018\/05\/la-nostra-lluita-per-una-bona-gestio-de-les-borses-de-treball-continua-i-continuara-21-6-17.pdf\"><img loading=\"lazy\" decoding=\"async\" class=\"alignnone size-full wp-image-2037\" src=\"http:\/\/ccoo.app\/diputacio-de-barcelona\/wp-content\/blogs.dir\/6\/files\/sites\/186\/2018\/04\/a3.png\" alt=\"\" width=\"193\" height=\"69\" \/><\/a><\/p>\n<p>&nbsp;<\/p>\n<p><span style=\"font-family: arial, helvetica, sans-serif;color: #000000\"><strong>Horari d\u2019atenci\u00f3 CCOO DIBA: <\/strong><\/span><\/p>\n<p><span style=\"font-family: arial, helvetica, sans-serif;color: #000000\"><strong>CARRER MALLORCA, 244, 2on 3a<\/strong><\/span><\/p>\n<p><span style=\"font-family: arial, helvetica, sans-serif;color: #000000\"><strong>DE DILLUNS A DIVENDRES DE 8:30 A 16:30\u00a0\u00a0 <\/strong><span style=\"font-size: 10pt\"><strong>(FORA D\u2019AQUEST HORARI AMB CITA PR\u00c8VIA)<\/strong><\/span><\/span><\/p>\n<p style=\"text-align: center\"><span style=\"font-size: 18pt\"><span style=\"font-family: arial, helvetica, sans-serif;color: #000000\"><strong>\u00a0<\/strong><\/span><span style=\"font-family: arial, helvetica, sans-serif\"><strong><small><span style=\"color: #000000\">Contacta&#8217;ns per tel\u00e8fon 934 022 985 o correu:<\/span> <a href=\"mailto:ccoo@diba.cat\">ccoo@diba.cat<\/a><\/small> <\/strong><\/span><\/span><\/p>\n<p><strong>\u00a0<\/strong><\/p>\n<p><a href=\"https:\/\/twitter.com\/CCOODiba\"><img loading=\"lazy\" decoding=\"async\" class=\"alignleft\" src=\"http:\/\/www.mysocialaccounts.com\/wp-content\/uploads\/2017\/04\/twitter.jpg\" alt=\"Resultado de imagen de twitter\" width=\"44\" height=\"44\" \/><\/a>\u00a0 \u00a0\u00a0<a href=\"http:\/\/diba.ccoo.cat\/\"><img loading=\"lazy\" decoding=\"async\" class=\"\" src=\"https:\/\/encrypted-tbn0.gstatic.com\/images?q=tbn:ANd9GcS98Z75qmWgKpehEkfwdWrInKdK65A-jf2SgkGvuU4oy_fPYt9q\" alt=\"Imagen relacionada\" width=\"52\" height=\"53\" \/><\/a><a href=\"https:\/\/www.facebook.com\/CcooDiputacioDeBarcelona\/\"><img loading=\"lazy\" decoding=\"async\" class=\"alignleft\" src=\"https:\/\/upload.wikimedia.org\/wikipedia\/commons\/thumb\/7\/7c\/Facebook_New_Logo_%282015%29.svg\/2000px-Facebook_New_Logo_%282015%29.svg.png\" alt=\"Resultado de imagen de facebook\" width=\"122\" height=\"46\" \/><\/a><a href=\"https:\/\/www.youtube.com\/channel\/UCFzenkS75udEcs4pB4qoZsg\"><img loading=\"lazy\" decoding=\"async\" class=\"alignleft\" src=\"https:\/\/i.kinja-img.com\/gawker-media\/image\/upload\/s--heVex4FV--\/c_scale,fl_progressive,q_80,w_800\/pol5zfmalpqmpt1jcnbp.png\" alt=\"Resultado de imagen de youtube\" width=\"117\" height=\"50\" \/><\/a><img loading=\"lazy\" decoding=\"async\" class=\"alignleft\" src=\"https:\/\/www.educapeques.com\/wp-content\/uploads\/2016\/04\/descargar-whatsapp.png\" alt=\"Resultado de imagen de whatsapp\" width=\"64\" height=\"50\" \/><\/p>\n<p>&nbsp;<\/p>\n<p>&nbsp;<\/p>\n<p>&nbsp;<\/p>\n<p>&nbsp;<\/p>\n<p>&nbsp;<\/p>\n<p>&nbsp;<\/p>\n<p>&nbsp;<\/p>\n<p>&nbsp;<\/p>\n<p><img loading=\"lazy\" decoding=\"async\" class=\"wp-image-262 alignright\" src=\"http:\/\/ccoo.app\/diputacio-de-barcelona\/wp-content\/blogs.dir\/6\/files\/sites\/186\/2016\/04\/afiliat_ccoo_cat.gif\" alt=\"Tota la informaci\u00f3 de com afiliar-se a CCOO Catalunya i forlmulari d'alta o baxia.\" width=\"90\" height=\"80\" \/><\/p>\n<p>&nbsp;<\/p>\n<p>&nbsp;<\/p>\n<p>&nbsp;<\/p>\n<p>&nbsp;<\/p>\n<p>&nbsp;    \t<\/p>\n","protected":false},"excerpt":{"rendered":"<p>\u00a0 \u00a0 22.05.2018\u00a0 RESUM MESA NEGOCIACI\u00d3 17.05.2018 COM ES SELECCIONA EL PERSONAL QUE NO FORMA PART DE CAP BORSA DE TREBALL? Quin criteri es segueix per a seleccionar el personal &#8230; <\/p>\n<p class=\"read-more-container\"><a title=\"RESUM MESA NEGOCIACI\u00d3 17.05.2018  COM ES SELECCIONA EL PERSONAL QUE NO FORMA PART DE CAP BORSA DE TREBALL?\" class=\"read-more button\" href=\"https:\/\/ccoo.app\/diputacio-de-barcelona\/com-es-selecciona-el-personal-que-no-forma-part-de-cap-borsa-de-treball\/#more-2281\" aria-label=\"Leer m\u00e1s sobre RESUM MESA NEGOCIACI\u00d3 17.05.2018  COM ES SELECCIONA EL PERSONAL QUE NO FORMA PART DE CAP BORSA DE TREBALL?\">Continuar llegint<\/a><\/p>\n","protected":false},"author":4519,"featured_media":2319,"comment_status":"open","ping_status":"open","sticky":false,"template":"","format":"standard","meta":{"footnotes":""},"categories":[19,24,26,31],"tags":[148,180],"class_list":["post-2281","post","type-post","status-publish","format-standard","has-post-thumbnail","hentry","category-comunicats","category-interins","category-mgn","category-personal-interi-comunicats","tag-mesa-general-negociacio","tag-personal-interi","generate-columns","tablet-grid-50","mobile-grid-100","grid-parent","grid-50"],"_links":{"self":[{"href":"https:\/\/ccoo.app\/diputacio-de-barcelona\/wp-json\/wp\/v2\/posts\/2281","targetHints":{"allow":["GET"]}}],"collection":[{"href":"https:\/\/ccoo.app\/diputacio-de-barcelona\/wp-json\/wp\/v2\/posts"}],"about":[{"href":"https:\/\/ccoo.app\/diputacio-de-barcelona\/wp-json\/wp\/v2\/types\/post"}],"author":[{"embeddable":true,"href":"https:\/\/ccoo.app\/diputacio-de-barcelona\/wp-json\/wp\/v2\/users\/4519"}],"replies":[{"embeddable":true,"href":"https:\/\/ccoo.app\/diputacio-de-barcelona\/wp-json\/wp\/v2\/comments?post=2281"}],"version-history":[{"count":1,"href":"https:\/\/ccoo.app\/diputacio-de-barcelona\/wp-json\/wp\/v2\/posts\/2281\/revisions"}],"predecessor-version":[{"id":52168,"href":"https:\/\/ccoo.app\/diputacio-de-barcelona\/wp-json\/wp\/v2\/posts\/2281\/revisions\/52168"}],"wp:featuredmedia":[{"embeddable":true,"href":"https:\/\/ccoo.app\/diputacio-de-barcelona\/wp-json\/wp\/v2\/media\/2319"}],"wp:attachment":[{"href":"https:\/\/ccoo.app\/diputacio-de-barcelona\/wp-json\/wp\/v2\/media?parent=2281"}],"wp:term":[{"taxonomy":"category","embeddable":true,"href":"https:\/\/ccoo.app\/diputacio-de-barcelona\/wp-json\/wp\/v2\/categories?post=2281"},{"taxonomy":"post_tag","embeddable":true,"href":"https:\/\/ccoo.app\/diputacio-de-barcelona\/wp-json\/wp\/v2\/tags?post=2281"}],"curies":[{"name":"wp","href":"https:\/\/api.w.org\/{rel}","templated":true}]}}