{"id":2274,"date":"2018-05-18T11:26:23","date_gmt":"2018-05-18T10:26:23","guid":{"rendered":"https:\/\/diba.ccoo.cat\/?p=2274"},"modified":"2023-02-22T19:10:55","modified_gmt":"2023-02-22T18:10:55","slug":"diputacio-es-compromet-a-complir-amb-els-pactes-relacionats-amb-el-personal-interi","status":"publish","type":"post","link":"https:\/\/ccoo.app\/diputacio-de-barcelona\/diputacio-es-compromet-a-complir-amb-els-pactes-relacionats-amb-el-personal-interi\/","title":{"rendered":"PAMO 2016 i 2017 LA DIPUTACI\u00d3 ES COMPROMET A COMPLIR AMB ELS PACTES RELACIONATS AMB EL PERSONAL INTER\u00cd"},"content":{"rendered":"<p class=\"wp-caption-text\"><img loading=\"lazy\" decoding=\"async\" class=\"alignnone wp-image-1853\" src=\"http:\/\/ccoo.app\/diputacio-de-barcelona\/wp-content\/blogs.dir\/6\/files\/sites\/186\/2018\/01\/logoccoov18.jpg\" alt=\"\" width=\"137\" height=\"63\" \/>\u00a0 \u00a0<a href=\"http:\/\/ccoo.app\/diputacio-de-barcelona\/wp-content\/blogs.dir\/6\/files\/sites\/186\/2018\/05\/pamo-2016-i-2017-la-diputacio-es-compromet-ha-complir-amb-els-pactes-re---.pdf\"><img loading=\"lazy\" decoding=\"async\" class=\" wp-image-2113 alignnone\" src=\"http:\/\/ccoo.app\/diputacio-de-barcelona\/wp-content\/blogs.dir\/6\/files\/sites\/186\/2018\/04\/22-300x172.png\" alt=\"\" width=\"170\" height=\"98\" srcset=\"https:\/\/ccoo.app\/diputacio-de-barcelona\/wp-content\/blogs.dir\/6\/files\/sites\/186\/2018\/04\/22-300x172.png 300w, https:\/\/ccoo.app\/diputacio-de-barcelona\/wp-content\/blogs.dir\/6\/files\/sites\/186\/2018\/04\/22.png 327w\" sizes=\"auto, (max-width: 170px) 100vw, 170px\" \/><\/a><\/p>\n<p class=\"wp-caption-text\"><span style=\"font-family: 'arial black', sans-serif;font-size: 12pt;color: #000000\">18.05.2018\u00a0<\/span><\/p>\n<p style=\"text-align: justify\"><span style=\"font-family: 'arial black', sans-serif;color: #ff0000;font-size: 14pt\"><strong><u>PAMO 2016 i 2017<\/u><\/strong><strong>\u00a0\u00a0<\/strong><b>COMPROM\u00cdS\u00a0DE COMPLIR<\/b><strong>\u00a0<\/strong><strong>AMB ELS PACTES RELACIONATS AMB EL PERSONAL INTER\u00cd MAJOR DE 55 ANYS<\/strong><\/span><\/p>\n<p style=\"text-align: justify\"><span style=\"font-family: Arial, sans-serif;color: #000000\">Fruit de la pressi\u00f3 sindical i de la implicaci\u00f3 dels treballadors i treballadores, que es va veure reflectida en la recollida de m\u00e9s de 600 signatures i que CCOO vam enviar a la presidenta de la Diputaci\u00f3, ahir a la Mesa de Negociaci\u00f3 ens van confirmar que hi ha comprom\u00eds de complir amb els pactes i mesures per a garantir la continu\u00eftat del personal de m\u00e9s de 55 anys.<\/span><\/p>\n<p style=\"text-align: justify\"><span style=\"font-family: Arial, sans-serif;color: #000000\">Hem demanat que aquest comprom\u00eds es tradueixi en un acord per donar encara m\u00e9s garanties al personal afectat. Pr\u00f2ximament ens ho enviaran.<\/span><\/p>\n<p style=\"text-align: justify\"><span style=\"font-family: Arial, sans-serif;color: #000000\">CCOO ens felicitem ja que aix\u00f2 significa retornar <u>al consens<\/u> que s\u2019ha mantingut al llarg de molts i molts anys en aquesta q\u00fcesti\u00f3.<\/span><\/p>\n<p>&nbsp;<\/p>\n<p style=\"text-align: justify\"><span style=\"font-family: Arial, sans-serif;color: #000000\"><a href=\"https:\/\/intradiba.diba.cat\/documents\/28776273\/101294137\/Acord+criteris+contingut+acta+4.3.14+borses+treball+PAMO+2016-2017+i+successius+procsssos\/6eb3bd9c-177b-40e2-81af-c86e7532bf91\"><span style=\"color: #0000ff;font-family: 'arial black', sans-serif\"><strong>Cliqueu aqu\u00ed<\/strong> <\/span><\/a>per veure acord 31 de maig 2018<\/span><\/p>\n<p><span style=\"font-family: Arial, sans-serif;color: #000000\"><a href=\"https:\/\/intradiba.diba.cat\/documents\/28776273\/101294137\/Acord+actualitzaci%C3%B3+criteris+PAMO+2018+i+successius+processos+selectius\/d15ea180-3ea2-4a52-9177-ced41b5017f4\"><span style=\"color: #0000ff;font-family: 'arial black', sans-serif\"><strong>Cliqueu aqu\u00ed<\/strong> <\/span><\/a>per veure actualitzaci\u00f3 de l&#8217;acord (29 de novembre 2018)<\/span><\/p>\n<p style=\"text-align: justify\"><span style=\"font-family: Arial, sans-serif;color: #000000\">\u00a0<\/span><\/p>\n<p>&nbsp;<\/p>\n<p>&nbsp;<\/p>\n<p>&nbsp;<\/p>\n<p><span style=\"font-family: arial, helvetica, sans-serif;color: #000000\"><strong>Horari d\u2019atenci\u00f3 CCOO DIBA: <\/strong><\/span><\/p>\n<p><span style=\"font-family: arial, helvetica, sans-serif;color: #000000\"><strong>CARRER MALLORCA, 244, 2on 3a<\/strong><\/span><\/p>\n<p><span style=\"font-family: arial, helvetica, sans-serif;color: #000000\"><strong>DE DILLUNS A DIVENDRES DE 8:30 A 16:30\u00a0\u00a0 <\/strong><span style=\"font-size: 10pt\"><strong>(FORA D\u2019AQUEST HORARI AMB CITA PR\u00c8VIA)<\/strong><\/span><\/span><\/p>\n<p style=\"text-align: center\"><span style=\"font-size: 18pt\"><span style=\"font-family: arial, helvetica, sans-serif;color: #000000\"><strong>\u00a0<\/strong><\/span><span style=\"font-family: arial, helvetica, sans-serif\"><strong><small><span style=\"color: #000000\">Contacta&#8217;ns per tel\u00e8fon 934 022 985 o correu:<\/span> <a href=\"mailto:ccoo@diba.cat\">ccoo@diba.cat<\/a><\/small> <\/strong><\/span><\/span><\/p>\n<p><strong>\u00a0<\/strong><\/p>\n<p><a href=\"https:\/\/twitter.com\/CCOODiba\"><img loading=\"lazy\" decoding=\"async\" class=\"alignleft\" src=\"http:\/\/www.mysocialaccounts.com\/wp-content\/uploads\/2017\/04\/twitter.jpg\" alt=\"Resultado de imagen de twitter\" width=\"44\" height=\"44\" \/><\/a>\u00a0 \u00a0\u00a0<a href=\"http:\/\/diba.ccoo.cat\/\"><img loading=\"lazy\" decoding=\"async\" class=\"\" src=\"https:\/\/encrypted-tbn0.gstatic.com\/images?q=tbn:ANd9GcS98Z75qmWgKpehEkfwdWrInKdK65A-jf2SgkGvuU4oy_fPYt9q\" alt=\"Imagen relacionada\" width=\"52\" height=\"53\" \/><\/a><a href=\"https:\/\/www.facebook.com\/CcooDiputacioDeBarcelona\/\"><img loading=\"lazy\" decoding=\"async\" class=\"alignleft\" src=\"https:\/\/upload.wikimedia.org\/wikipedia\/commons\/thumb\/7\/7c\/Facebook_New_Logo_%282015%29.svg\/2000px-Facebook_New_Logo_%282015%29.svg.png\" alt=\"Resultado de imagen de facebook\" width=\"122\" height=\"46\" \/><\/a><a href=\"https:\/\/www.youtube.com\/channel\/UCFzenkS75udEcs4pB4qoZsg\"><img loading=\"lazy\" decoding=\"async\" class=\"alignleft\" src=\"https:\/\/i.kinja-img.com\/gawker-media\/image\/upload\/s--heVex4FV--\/c_scale,fl_progressive,q_80,w_800\/pol5zfmalpqmpt1jcnbp.png\" alt=\"Resultado de imagen de youtube\" width=\"117\" height=\"50\" \/><\/a><img loading=\"lazy\" decoding=\"async\" class=\"alignleft\" src=\"https:\/\/www.educapeques.com\/wp-content\/uploads\/2016\/04\/descargar-whatsapp.png\" alt=\"Resultado de imagen de whatsapp\" width=\"64\" height=\"50\" \/><\/p>\n<p>&nbsp;<\/p>\n<p>&nbsp;<\/p>\n<p>&nbsp;<\/p>\n<p>&nbsp;<\/p>\n<p>&nbsp;<\/p>\n<p>&nbsp;<\/p>\n<p>&nbsp;<\/p>\n<p>&nbsp;<\/p>\n<p><img loading=\"lazy\" decoding=\"async\" class=\"wp-image-262 alignright\" src=\"http:\/\/ccoo.app\/diputacio-de-barcelona\/wp-content\/blogs.dir\/6\/files\/sites\/186\/2016\/04\/afiliat_ccoo_cat.gif\" alt=\"Tota la informaci\u00f3 de com afiliar-se a CCOO Catalunya i forlmulari d'alta o baxia.\" width=\"90\" height=\"80\" \/><\/p>\n<p>&nbsp;<\/p>\n<p>&nbsp;<\/p>\n<p>&nbsp;<\/p>\n<p>&nbsp;<\/p>\n<p>&nbsp;    \t<\/p>\n","protected":false},"excerpt":{"rendered":"<p>\u00a0 \u00a0 18.05.2018\u00a0 PAMO 2016 i 2017\u00a0\u00a0COMPROM\u00cdS\u00a0DE COMPLIR\u00a0AMB ELS PACTES RELACIONATS AMB EL PERSONAL INTER\u00cd MAJOR DE 55 ANYS Fruit de la pressi\u00f3 sindical i de la implicaci\u00f3 dels treballadors &#8230; <\/p>\n<p class=\"read-more-container\"><a title=\"PAMO 2016 i 2017 LA DIPUTACI\u00d3 ES COMPROMET A COMPLIR AMB ELS PACTES RELACIONATS AMB EL PERSONAL INTER\u00cd\" class=\"read-more button\" href=\"https:\/\/ccoo.app\/diputacio-de-barcelona\/diputacio-es-compromet-a-complir-amb-els-pactes-relacionats-amb-el-personal-interi\/#more-2274\" aria-label=\"Leer m\u00e1s sobre PAMO 2016 i 2017 LA DIPUTACI\u00d3 ES COMPROMET A COMPLIR AMB ELS PACTES RELACIONATS AMB EL PERSONAL INTER\u00cd\">Continuar llegint<\/a><\/p>\n","protected":false},"author":4519,"featured_media":2010,"comment_status":"open","ping_status":"open","sticky":false,"template":"","format":"standard","meta":{"footnotes":""},"categories":[19,26,27,32],"tags":[61,104,107,108,148,201],"class_list":["post-2274","post","type-post","status-publish","format-standard","has-post-thumbnail","hentry","category-comunicats","category-mgn","category-millores-socials","category-premis","tag-assemblea","tag-els-nostres-drets-no-es-suspenen","tag-es-defensen","tag-escola-industrial","tag-mesa-general-negociacio","tag-edificis-diputacio-de-barcelona-escola-de-la-dona-espai-f-bonnemaison-industrial-urgell-londres-can-serra-mundet-parcs-naturals-recinte-recintes-maternitat","generate-columns","tablet-grid-50","mobile-grid-100","grid-parent","grid-50"],"_links":{"self":[{"href":"https:\/\/ccoo.app\/diputacio-de-barcelona\/wp-json\/wp\/v2\/posts\/2274","targetHints":{"allow":["GET"]}}],"collection":[{"href":"https:\/\/ccoo.app\/diputacio-de-barcelona\/wp-json\/wp\/v2\/posts"}],"about":[{"href":"https:\/\/ccoo.app\/diputacio-de-barcelona\/wp-json\/wp\/v2\/types\/post"}],"author":[{"embeddable":true,"href":"https:\/\/ccoo.app\/diputacio-de-barcelona\/wp-json\/wp\/v2\/users\/4519"}],"replies":[{"embeddable":true,"href":"https:\/\/ccoo.app\/diputacio-de-barcelona\/wp-json\/wp\/v2\/comments?post=2274"}],"version-history":[{"count":1,"href":"https:\/\/ccoo.app\/diputacio-de-barcelona\/wp-json\/wp\/v2\/posts\/2274\/revisions"}],"predecessor-version":[{"id":52171,"href":"https:\/\/ccoo.app\/diputacio-de-barcelona\/wp-json\/wp\/v2\/posts\/2274\/revisions\/52171"}],"wp:featuredmedia":[{"embeddable":true,"href":"https:\/\/ccoo.app\/diputacio-de-barcelona\/wp-json\/wp\/v2\/media\/2010"}],"wp:attachment":[{"href":"https:\/\/ccoo.app\/diputacio-de-barcelona\/wp-json\/wp\/v2\/media?parent=2274"}],"wp:term":[{"taxonomy":"category","embeddable":true,"href":"https:\/\/ccoo.app\/diputacio-de-barcelona\/wp-json\/wp\/v2\/categories?post=2274"},{"taxonomy":"post_tag","embeddable":true,"href":"https:\/\/ccoo.app\/diputacio-de-barcelona\/wp-json\/wp\/v2\/tags?post=2274"}],"curies":[{"name":"wp","href":"https:\/\/api.w.org\/{rel}","templated":true}]}}