{"id":2256,"date":"2018-05-02T14:45:54","date_gmt":"2018-05-02T13:45:54","guid":{"rendered":"https:\/\/diba.ccoo.cat\/?p=2256"},"modified":"2023-02-22T19:10:58","modified_gmt":"2023-02-22T18:10:58","slug":"personal-interi-major-de-55-anys","status":"publish","type":"post","link":"https:\/\/ccoo.app\/diputacio-de-barcelona\/personal-interi-major-de-55-anys\/","title":{"rendered":"Hem fet arribar a la Presidenta de la Diputaci\u00f3 de Barcelona m\u00e9s de 600 signatures exigint que compleixi amb els pactes relacionats amb mesures de protecci\u00f3 i continu\u00eftat del PERSONAL INTER\u00cd MAJOR DE 55 ANYS."},"content":{"rendered":"<p class=\"wp-caption-text\"><img loading=\"lazy\" decoding=\"async\" class=\"alignnone wp-image-1853\" src=\"http:\/\/ccoo.app\/diputacio-de-barcelona\/wp-content\/blogs.dir\/6\/files\/sites\/186\/2018\/01\/logoccoov18.jpg\" alt=\"\" width=\"137\" height=\"63\" \/>\u00a0 \u00a0<a href=\"http:\/\/ccoo.app\/diputacio-de-barcelona\/wp-content\/blogs.dir\/6\/files\/sites\/186\/2018\/05\/acord-majors-55-anys-600-signatures-a-la-presidenta-merce-conesa.pdf\"><img loading=\"lazy\" decoding=\"async\" class=\" wp-image-2113 alignnone\" src=\"http:\/\/ccoo.app\/diputacio-de-barcelona\/wp-content\/blogs.dir\/6\/files\/sites\/186\/2018\/04\/22-300x172.png\" alt=\"\" width=\"170\" height=\"98\" srcset=\"https:\/\/ccoo.app\/diputacio-de-barcelona\/wp-content\/blogs.dir\/6\/files\/sites\/186\/2018\/04\/22-300x172.png 300w, https:\/\/ccoo.app\/diputacio-de-barcelona\/wp-content\/blogs.dir\/6\/files\/sites\/186\/2018\/04\/22.png 327w\" sizes=\"auto, (max-width: 170px) 100vw, 170px\" \/><\/a><\/p>\n<p class=\"wp-caption-text\"><span style=\"font-family: 'arial black', sans-serif;font-size: 12pt;color: #000000\">03.04.2018\u00a0<\/span><\/p>\n<p><span style=\"color: #000000;font-family: arial, helvetica, sans-serif\"><strong>Hem fet arribar a la Presidenta <em>Merc\u00e8 Conesa<\/em>, m\u00e9s de 600 signatures exigint que la Diputaci\u00f3 de Barcelona compleixi amb els pactes relacionats amb <\/strong><strong>mesures de protecci\u00f3 i continu\u00eftat d<\/strong><strong>el PERSONAL INTER\u00cd MAJOR DE 55 ANYS.<\/strong><\/span><\/p>\n<p><span style=\"color: #000000;font-family: arial, helvetica, sans-serif\">La Diputaci\u00f3 de Barcelona est\u00e0 agafant-li gust a retallar o suspendre drets. A vegades ho justifica per un informe no vinculant de la <em>Sindicatura de Comptes<\/em> o per un Informe <em>de reparament<\/em> d\u2019Intervenci\u00f3 per\u00f2, en d\u2019altres casos, nom\u00e9s ho fa PERQU\u00c8 S\u00cd.<\/span><\/p>\n<p>&nbsp;<\/p>\n<p><span style=\"color: #ff0000;font-family: 'arial black', sans-serif\"><strong>CCOO EXIGIM QUE LA DIBA COMPLEIXI ELS ACORDS:<\/strong><\/span><\/p>\n<p>&nbsp;<\/p>\n<ul>\n<li><span style=\"color: #000000;font-family: arial, helvetica, sans-serif\">Mai abans la Diputaci\u00f3 (en PAMOs anteriors) havia q\u00fcestionat aquests pactes de protecci\u00f3 del personal de m\u00e9s edat<\/span><\/li>\n<\/ul>\n<p>&nbsp;<\/p>\n<ul>\n<li><span style=\"color: #000000;font-family: arial, helvetica, sans-serif\">Administracions p\u00fabliques del nostre entorn tenen fixats i pactats criteris relacionats amb el personal inter\u00ed intern que ha de presentar-se als PAMOs<\/span><\/li>\n<\/ul>\n<p>&nbsp;<\/p>\n<ul>\n<li><span style=\"color: #000000;font-family: arial, helvetica, sans-serif\">Els i les nostres companyes interines no nom\u00e9s han acumulat anys d\u2019antiguitat, sin\u00f3 d\u2019experi\u00e8ncia i de formaci\u00f3. Aquests m\u00e8rits i capacitat demostrada conformen una v\u00e0lua important per a la Diputaci\u00f3, i l\u2019ha de salvaguardar com a organitzaci\u00f3.<\/span><\/li>\n<\/ul>\n<p>&nbsp;<\/p>\n<ul>\n<li><span style=\"color: #000000;font-family: arial, helvetica, sans-serif\">La manca d\u2019Oferta P\u00fablica no ha estat culpa del personal inter\u00ed i no obstant ha patit directament la seves conseq\u00fc\u00e8ncies en forma de precarietat i limitaci\u00f3 de drets<\/span><\/li>\n<\/ul>\n<p>&nbsp;<\/p>\n<p><span style=\"color: #000000;font-family: arial, helvetica, sans-serif\">Despr\u00e9s d\u2019esperar ja m\u00e9s de tres mesos a que es convoqui una reuni\u00f3 per parlar d\u2019aquest tema, <u>CCOO no descartem res<\/u> per a defensar el compliment d\u2019aquests pactes. En aquests moments, entenem que el conflicte est\u00e0 servit.<\/span><\/p>\n<p><span style=\"color: #000000;font-family: arial, helvetica, sans-serif\"><strong>\u00a0<\/strong><\/span><\/p>\n<p><span style=\"color: #000000;font-family: arial, helvetica, sans-serif\"><strong><span style=\"font-size: 18pt;color: #ff0000\">Ja n\u2019hi ha prou de menyspreus!<\/span>\u00a0 <\/strong><\/span><\/p>\n<p>&nbsp;<\/p>\n<p><span style=\"font-family: arial, helvetica, sans-serif;color: #000000\"><strong>Horari d\u2019atenci\u00f3 CCOO DIBA: <\/strong><\/span><\/p>\n<p><span style=\"font-family: arial, helvetica, sans-serif;color: #000000\"><strong>CARRER MALLORCA, 244, 2on 3a<\/strong><\/span><\/p>\n<p><span style=\"font-family: arial, helvetica, sans-serif;color: #000000\"><strong>DE DILLUNS A DIVENDRES DE 8:30 A 16:30\u00a0\u00a0 <\/strong><span style=\"font-size: 10pt\"><strong>(FORA D\u2019AQUEST HORARI AMB CITA PR\u00c8VIA)<\/strong><\/span><\/span><\/p>\n<p style=\"text-align: center\"><span style=\"font-size: 18pt\"><span style=\"font-family: arial, helvetica, sans-serif;color: #000000\"><strong>\u00a0<\/strong><\/span><span style=\"font-family: arial, helvetica, sans-serif\"><strong><small><span style=\"color: #000000\">Contacta&#8217;ns per tel\u00e8fon 934 022 985 o correu:<\/span> <a href=\"mailto:ccoo@diba.cat\">ccoo@diba.cat<\/a><\/small> <\/strong><\/span><\/span><\/p>\n<p><strong>\u00a0<\/strong><\/p>\n<p><a href=\"https:\/\/twitter.com\/CCOODiba\"><img loading=\"lazy\" decoding=\"async\" class=\"alignleft\" src=\"http:\/\/www.mysocialaccounts.com\/wp-content\/uploads\/2017\/04\/twitter.jpg\" alt=\"Resultado de imagen de twitter\" width=\"44\" height=\"44\" \/><\/a>\u00a0 \u00a0\u00a0<a href=\"http:\/\/diba.ccoo.cat\/\"><img loading=\"lazy\" decoding=\"async\" class=\"\" src=\"https:\/\/encrypted-tbn0.gstatic.com\/images?q=tbn:ANd9GcS98Z75qmWgKpehEkfwdWrInKdK65A-jf2SgkGvuU4oy_fPYt9q\" alt=\"Imagen relacionada\" width=\"52\" height=\"53\" \/><\/a><a href=\"https:\/\/www.facebook.com\/CcooDiputacioDeBarcelona\/\"><img loading=\"lazy\" decoding=\"async\" class=\"alignleft\" src=\"https:\/\/upload.wikimedia.org\/wikipedia\/commons\/thumb\/7\/7c\/Facebook_New_Logo_%282015%29.svg\/2000px-Facebook_New_Logo_%282015%29.svg.png\" alt=\"Resultado de imagen de facebook\" width=\"122\" height=\"46\" \/><\/a><a href=\"https:\/\/www.youtube.com\/channel\/UCFzenkS75udEcs4pB4qoZsg\"><img loading=\"lazy\" decoding=\"async\" class=\"alignleft\" src=\"https:\/\/i.kinja-img.com\/gawker-media\/image\/upload\/s--heVex4FV--\/c_scale,fl_progressive,q_80,w_800\/pol5zfmalpqmpt1jcnbp.png\" alt=\"Resultado de imagen de youtube\" width=\"117\" height=\"50\" \/><\/a><img loading=\"lazy\" decoding=\"async\" class=\"alignleft\" src=\"https:\/\/www.educapeques.com\/wp-content\/uploads\/2016\/04\/descargar-whatsapp.png\" alt=\"Resultado de imagen de whatsapp\" width=\"64\" height=\"50\" \/><\/p>\n<p>&nbsp;<\/p>\n<p>&nbsp;<\/p>\n<p>&nbsp;<\/p>\n<p>&nbsp;<\/p>\n<p>&nbsp;<\/p>\n<p>&nbsp;<\/p>\n<p>&nbsp;<\/p>\n<p>&nbsp;<\/p>\n<p><img loading=\"lazy\" decoding=\"async\" class=\"wp-image-262 alignright\" src=\"http:\/\/ccoo.app\/diputacio-de-barcelona\/wp-content\/blogs.dir\/6\/files\/sites\/186\/2016\/04\/afiliat_ccoo_cat.gif\" alt=\"Tota la informaci\u00f3 de com afiliar-se a CCOO Catalunya i forlmulari d'alta o baxia.\" width=\"90\" height=\"80\" \/><\/p>\n<p>&nbsp;<\/p>\n<p>&nbsp;<\/p>\n<p>&nbsp;<\/p>\n<p>&nbsp;<\/p>\n<p>&nbsp;    \t<\/p>\n","protected":false},"excerpt":{"rendered":"<p>\u00a0 \u00a0 03.04.2018\u00a0 Hem fet arribar a la Presidenta Merc\u00e8 Conesa, m\u00e9s de 600 signatures exigint que la Diputaci\u00f3 de Barcelona compleixi amb els pactes relacionats amb mesures de protecci\u00f3 &#8230; <\/p>\n<p class=\"read-more-container\"><a title=\"Hem fet arribar a la Presidenta de la Diputaci\u00f3 de Barcelona m\u00e9s de 600 signatures exigint que compleixi amb els pactes relacionats amb mesures de protecci\u00f3 i continu\u00eftat del PERSONAL INTER\u00cd MAJOR DE 55 ANYS.\" class=\"read-more button\" href=\"https:\/\/ccoo.app\/diputacio-de-barcelona\/personal-interi-major-de-55-anys\/#more-2256\" aria-label=\"Leer m\u00e1s sobre Hem fet arribar a la Presidenta de la Diputaci\u00f3 de Barcelona m\u00e9s de 600 signatures exigint que compleixi amb els pactes relacionats amb mesures de protecci\u00f3 i continu\u00eftat del PERSONAL INTER\u00cd MAJOR DE 55 ANYS.\">Continuar llegint<\/a><\/p>\n","protected":false},"author":4519,"featured_media":2005,"comment_status":"open","ping_status":"open","sticky":false,"template":"","format":"standard","meta":{"footnotes":""},"categories":[19,26,27,32],"tags":[61,105,108,148,201],"class_list":["post-2256","post","type-post","status-publish","format-standard","has-post-thumbnail","hentry","category-comunicats","category-mgn","category-millores-socials","category-premis","tag-assemblea","tag-els-nostres-drets-no-es-suspenen-es-defensen","tag-escola-industrial","tag-mesa-general-negociacio","tag-edificis-diputacio-de-barcelona-escola-de-la-dona-espai-f-bonnemaison-industrial-urgell-londres-can-serra-mundet-parcs-naturals-recinte-recintes-maternitat","generate-columns","tablet-grid-50","mobile-grid-100","grid-parent","grid-50"],"_links":{"self":[{"href":"https:\/\/ccoo.app\/diputacio-de-barcelona\/wp-json\/wp\/v2\/posts\/2256","targetHints":{"allow":["GET"]}}],"collection":[{"href":"https:\/\/ccoo.app\/diputacio-de-barcelona\/wp-json\/wp\/v2\/posts"}],"about":[{"href":"https:\/\/ccoo.app\/diputacio-de-barcelona\/wp-json\/wp\/v2\/types\/post"}],"author":[{"embeddable":true,"href":"https:\/\/ccoo.app\/diputacio-de-barcelona\/wp-json\/wp\/v2\/users\/4519"}],"replies":[{"embeddable":true,"href":"https:\/\/ccoo.app\/diputacio-de-barcelona\/wp-json\/wp\/v2\/comments?post=2256"}],"version-history":[{"count":1,"href":"https:\/\/ccoo.app\/diputacio-de-barcelona\/wp-json\/wp\/v2\/posts\/2256\/revisions"}],"predecessor-version":[{"id":52173,"href":"https:\/\/ccoo.app\/diputacio-de-barcelona\/wp-json\/wp\/v2\/posts\/2256\/revisions\/52173"}],"wp:featuredmedia":[{"embeddable":true,"href":"https:\/\/ccoo.app\/diputacio-de-barcelona\/wp-json\/wp\/v2\/media\/2005"}],"wp:attachment":[{"href":"https:\/\/ccoo.app\/diputacio-de-barcelona\/wp-json\/wp\/v2\/media?parent=2256"}],"wp:term":[{"taxonomy":"category","embeddable":true,"href":"https:\/\/ccoo.app\/diputacio-de-barcelona\/wp-json\/wp\/v2\/categories?post=2256"},{"taxonomy":"post_tag","embeddable":true,"href":"https:\/\/ccoo.app\/diputacio-de-barcelona\/wp-json\/wp\/v2\/tags?post=2256"}],"curies":[{"name":"wp","href":"https:\/\/api.w.org\/{rel}","templated":true}]}}