{"id":2249,"date":"2018-05-02T12:23:49","date_gmt":"2018-05-02T11:23:49","guid":{"rendered":"https:\/\/diba.ccoo.cat\/?p=2249"},"modified":"2023-02-22T19:11:00","modified_gmt":"2023-02-22T18:11:00","slug":"relacio-provisional-complement-de-carrera-nt-nivell-de-transicio","status":"publish","type":"post","link":"https:\/\/ccoo.app\/diputacio-de-barcelona\/relacio-provisional-complement-de-carrera-nt-nivell-de-transicio\/","title":{"rendered":"RELACI\u00d3 PROVISIONAL COMPLEMENT DE CARRERA (NT-NIVELL DE TRANSICI\u00d3)"},"content":{"rendered":"<p class=\"wp-caption-text\"><img loading=\"lazy\" decoding=\"async\" class=\"alignnone wp-image-1853\" src=\"http:\/\/ccoo.app\/diputacio-de-barcelona\/wp-content\/blogs.dir\/6\/files\/sites\/186\/2018\/01\/logoccoov18.jpg\" alt=\"\" width=\"137\" height=\"63\" \/><\/p>\n<p class=\"wp-caption-text\"><span style=\"font-family: 'arial black', sans-serif;font-size: 12pt;color: #000000\">02.05.2018\u00a0<\/span><\/p>\n<div class=\"journal-content-article\">\n<p style=\"text-align: center\"><span style=\"font-family: 'arial black', sans-serif;font-size: 18pt;color: #ff0000\">RELACI\u00d3 PROVISIONAL COMPLEMENT DE CARRERA (NT-NIVELL DE TRANSICI\u00d3)<\/span><\/p>\n<p><span style=\"font-family: arial, helvetica, sans-serif;color: #000000\"><strong>S\u2019ha publicat la relaci\u00f3 provisional d\u2019empleats susceptibles del reconeixement del dret al complement de carrera<\/strong> (L&#8217;Acord de la mesa general de negociaci\u00f3 de mat\u00e8ries comunes de 18 de desembre de 2017, ratificat pel Ple corporatiu mitjan\u00e7ant Acord aprovat en sessi\u00f3 de data 25 de gener de 2018, regula el reconeixement d\u2019un complement de carrera NT-Nivell de transici\u00f3).<\/span><span style=\"font-family: arial, helvetica, sans-serif;color: #000000\">Aquesta informaci\u00f3 es pot consultar per n\u00famero d\u2019empleat, directament al Tauler d\u2019anuncis de la Direcci\u00f3 dels Serveis de Recursos Humans de la Diputaci\u00f3 de Barcelona (Minerva, 4, 08006 Barcelona) i\u00a0tamb\u00e9 a la\u00a0<span style=\"color: #0000ff\"><strong><a style=\"color: #0000ff\" href=\"https:\/\/intradiba.diba.cat\/web\/desenvolupament-profesional\/decret-complement-de-carrera-nt-nivell-de-transicio-\" target=\"_blank\" rel=\"noopener\">Intradiba<\/a>.<\/strong><\/span><\/span><\/p>\n<p><span style=\"font-family: arial, helvetica, sans-serif;color: #000000\">El termini per a la possible presentaci\u00f3 d\u2019al\u00b7legacions i reclamacions \u00e9s del 3 de maig al 16 de maig, tots dos inclosos.<\/span><\/p>\n<p><span style=\"font-family: arial, helvetica, sans-serif;color: #000000\">Per a qualsevol consulta podeu contactar-nos al tel\u00e8fon <strong><span style=\"color: #0000ff\">934 020 761 (ext. 20761)<\/span><\/strong> o enviant un missatge a\u00a0<strong><span style=\"color: #0000ff\"><a style=\"color: #0000ff\" href=\"mailto:dsrh.carreraprof@diba.cat\">dsrh.carreraprof@diba.cat<\/a>.<\/span><\/strong><\/span><strong style=\"color: #000000\"><span style=\"color: #0000ff\">\u00a0<\/span> \u00a0 \u00a0\u00a0<\/strong><\/p>\n<\/div>\n<p><a href=\"http:\/\/ccoo.app\/diputacio-de-barcelona\/wp-content\/blogs.dir\/6\/files\/sites\/186\/2018\/05\/acord-reconeixement-complement-de-carrera-nt.pdf\"><img loading=\"lazy\" decoding=\"async\" class=\"alignnone size-full wp-image-2037\" src=\"http:\/\/ccoo.app\/diputacio-de-barcelona\/wp-content\/blogs.dir\/6\/files\/sites\/186\/2018\/04\/a3.png\" alt=\"\" width=\"193\" height=\"69\" \/><\/a><\/p>\n<p>&nbsp;<\/p>\n<p><span style=\"font-family: arial, helvetica, sans-serif;color: #000000\"><strong>Horari d\u2019atenci\u00f3 CCOO DIBA: <\/strong><\/span><\/p>\n<p><span style=\"font-family: arial, helvetica, sans-serif;color: #000000\"><strong>CARRER MALLORCA, 244, 2on 3a<\/strong><\/span><\/p>\n<p><span style=\"font-family: arial, helvetica, sans-serif;color: #000000\"><strong>DE DILLUNS A DIVENDRES DE 8:30 A 16:30\u00a0\u00a0 <\/strong><span style=\"font-size: 10pt\"><strong>(FORA D\u2019AQUEST HORARI AMB CITA PR\u00c8VIA)<\/strong><\/span><\/span><\/p>\n<p style=\"text-align: center\"><span style=\"font-size: 18pt\"><span style=\"font-family: arial, helvetica, sans-serif;color: #000000\"><strong>\u00a0<\/strong><\/span><span style=\"font-family: arial, helvetica, sans-serif\"><strong><small><span style=\"color: #000000\">Contacta&#8217;ns per tel\u00e8fon 934 022 985 o correu:<\/span> <a href=\"mailto:ccoo@diba.cat\">ccoo@diba.cat<\/a><\/small> <\/strong><\/span><\/span><\/p>\n<p><strong>\u00a0<\/strong><\/p>\n<p><a href=\"https:\/\/twitter.com\/CCOODiba\"><img loading=\"lazy\" decoding=\"async\" class=\"alignleft\" src=\"http:\/\/www.mysocialaccounts.com\/wp-content\/uploads\/2017\/04\/twitter.jpg\" alt=\"Resultado de imagen de twitter\" width=\"44\" height=\"44\" \/><\/a>\u00a0 \u00a0\u00a0<a href=\"http:\/\/diba.ccoo.cat\/\"><img loading=\"lazy\" decoding=\"async\" class=\"\" src=\"https:\/\/encrypted-tbn0.gstatic.com\/images?q=tbn:ANd9GcS98Z75qmWgKpehEkfwdWrInKdK65A-jf2SgkGvuU4oy_fPYt9q\" alt=\"Imagen relacionada\" width=\"52\" height=\"53\" \/><\/a><a href=\"https:\/\/www.facebook.com\/CcooDiputacioDeBarcelona\/\"><img loading=\"lazy\" decoding=\"async\" class=\"alignleft\" src=\"https:\/\/upload.wikimedia.org\/wikipedia\/commons\/thumb\/7\/7c\/Facebook_New_Logo_%282015%29.svg\/2000px-Facebook_New_Logo_%282015%29.svg.png\" alt=\"Resultado de imagen de facebook\" width=\"122\" height=\"46\" \/><\/a><a href=\"https:\/\/www.youtube.com\/channel\/UCFzenkS75udEcs4pB4qoZsg\"><img loading=\"lazy\" decoding=\"async\" class=\"alignleft\" src=\"https:\/\/i.kinja-img.com\/gawker-media\/image\/upload\/s--heVex4FV--\/c_scale,fl_progressive,q_80,w_800\/pol5zfmalpqmpt1jcnbp.png\" alt=\"Resultado de imagen de youtube\" width=\"117\" height=\"50\" \/><\/a><img loading=\"lazy\" decoding=\"async\" class=\"alignleft\" src=\"https:\/\/www.educapeques.com\/wp-content\/uploads\/2016\/04\/descargar-whatsapp.png\" alt=\"Resultado de imagen de whatsapp\" width=\"64\" height=\"50\" \/><\/p>\n<p>&nbsp;<\/p>\n<p>&nbsp;<\/p>\n<p>&nbsp;<\/p>\n<p>&nbsp;<\/p>\n<p>&nbsp;<\/p>\n<p>&nbsp;<\/p>\n<p>&nbsp;<\/p>\n<p>&nbsp;<\/p>\n<p><img loading=\"lazy\" decoding=\"async\" class=\"wp-image-262 alignright\" src=\"http:\/\/ccoo.app\/diputacio-de-barcelona\/wp-content\/blogs.dir\/6\/files\/sites\/186\/2016\/04\/afiliat_ccoo_cat.gif\" alt=\"Tota la informaci\u00f3 de com afiliar-se a CCOO Catalunya i forlmulari d'alta o baxia.\" width=\"90\" height=\"80\" \/><\/p>\n<p>&nbsp;<\/p>\n<p>&nbsp;<\/p>\n<p>&nbsp;<\/p>\n<p>&nbsp;<\/p>\n<p>&nbsp;    \t<\/p>\n","protected":false},"excerpt":{"rendered":"<p>02.05.2018\u00a0 RELACI\u00d3 PROVISIONAL COMPLEMENT DE CARRERA (NT-NIVELL DE TRANSICI\u00d3) S\u2019ha publicat la relaci\u00f3 provisional d\u2019empleats susceptibles del reconeixement del dret al complement de carrera (L&#8217;Acord de la mesa general de &#8230; <\/p>\n<p class=\"read-more-container\"><a title=\"RELACI\u00d3 PROVISIONAL COMPLEMENT DE CARRERA (NT-NIVELL DE TRANSICI\u00d3)\" class=\"read-more button\" href=\"https:\/\/ccoo.app\/diputacio-de-barcelona\/relacio-provisional-complement-de-carrera-nt-nivell-de-transicio\/#more-2249\" aria-label=\"Leer m\u00e1s sobre RELACI\u00d3 PROVISIONAL COMPLEMENT DE CARRERA (NT-NIVELL DE TRANSICI\u00d3)\">Continuar llegint<\/a><\/p>\n","protected":false},"author":4519,"featured_media":2251,"comment_status":"open","ping_status":"open","sticky":false,"template":"","format":"standard","meta":{"footnotes":""},"categories":[40,16,19,26],"tags":[148],"class_list":["post-2249","post","type-post","status-publish","format-standard","has-post-thumbnail","hentry","category-carrera-horitzontal","category-carrera-professional","category-comunicats","category-mgn","tag-mesa-general-negociacio","generate-columns","tablet-grid-50","mobile-grid-100","grid-parent","grid-50"],"_links":{"self":[{"href":"https:\/\/ccoo.app\/diputacio-de-barcelona\/wp-json\/wp\/v2\/posts\/2249","targetHints":{"allow":["GET"]}}],"collection":[{"href":"https:\/\/ccoo.app\/diputacio-de-barcelona\/wp-json\/wp\/v2\/posts"}],"about":[{"href":"https:\/\/ccoo.app\/diputacio-de-barcelona\/wp-json\/wp\/v2\/types\/post"}],"author":[{"embeddable":true,"href":"https:\/\/ccoo.app\/diputacio-de-barcelona\/wp-json\/wp\/v2\/users\/4519"}],"replies":[{"embeddable":true,"href":"https:\/\/ccoo.app\/diputacio-de-barcelona\/wp-json\/wp\/v2\/comments?post=2249"}],"version-history":[{"count":1,"href":"https:\/\/ccoo.app\/diputacio-de-barcelona\/wp-json\/wp\/v2\/posts\/2249\/revisions"}],"predecessor-version":[{"id":52174,"href":"https:\/\/ccoo.app\/diputacio-de-barcelona\/wp-json\/wp\/v2\/posts\/2249\/revisions\/52174"}],"wp:featuredmedia":[{"embeddable":true,"href":"https:\/\/ccoo.app\/diputacio-de-barcelona\/wp-json\/wp\/v2\/media\/2251"}],"wp:attachment":[{"href":"https:\/\/ccoo.app\/diputacio-de-barcelona\/wp-json\/wp\/v2\/media?parent=2249"}],"wp:term":[{"taxonomy":"category","embeddable":true,"href":"https:\/\/ccoo.app\/diputacio-de-barcelona\/wp-json\/wp\/v2\/categories?post=2249"},{"taxonomy":"post_tag","embeddable":true,"href":"https:\/\/ccoo.app\/diputacio-de-barcelona\/wp-json\/wp\/v2\/tags?post=2249"}],"curies":[{"name":"wp","href":"https:\/\/api.w.org\/{rel}","templated":true}]}}