{"id":2227,"date":"2018-04-27T14:08:30","date_gmt":"2018-04-27T13:08:30","guid":{"rendered":"https:\/\/diba.ccoo.cat\/?p=2227"},"modified":"2023-02-22T19:11:04","modified_gmt":"2023-02-22T18:11:04","slug":"resum-concentracio-davant-can-serra-26-4-2017","status":"publish","type":"post","link":"https:\/\/ccoo.app\/diputacio-de-barcelona\/resum-concentracio-davant-can-serra-26-4-2017\/","title":{"rendered":"RESUM CONCENTRACI\u00d3 DAVANT CAN SERRA 26.4.2017"},"content":{"rendered":"<p class=\"wp-caption-text\"><img loading=\"lazy\" decoding=\"async\" class=\"alignnone wp-image-1853\" src=\"http:\/\/ccoo.app\/diputacio-de-barcelona\/wp-content\/blogs.dir\/6\/files\/sites\/186\/2018\/01\/logoccoov18.jpg\" alt=\"\" width=\"137\" height=\"63\" \/>\u00a0<a href=\"https:\/\/diba.ccoo.cat\/wp-content\/uploads\/sites\/37\/2018\/04\/CONCENTRACI%C3%93-26.04.18-AGRA%C3%8FMENTS-I-LA-LLUITA-CONTINUA.pdf\"><img loading=\"lazy\" decoding=\"async\" class=\"alignnone wp-image-2113\" src=\"http:\/\/ccoo.app\/diputacio-de-barcelona\/wp-content\/blogs.dir\/6\/files\/sites\/186\/2018\/04\/22-300x172.png\" alt=\"\" width=\"230\" height=\"132\" srcset=\"https:\/\/ccoo.app\/diputacio-de-barcelona\/wp-content\/blogs.dir\/6\/files\/sites\/186\/2018\/04\/22-300x172.png 300w, https:\/\/ccoo.app\/diputacio-de-barcelona\/wp-content\/blogs.dir\/6\/files\/sites\/186\/2018\/04\/22.png 327w\" sizes=\"auto, (max-width: 230px) 100vw, 230px\" \/> <\/a><\/p>\n<p class=\"wp-caption-text\"><span style=\"font-family: 'arial black', sans-serif;font-size: 12pt;color: #000000\">27.04.2018\u00a0<\/span><\/p>\n<p><span style=\"font-family: 'arial black', sans-serif;color: #ff0000;font-size: 14pt\">CONCENTRACI\u00d3 DAVANT CAN SERRA 26.4.2017. AMB LA UNITAT, FOR\u00c7A I LLUITA HO ACONSEGUIREM!<\/span><\/p>\n<p><span style=\"color: #000000;font-family: arial, helvetica, sans-serif\"><strong>\u00a0<\/strong><\/span><span style=\"font-family: arial, helvetica, sans-serif;color: #000000\"><strong>Volem agrair a tots i totes les companyes de la DiBa l\u2019esfor\u00e7, implicaci\u00f3 i suport massiu demostrat a la mobilitzaci\u00f3 d\u2019ahir davant Can Serra.<\/strong><\/span><\/p>\n<p><span style=\"color: #000000\"><strong><span style=\"font-family: arial, helvetica, sans-serif;color: #000000\">Sense el vostre suport no seria possible una correlaci\u00f3 de forces que possibilit\u00e9s una negociaci\u00f3 digna i en igualtat de condicions envers la corporaci\u00f3.<\/span><\/strong><\/span><\/p>\n<p><span style=\"color: #000000\"><strong><img loading=\"lazy\" decoding=\"async\" class=\"wp-image-2229 aligncenter\" src=\"http:\/\/ccoo.app\/diputacio-de-barcelona\/wp-content\/blogs.dir\/6\/files\/sites\/186\/2018\/04\/concentracio-27-4-18-300x169.jpg\" alt=\"\" width=\"598\" height=\"337\" srcset=\"https:\/\/ccoo.app\/diputacio-de-barcelona\/wp-content\/blogs.dir\/6\/files\/sites\/186\/2018\/04\/concentracio-27-4-18-300x169.jpg 300w, https:\/\/ccoo.app\/diputacio-de-barcelona\/wp-content\/blogs.dir\/6\/files\/sites\/186\/2018\/04\/concentracio-27-4-18-768x432.jpg 768w, https:\/\/ccoo.app\/diputacio-de-barcelona\/wp-content\/blogs.dir\/6\/files\/sites\/186\/2018\/04\/concentracio-27-4-18.jpg 1024w\" sizes=\"auto, (max-width: 598px) 100vw, 598px\" \/>\u00a0 \u00a0 \u00a0 \u00a0 \u00a0<\/strong><\/span><\/p>\n<p><span style=\"font-family: arial, helvetica, sans-serif;color: #000000\">Entenem que aquesta demostraci\u00f3 de for\u00e7a \u00e9s imprescindible. Ens ha ajudat a donar soluci\u00f3 ja a l\u2019impagament dels INCENTIUS PER A JUBILACI\u00d3.<\/span><\/p>\n<p><span style=\"font-family: arial, helvetica, sans-serif;color: #000000\">Per\u00f2 encara hi han temes sense resoldre: <strong>paga d\u2019assidu\u00eftat, Jornada i Premis d\u2019antiguitat.<\/strong>\u00a0 I m\u00e9s enll\u00e0 de <em>l\u2019Informe de la Sindicatura<\/em>, tenim l\u2019incompliment de <strong>l\u2019Acord de protecci\u00f3 del personal major de 55 anys, <\/strong>la inexist\u00e8ncia d\u2019un <strong>reglament de borses <\/strong>o la<strong> manca de Promoci\u00f3 Interna real<\/strong> entre altres moltes coses.<\/span><\/p>\n<p><span style=\"font-family: arial, helvetica, sans-serif;color: #000000\">Per tant, <strong>hem de mantenir <\/strong><strong>la pressi\u00f3 i mobilitzaci\u00f3 <\/strong><strong>fins<\/strong><strong> aconseguir <\/strong><strong>els<\/strong><strong> objectius <\/strong><strong>que <\/strong><strong>ens hem marcat.<\/strong><\/span><\/p>\n<p><span style=\"font-family: arial, helvetica, sans-serif\">Pots veure la noticia al seg\u00fcent enlla\u00e7:<\/span> <a href=\"http:\/\/beteve.cat\/treballadors-diputacio-concentracio-incompliment-condicions-laborals\/\"><span style=\"font-size: 14pt;color: #0000ff\"><strong>@beteve\u00a0<\/strong><\/span><\/a><\/p>\n<p style=\"text-align: center\"><span style=\"font-family: arial, helvetica, sans-serif;color: #000000\"><strong>.<img loading=\"lazy\" decoding=\"async\" class=\"alignnone wp-image-2231\" src=\"http:\/\/ccoo.app\/diputacio-de-barcelona\/wp-content\/blogs.dir\/6\/files\/sites\/186\/2018\/04\/dsc0011x-282x300.jpg\" alt=\"\" width=\"339\" height=\"361\" srcset=\"https:\/\/ccoo.app\/diputacio-de-barcelona\/wp-content\/blogs.dir\/6\/files\/sites\/186\/2018\/04\/dsc0011x-282x300.jpg 282w, https:\/\/ccoo.app\/diputacio-de-barcelona\/wp-content\/blogs.dir\/6\/files\/sites\/186\/2018\/04\/dsc0011x-961x1024.jpg 961w, https:\/\/ccoo.app\/diputacio-de-barcelona\/wp-content\/blogs.dir\/6\/files\/sites\/186\/2018\/04\/dsc0011x-768x818.jpg 768w, https:\/\/ccoo.app\/diputacio-de-barcelona\/wp-content\/blogs.dir\/6\/files\/sites\/186\/2018\/04\/dsc0011x-1442x1536.jpg 1442w, https:\/\/ccoo.app\/diputacio-de-barcelona\/wp-content\/blogs.dir\/6\/files\/sites\/186\/2018\/04\/dsc0011x-1923x2048.jpg 1923w\" sizes=\"auto, (max-width: 339px) 100vw, 339px\" \/><\/strong><\/span><\/p>\n<p><a href=\"https:\/\/diba.ccoo.cat\/wp-content\/uploads\/sites\/37\/2018\/04\/RECURS-REPOSICI%C3%93-IMPAGAMENTS-PREMIS.pdf\"><img loading=\"lazy\" decoding=\"async\" class=\"alignnone size-medium wp-image-2214\" src=\"http:\/\/ccoo.app\/diputacio-de-barcelona\/wp-content\/blogs.dir\/6\/files\/sites\/186\/2018\/04\/as-300x148.png\" alt=\"\" width=\"300\" height=\"148\" srcset=\"https:\/\/ccoo.app\/diputacio-de-barcelona\/wp-content\/blogs.dir\/6\/files\/sites\/186\/2018\/04\/as-300x148.png 300w, https:\/\/ccoo.app\/diputacio-de-barcelona\/wp-content\/blogs.dir\/6\/files\/sites\/186\/2018\/04\/as.png 427w\" sizes=\"auto, (max-width: 300px) 100vw, 300px\" \/><\/a><\/p>\n<p>&nbsp;<\/p>\n<p>&nbsp;<\/p>\n<p><span style=\"font-family: arial, helvetica, sans-serif;color: #000000\"><strong>Horari d\u2019atenci\u00f3 CCOO DIBA: <\/strong><\/span><\/p>\n<p><span style=\"font-family: arial, helvetica, sans-serif;color: #000000\"><strong>CARRER MALLORCA, 244, 2on 3a<\/strong><\/span><\/p>\n<p><span style=\"font-family: arial, helvetica, sans-serif;color: #000000\"><strong>DE DILLUNS A DIVENDRES DE 8:30 A 16:30\u00a0\u00a0 <\/strong><span style=\"font-size: 10pt\"><strong>(FORA D\u2019AQUEST HORARI AMB CITA PR\u00c8VIA)<\/strong><\/span><\/span><\/p>\n<p style=\"text-align: center\"><span style=\"font-size: 18pt\"><span style=\"font-family: arial, helvetica, sans-serif;color: #000000\"><strong>\u00a0<\/strong><\/span><span style=\"font-family: arial, helvetica, sans-serif\"><strong><small><span style=\"color: #000000\">Contacta&#8217;ns per tel\u00e8fon 934 022 985 o correu:<\/span> <a href=\"mailto:ccoo@diba.cat\">ccoo@diba.cat<\/a><\/small> <\/strong><\/span><\/span><\/p>\n<p><strong>\u00a0<\/strong><\/p>\n<p><a href=\"https:\/\/twitter.com\/CCOODiba\"><img loading=\"lazy\" decoding=\"async\" class=\"alignleft\" src=\"http:\/\/www.mysocialaccounts.com\/wp-content\/uploads\/2017\/04\/twitter.jpg\" alt=\"Resultado de imagen de twitter\" width=\"44\" height=\"44\" \/><\/a>\u00a0 \u00a0\u00a0<a href=\"http:\/\/diba.ccoo.cat\/\"><img loading=\"lazy\" decoding=\"async\" class=\"\" src=\"https:\/\/encrypted-tbn0.gstatic.com\/images?q=tbn:ANd9GcS98Z75qmWgKpehEkfwdWrInKdK65A-jf2SgkGvuU4oy_fPYt9q\" alt=\"Imagen relacionada\" width=\"52\" height=\"53\" \/><\/a><a href=\"https:\/\/www.facebook.com\/CcooDiputacioDeBarcelona\/\"><img loading=\"lazy\" decoding=\"async\" class=\"alignleft\" src=\"https:\/\/upload.wikimedia.org\/wikipedia\/commons\/thumb\/7\/7c\/Facebook_New_Logo_%282015%29.svg\/2000px-Facebook_New_Logo_%282015%29.svg.png\" alt=\"Resultado de imagen de facebook\" width=\"122\" height=\"46\" \/><\/a><a href=\"https:\/\/www.youtube.com\/channel\/UCFzenkS75udEcs4pB4qoZsg\"><img loading=\"lazy\" decoding=\"async\" class=\"alignleft\" src=\"https:\/\/i.kinja-img.com\/gawker-media\/image\/upload\/s--heVex4FV--\/c_scale,fl_progressive,q_80,w_800\/pol5zfmalpqmpt1jcnbp.png\" alt=\"Resultado de imagen de youtube\" width=\"117\" height=\"50\" \/><\/a><img loading=\"lazy\" decoding=\"async\" class=\"alignleft\" src=\"https:\/\/www.educapeques.com\/wp-content\/uploads\/2016\/04\/descargar-whatsapp.png\" alt=\"Resultado de imagen de whatsapp\" width=\"64\" height=\"50\" \/><\/p>\n<p>&nbsp;<\/p>\n<p>&nbsp;<\/p>\n<p>&nbsp;<\/p>\n<p>&nbsp;<\/p>\n<p>&nbsp;<\/p>\n<p>&nbsp;<\/p>\n<p>&nbsp;<\/p>\n<p>&nbsp;<\/p>\n<p><img loading=\"lazy\" decoding=\"async\" class=\"wp-image-262 alignright\" src=\"http:\/\/ccoo.app\/diputacio-de-barcelona\/wp-content\/blogs.dir\/6\/files\/sites\/186\/2016\/04\/afiliat_ccoo_cat.gif\" alt=\"Tota la informaci\u00f3 de com afiliar-se a CCOO Catalunya i forlmulari d'alta o baxia.\" width=\"90\" height=\"80\" \/><\/p>\n<p>&nbsp;<\/p>\n<p>&nbsp;<\/p>\n<p>&nbsp;<\/p>\n<p>&nbsp;<\/p>\n<p>&nbsp;    \t<\/p>\n","protected":false},"excerpt":{"rendered":"<p>\u00a0 27.04.2018\u00a0 CONCENTRACI\u00d3 DAVANT CAN SERRA 26.4.2017. AMB LA UNITAT, FOR\u00c7A I LLUITA HO ACONSEGUIREM! \u00a0Volem agrair a tots i totes les companyes de la DiBa l\u2019esfor\u00e7, implicaci\u00f3 i suport &#8230; <\/p>\n<p class=\"read-more-container\"><a title=\"RESUM CONCENTRACI\u00d3 DAVANT CAN SERRA 26.4.2017\" class=\"read-more button\" href=\"https:\/\/ccoo.app\/diputacio-de-barcelona\/resum-concentracio-davant-can-serra-26-4-2017\/#more-2227\" aria-label=\"Leer m\u00e1s sobre RESUM CONCENTRACI\u00d3 DAVANT CAN SERRA 26.4.2017\">Continuar llegint<\/a><\/p>\n","protected":false},"author":4519,"featured_media":2231,"comment_status":"open","ping_status":"open","sticky":false,"template":"","format":"standard","meta":{"footnotes":""},"categories":[19,26,27,32],"tags":[61,105,108,148,201],"class_list":["post-2227","post","type-post","status-publish","format-standard","has-post-thumbnail","hentry","category-comunicats","category-mgn","category-millores-socials","category-premis","tag-assemblea","tag-els-nostres-drets-no-es-suspenen-es-defensen","tag-escola-industrial","tag-mesa-general-negociacio","tag-edificis-diputacio-de-barcelona-escola-de-la-dona-espai-f-bonnemaison-industrial-urgell-londres-can-serra-mundet-parcs-naturals-recinte-recintes-maternitat","generate-columns","tablet-grid-50","mobile-grid-100","grid-parent","grid-50"],"_links":{"self":[{"href":"https:\/\/ccoo.app\/diputacio-de-barcelona\/wp-json\/wp\/v2\/posts\/2227","targetHints":{"allow":["GET"]}}],"collection":[{"href":"https:\/\/ccoo.app\/diputacio-de-barcelona\/wp-json\/wp\/v2\/posts"}],"about":[{"href":"https:\/\/ccoo.app\/diputacio-de-barcelona\/wp-json\/wp\/v2\/types\/post"}],"author":[{"embeddable":true,"href":"https:\/\/ccoo.app\/diputacio-de-barcelona\/wp-json\/wp\/v2\/users\/4519"}],"replies":[{"embeddable":true,"href":"https:\/\/ccoo.app\/diputacio-de-barcelona\/wp-json\/wp\/v2\/comments?post=2227"}],"version-history":[{"count":1,"href":"https:\/\/ccoo.app\/diputacio-de-barcelona\/wp-json\/wp\/v2\/posts\/2227\/revisions"}],"predecessor-version":[{"id":52177,"href":"https:\/\/ccoo.app\/diputacio-de-barcelona\/wp-json\/wp\/v2\/posts\/2227\/revisions\/52177"}],"wp:featuredmedia":[{"embeddable":true,"href":"https:\/\/ccoo.app\/diputacio-de-barcelona\/wp-json\/wp\/v2\/media\/2231"}],"wp:attachment":[{"href":"https:\/\/ccoo.app\/diputacio-de-barcelona\/wp-json\/wp\/v2\/media?parent=2227"}],"wp:term":[{"taxonomy":"category","embeddable":true,"href":"https:\/\/ccoo.app\/diputacio-de-barcelona\/wp-json\/wp\/v2\/categories?post=2227"},{"taxonomy":"post_tag","embeddable":true,"href":"https:\/\/ccoo.app\/diputacio-de-barcelona\/wp-json\/wp\/v2\/tags?post=2227"}],"curies":[{"name":"wp","href":"https:\/\/api.w.org\/{rel}","templated":true}]}}