{"id":2176,"date":"2018-04-19T14:43:37","date_gmt":"2018-04-19T13:43:37","guid":{"rendered":"https:\/\/diba.ccoo.cat\/?p=2176"},"modified":"2023-02-22T19:11:09","modified_gmt":"2023-02-22T18:11:09","slug":"mobilitzacio-intensa-i-sostinguda","status":"publish","type":"post","link":"https:\/\/ccoo.app\/diputacio-de-barcelona\/mobilitzacio-intensa-i-sostinguda\/","title":{"rendered":"Suma-t&#8217;hi! DIJOUS 26 D&#8217;ABRIL CONCENTRACI\u00d3 A CAN SERRA CAP A LA MOBILITZACI\u00d3 INTENSA I SOSTINGUDA"},"content":{"rendered":"<p class=\"wp-caption-text\"><img loading=\"lazy\" decoding=\"async\" class=\"alignnone wp-image-1853\" src=\"http:\/\/ccoo.app\/diputacio-de-barcelona\/wp-content\/blogs.dir\/6\/files\/sites\/186\/2018\/01\/logoccoov18.jpg\" alt=\"\" width=\"137\" height=\"63\" \/>\u00a0 \u00a0<a href=\"http:\/\/ccoo.app\/diputacio-de-barcelona\/wp-content\/blogs.dir\/6\/files\/sites\/186\/2018\/04\/comunicat-20-04-2018.pdf\"><img loading=\"lazy\" decoding=\"async\" class=\" wp-image-2113 alignnone\" src=\"http:\/\/ccoo.app\/diputacio-de-barcelona\/wp-content\/blogs.dir\/6\/files\/sites\/186\/2018\/04\/22-300x172.png\" alt=\"\" width=\"170\" height=\"98\" srcset=\"https:\/\/ccoo.app\/diputacio-de-barcelona\/wp-content\/blogs.dir\/6\/files\/sites\/186\/2018\/04\/22-300x172.png 300w, https:\/\/ccoo.app\/diputacio-de-barcelona\/wp-content\/blogs.dir\/6\/files\/sites\/186\/2018\/04\/22.png 327w\" sizes=\"auto, (max-width: 170px) 100vw, 170px\" \/><\/a><\/p>\n<p class=\"wp-caption-text\"><span style=\"font-family: 'arial black', sans-serif;font-size: 12pt;color: #000000\">20.04.2018\u00a0<\/span><\/p>\n<p><span style=\"color: #ff0000;font-family: 'arial black', sans-serif;font-size: 14pt\">DIJOUS 26 D&#8217;ABRIL CONCENTRACI\u00d3 A CAN SERRA CAP A LA MOBILITZACI\u00d3 INTENSA I SOSTINGUDA<\/span><\/p>\n<p><span style=\"color: #000000;font-family: arial, helvetica, sans-serif\">Fins que no es doni soluci\u00f3 definitiva a la suspensi\u00f3 unilateral dels nostres acords per part de la Diputaci\u00f3 hem d\u2019anar cap a una mobilitzaci\u00f3 intensa i sostinguda.<\/span><\/p>\n<p><span style=\"color: #000000;font-family: arial, helvetica, sans-serif\">S\u2019ha de visibilitzar el conflicte a tots els centres de treball, tant des de l\u2019acci\u00f3 individual com des de la col\u00b7lectiva. No es tracta nom\u00e9s de les accions qu\u00e8 convocaran els sindicats, sin\u00f3 tamb\u00e9 del <strong><u>QU\u00c8 PODEM FER NOSALTRES INDIVIDUALMENT<\/u><\/strong>.<\/span><\/p>\n<p><span style=\"color: #ff0000;font-family: arial, helvetica, sans-serif;font-size: 18pt\"><strong>Com a acci\u00f3 col\u00b7lectiva m\u00e9s important per a la propera setmana tenim la concentraci\u00f3 del dia 26 d\u2019abril a CAN SERRA a les 11:30 <span style=\"color: #000000;font-size: 12pt\">(<a href=\"https:\/\/diba.ccoo.cat\/noves-assemblees-i-mobilitzacions-a-labril\/\">Cliqueu per a m\u00e9s informaci\u00f3<\/a>)<\/span><\/strong><\/span><\/p>\n<p>&nbsp;<\/p>\n<p><span style=\"color: #000000;font-family: 'arial black', sans-serif\"><strong>Qu\u00e8 pot fer <span style=\"text-decoration: underline\">cadasc\u00fa de nosaltres<\/span> per a que aquesta convocat\u00f2ria sigui tot un \u00e8xit?<\/strong><\/span><\/p>\n<ul>\n<li><span style=\"color: #000000;font-family: arial, helvetica, sans-serif\">Marcar-la a les nostres agendes Outlook el dia 26 d\u2019abril d\u201911:00 a 13:00<\/span><\/li>\n<li><span style=\"color: #000000;font-family: arial, helvetica, sans-serif\">Programar la participaci\u00f3 a la concentraci\u00f3<\/span><\/li>\n<li><span style=\"color: #000000;font-family: arial, helvetica, sans-serif\">No convocar cap a reuni\u00f3 de feina per aquell dia<\/span><\/li>\n<li><span style=\"color: #000000;font-family: arial, helvetica, sans-serif\">Demanar la suspensi\u00f3 de les activitats formatives en la franja hor\u00e0ria de la concentraci\u00f3.<\/span><\/li>\n<li><span style=\"color: #000000;font-family: arial, helvetica, sans-serif\">Agafar hores de perm\u00eds per estar presents (especialment si som d\u2019altres centres de treball).<\/span><\/li>\n<li><span style=\"color: #000000;font-family: arial, helvetica, sans-serif\">etc&#8230;<\/span><\/li>\n<\/ul>\n<p><span style=\"color: #000000;font-family: arial, helvetica, sans-serif\">No podem acceptar l\u2019incompliment dels acords sense m\u00e9s, els hem de defensar amb la millor eina que tenim: la mobilitzaci\u00f3. Avui s\u00f3n els PREMIS PER ANYS DE SERVEI i dem\u00e0, qu\u00e8 ser\u00e0? On ens volen portar amb el pretext de l\u2019informe de la Sindicatura de Comptes, quan ja l\u2019estat central comen\u00e7a a girar cua i a flexibilitzar posicions?<\/span><\/p>\n<p><span style=\"color: #000000;font-family: arial, helvetica, sans-serif\"><strong>La resignaci\u00f3 no \u00e9s una soluci\u00f3.<\/strong> Ara toca la lluita i la defensa dels acords vigents. Ens hi hem d\u2019implicar tots i totes.<\/span><\/p>\n<p>&nbsp;<\/p>\n<p><span style=\"color: #000000;font-family: 'arial black', sans-serif\"><strong>PROPOSTES RECOLLIDES A L\u2019ASSEMBLEA <\/strong><strong>DEL 17.04.2018<\/strong><\/span><\/p>\n<p><span style=\"color: #000000;font-family: arial, helvetica, sans-serif\">A l\u2019assemblea de dimarts passat, vam recollir tot un seguit d\u2019accions a emprendre:<\/span><\/p>\n<ul>\n<li><span style=\"color: #000000;font-family: arial, helvetica, sans-serif\">Encartellar els centres de treball m\u00e9s enll\u00e0 dels taulells sindicals<\/span><\/li>\n<li><span style=\"color: #000000;font-family: arial, helvetica, sans-serif\">Portar samarretes o xapes reivindicatives: \u201c<em>Els nostres drets no se suspenen. Es defensen!<\/em>\u201d<\/span><\/li>\n<li><span style=\"color: #000000;font-family: arial, helvetica, sans-serif\">Concentracions als centres de treball durant el temps de l\u2019esmorzar<\/span><\/li>\n<li><span style=\"color: #000000;font-family: arial, helvetica, sans-serif\">Accions descentralitzades<\/span><\/li>\n<li><span style=\"color: #000000;font-family: arial, helvetica, sans-serif\">Enviament de massiu de notes de correu electr\u00f2nic, respectuoses per\u00f2 contundents, als responsables de la negociaci\u00f3 col\u00b7lectiva (Sr. Roca, Sr. Ca\u00f1izares i Sra. Conesa) i als portaveus dels grups de govern i d\u2019oposici\u00f3 a la Diputaci\u00f3<\/span><\/li>\n<li><span style=\"color: #000000;font-family: arial, helvetica, sans-serif\">Demanar reuni\u00f3 amb la presidenta<\/span><\/li>\n<li><span style=\"color: #000000;font-family: arial, helvetica, sans-serif\">Inst\u00e0ncia al Sindica de Greuge (Ja s\u2019ha fet).<\/span><\/li>\n<\/ul>\n<p><span style=\"color: #000000;font-family: arial, helvetica, sans-serif\"><strong>Ens oferim<\/strong> a facilitar el material per les iniciatives que van sorgir a l\u2019assemblea i per donar la <strong>m\u00e0xima difusi\u00f3<\/strong> a trav\u00e9s dels canals de comunicaci\u00f3 sindicals (comunicats o p\u00e0gina web) i els nostres comptes a les xarxes socials de qualsevol iniciativa dirigida a la lluita en defensa dels nostres drets.<\/span><\/p>\n<p>&nbsp;<\/p>\n<p><span style=\"color: #000000;font-family: 'arial black', sans-serif\"><strong>AVUI MESA GENERAL DE NEGOCIACI\u00d3<\/strong><\/span><\/p>\n<p><span style=\"color: #000000;font-family: arial, helvetica, sans-serif\">Dimarts, 17, casualment poc abans de comen\u00e7ar les assemblees, els sindicats vam rebre la convocat\u00f2ria de reuni\u00f3 de Mesa per avui, dia 19. A m\u00e9s, ahir, 18, vam rebre dues propostes relacionades amb els <strong><em>Premis per Anys<\/em><\/strong> i la <strong><em>Paga d\u2019Assidu\u00eftat<\/em><\/strong>.<\/span><\/p>\n<p><span style=\"color: #000000;font-family: arial, helvetica, sans-serif\">Despr\u00e9s de mesos esperant una resposta de la Diputaci\u00f3, no tenim cap dubte que aquest \u00faltim moviment de la corporaci\u00f3 a la negociaci\u00f3 \u00e9s fruit del programa d\u2019assemblees i mobilitzacions que hem engegat.<\/span><\/p>\n<p><span style=\"color: #000000;font-family: arial, helvetica, sans-serif\">Avui, amb molt poc temps per analitzar els documents rebuts, hem fet les nostres consideracions. Encara estem lluny de poder presentar aquestes propostes en assemblea per a la seva validaci\u00f3.<\/span><\/p>\n<p><span style=\"color: #000000;font-family: arial, helvetica, sans-serif\"><strong>\u00a0<\/strong><\/span><\/p>\n<p><span style=\"color: #000000;font-family: 'arial black', sans-serif\"><strong>NEGOCIACI\u00d3 I MOBILITZACI\u00d3<\/strong><\/span><\/p>\n<p><span style=\"color: #000000;font-family: arial, helvetica, sans-serif\">Per tant, una vegada m\u00e9s insistim i no ens cansarem de repetir-ho, aquesta negociaci\u00f3 ha d\u2019anar acompanyada d\u2019una <strong>intensa i sostinguda pressi\u00f3<\/strong> de tot el personal. Cal demostrar la for\u00e7a del personal diba i implicar-se per dignitat professional i pel reconeixement que hem de tenir nosaltres i els nostres acords col\u00b7lectius.<\/span><\/p>\n<p style=\"text-align: center\"><span style=\"color: #000000;font-family: arial, helvetica, sans-serif;font-size: 36pt\">Tots i totes <em>en lluita !<\/em><\/span><\/p>\n<p><a href=\"https:\/\/youtu.be\/hOl3uRzVK8c?t=1m4s\"><img loading=\"lazy\" decoding=\"async\" class=\"alignnone wp-image-2177 aligncenter\" src=\"http:\/\/ccoo.app\/diputacio-de-barcelona\/wp-content\/blogs.dir\/6\/files\/sites\/186\/2018\/04\/mm.png\" alt=\"\" width=\"215\" height=\"164\" \/><\/a><\/p>\n<p>&nbsp;<\/p>\n<p><span style=\"font-family: arial, helvetica, sans-serif;color: #000000\"><strong>Horari d\u2019atenci\u00f3 CCOO DIBA: <\/strong><\/span><\/p>\n<p><span style=\"font-family: arial, helvetica, sans-serif;color: #000000\"><strong>CARRER MALLORCA, 244, 2on 3a<\/strong><\/span><\/p>\n<p><span style=\"font-family: arial, helvetica, sans-serif;color: #000000\"><strong>DE DILLUNS A DIVENDRES DE 8:30 A 16:30\u00a0\u00a0 <\/strong><span style=\"font-size: 10pt\"><strong>(FORA D\u2019AQUEST HORARI AMB CITA PR\u00c8VIA)<\/strong><\/span><\/span><\/p>\n<p style=\"text-align: center\"><span style=\"font-size: 18pt\"><span style=\"font-family: arial, helvetica, sans-serif;color: #000000\"><strong>\u00a0<\/strong><\/span><span style=\"font-family: arial, helvetica, sans-serif\"><strong><small><span style=\"color: #000000\">Contacta&#8217;ns per tel\u00e8fon 934 022 985 o correu:<\/span> <a href=\"mailto:ccoo@diba.cat\">ccoo@diba.cat<\/a><\/small> <\/strong><\/span><\/span><\/p>\n<p><strong>\u00a0<\/strong><\/p>\n<p><a href=\"https:\/\/twitter.com\/CCOODiba\"><img loading=\"lazy\" decoding=\"async\" class=\"alignleft\" src=\"http:\/\/www.mysocialaccounts.com\/wp-content\/uploads\/2017\/04\/twitter.jpg\" alt=\"Resultado de imagen de twitter\" width=\"44\" height=\"44\" \/><\/a>\u00a0 \u00a0\u00a0<a href=\"http:\/\/diba.ccoo.cat\/\"><img loading=\"lazy\" decoding=\"async\" class=\"\" src=\"https:\/\/encrypted-tbn0.gstatic.com\/images?q=tbn:ANd9GcS98Z75qmWgKpehEkfwdWrInKdK65A-jf2SgkGvuU4oy_fPYt9q\" alt=\"Imagen relacionada\" width=\"52\" height=\"53\" \/><\/a><a href=\"https:\/\/www.facebook.com\/CcooDiputacioDeBarcelona\/\"><img loading=\"lazy\" decoding=\"async\" class=\"alignleft\" src=\"https:\/\/upload.wikimedia.org\/wikipedia\/commons\/thumb\/7\/7c\/Facebook_New_Logo_%282015%29.svg\/2000px-Facebook_New_Logo_%282015%29.svg.png\" alt=\"Resultado de imagen de facebook\" width=\"122\" height=\"46\" \/><\/a><a href=\"https:\/\/www.youtube.com\/channel\/UCFzenkS75udEcs4pB4qoZsg\"><img loading=\"lazy\" decoding=\"async\" class=\"alignleft\" src=\"https:\/\/i.kinja-img.com\/gawker-media\/image\/upload\/s--heVex4FV--\/c_scale,fl_progressive,q_80,w_800\/pol5zfmalpqmpt1jcnbp.png\" alt=\"Resultado de imagen de youtube\" width=\"117\" height=\"50\" \/><\/a><img loading=\"lazy\" decoding=\"async\" class=\"alignleft\" src=\"https:\/\/www.educapeques.com\/wp-content\/uploads\/2016\/04\/descargar-whatsapp.png\" alt=\"Resultado de imagen de whatsapp\" width=\"64\" height=\"50\" \/><\/p>\n<p>&nbsp;<\/p>\n<p>&nbsp;<\/p>\n<p>&nbsp;<\/p>\n<p>&nbsp;<\/p>\n<p>&nbsp;<\/p>\n<p>&nbsp;<\/p>\n<p>&nbsp;<\/p>\n<p>&nbsp;<\/p>\n<p><img loading=\"lazy\" decoding=\"async\" class=\"wp-image-262 alignright\" src=\"http:\/\/ccoo.app\/diputacio-de-barcelona\/wp-content\/blogs.dir\/6\/files\/sites\/186\/2016\/04\/afiliat_ccoo_cat.gif\" alt=\"Tota la informaci\u00f3 de com afiliar-se a CCOO Catalunya i forlmulari d'alta o baxia.\" width=\"90\" height=\"80\" \/><\/p>\n<p>&nbsp;<\/p>\n<p>&nbsp;<\/p>\n<p>&nbsp;<\/p>\n<p>&nbsp;<\/p>\n<p>&nbsp;    \t<\/p>\n","protected":false},"excerpt":{"rendered":"<p>\u00a0 \u00a0 20.04.2018\u00a0 DIJOUS 26 D&#8217;ABRIL CONCENTRACI\u00d3 A CAN SERRA CAP A LA MOBILITZACI\u00d3 INTENSA I SOSTINGUDA Fins que no es doni soluci\u00f3 definitiva a la suspensi\u00f3 unilateral dels nostres &#8230; <\/p>\n<p class=\"read-more-container\"><a title=\"Suma-t&#8217;hi! DIJOUS 26 D&#8217;ABRIL CONCENTRACI\u00d3 A CAN SERRA CAP A LA MOBILITZACI\u00d3 INTENSA I SOSTINGUDA\" class=\"read-more button\" href=\"https:\/\/ccoo.app\/diputacio-de-barcelona\/mobilitzacio-intensa-i-sostinguda\/#more-2176\" aria-label=\"Leer m\u00e1s sobre Suma-t&#8217;hi! DIJOUS 26 D&#8217;ABRIL CONCENTRACI\u00d3 A CAN SERRA CAP A LA MOBILITZACI\u00d3 INTENSA I SOSTINGUDA\">Continuar llegint<\/a><\/p>\n","protected":false},"author":4519,"featured_media":2181,"comment_status":"open","ping_status":"open","sticky":false,"template":"","format":"standard","meta":{"footnotes":""},"categories":[19,26,27,32],"tags":[61,72,105,148,201],"class_list":["post-2176","post","type-post","status-publish","format-standard","has-post-thumbnail","hentry","category-comunicats","category-mgn","category-millores-socials","category-premis","tag-assemblea","tag-can-serra-minerva","tag-els-nostres-drets-no-es-suspenen-es-defensen","tag-mesa-general-negociacio","tag-edificis-diputacio-de-barcelona-escola-de-la-dona-espai-f-bonnemaison-industrial-urgell-londres-can-serra-mundet-parcs-naturals-recinte-recintes-maternitat","generate-columns","tablet-grid-50","mobile-grid-100","grid-parent","grid-50"],"_links":{"self":[{"href":"https:\/\/ccoo.app\/diputacio-de-barcelona\/wp-json\/wp\/v2\/posts\/2176","targetHints":{"allow":["GET"]}}],"collection":[{"href":"https:\/\/ccoo.app\/diputacio-de-barcelona\/wp-json\/wp\/v2\/posts"}],"about":[{"href":"https:\/\/ccoo.app\/diputacio-de-barcelona\/wp-json\/wp\/v2\/types\/post"}],"author":[{"embeddable":true,"href":"https:\/\/ccoo.app\/diputacio-de-barcelona\/wp-json\/wp\/v2\/users\/4519"}],"replies":[{"embeddable":true,"href":"https:\/\/ccoo.app\/diputacio-de-barcelona\/wp-json\/wp\/v2\/comments?post=2176"}],"version-history":[{"count":1,"href":"https:\/\/ccoo.app\/diputacio-de-barcelona\/wp-json\/wp\/v2\/posts\/2176\/revisions"}],"predecessor-version":[{"id":52180,"href":"https:\/\/ccoo.app\/diputacio-de-barcelona\/wp-json\/wp\/v2\/posts\/2176\/revisions\/52180"}],"wp:featuredmedia":[{"embeddable":true,"href":"https:\/\/ccoo.app\/diputacio-de-barcelona\/wp-json\/wp\/v2\/media\/2181"}],"wp:attachment":[{"href":"https:\/\/ccoo.app\/diputacio-de-barcelona\/wp-json\/wp\/v2\/media?parent=2176"}],"wp:term":[{"taxonomy":"category","embeddable":true,"href":"https:\/\/ccoo.app\/diputacio-de-barcelona\/wp-json\/wp\/v2\/categories?post=2176"},{"taxonomy":"post_tag","embeddable":true,"href":"https:\/\/ccoo.app\/diputacio-de-barcelona\/wp-json\/wp\/v2\/tags?post=2176"}],"curies":[{"name":"wp","href":"https:\/\/api.w.org\/{rel}","templated":true}]}}