{"id":2098,"date":"2018-04-09T14:47:52","date_gmt":"2018-04-09T13:47:52","guid":{"rendered":"https:\/\/diba.ccoo.cat\/?p=2098"},"modified":"2023-02-22T19:13:31","modified_gmt":"2023-02-22T18:13:31","slug":"unir-els-tramvies-mobilitat-sostenible-personal-diba","status":"publish","type":"post","link":"https:\/\/ccoo.app\/diputacio-de-barcelona\/unir-els-tramvies-mobilitat-sostenible-personal-diba\/","title":{"rendered":"UNIR ELS TRAMVIES PER LA DIAGONAL\u00a0 UNA APOSTA PER A LA MOBILITAT SOSTENIBLE DEL PERSONAL DE LA DIPUTACI\u00d3 DE BARCELONA"},"content":{"rendered":"<p class=\"wp-caption-text\"><img loading=\"lazy\" decoding=\"async\" class=\"alignnone wp-image-1853\" src=\"http:\/\/ccoo.app\/diputacio-de-barcelona\/wp-content\/blogs.dir\/6\/files\/sites\/186\/2018\/01\/logoccoov18.jpg\" alt=\"\" width=\"137\" height=\"63\" \/><\/p>\n<p class=\"wp-caption-text\"><span style=\"font-family: 'arial black', sans-serif;font-size: 12pt\">09.04.2018\u00a0<\/span><\/p>\n<p><span style=\"font-family: 'arial black', sans-serif;color: #ff0000;font-size: 14pt\"><strong>UNIR ELS TRAMVIES PER LA DIAGONAL\u00a0 UNA APOSTA PER A LA MOBILITAT SOSTENIBLE DEL PERSONAL DE LA DIPUTACI\u00d3 DE BARCELONA<\/strong><\/span><\/p>\n<p><span style=\"font-family: arial, helvetica, sans-serif;color: #000000;font-size: 14pt\"><strong>Emplacem a la Diputaci\u00f3 de Barcelona i als grups pol\u00edtics a que donin suport de manera clara al projecte.<\/strong><\/span><\/p>\n<p><span style=\"font-family: arial, helvetica, sans-serif;color: #000000\">La mobilitat laboral, majorit\u00e0riament per anar i tornar del treball, \u00e9s un dels principals motius pels quals ens desplacem, i aix\u00f2 t\u00e9 com a conseq\u00fc\u00e8ncia <strong>accidents de tr\u00e0nsit in itinere que s\u00f3n la <u>primera causa de mort per accident laboral<\/u> en l&#8217;\u00e0mbit espanyol.<\/strong><\/span><\/p>\n<p><span style=\"font-family: arial, helvetica, sans-serif;color: #000000\">Alguna cosa falla de manera evident si cada dos dies mor una persona en accident laboral de tr\u00e0nsit: 208 el 2016 (120 a l&#8217;anada o tornada del treball i la resta durant la jornada laboral).<\/span><\/p>\n<p><img loading=\"lazy\" decoding=\"async\" class=\" wp-image-2103 aligncenter\" src=\"http:\/\/ccoo.app\/diputacio-de-barcelona\/wp-content\/blogs.dir\/6\/files\/sites\/186\/2018\/04\/imagenes-sevilla-y-tranvia-021-225x300.jpg\" alt=\"\" width=\"147\" height=\"196\" srcset=\"https:\/\/ccoo.app\/diputacio-de-barcelona\/wp-content\/blogs.dir\/6\/files\/sites\/186\/2018\/04\/imagenes-sevilla-y-tranvia-021-225x300.jpg 225w, https:\/\/ccoo.app\/diputacio-de-barcelona\/wp-content\/blogs.dir\/6\/files\/sites\/186\/2018\/04\/imagenes-sevilla-y-tranvia-021-768x1024.jpg 768w, https:\/\/ccoo.app\/diputacio-de-barcelona\/wp-content\/blogs.dir\/6\/files\/sites\/186\/2018\/04\/imagenes-sevilla-y-tranvia-021-1152x1536.jpg 1152w, https:\/\/ccoo.app\/diputacio-de-barcelona\/wp-content\/blogs.dir\/6\/files\/sites\/186\/2018\/04\/imagenes-sevilla-y-tranvia-021-1536x2048.jpg 1536w, https:\/\/ccoo.app\/diputacio-de-barcelona\/wp-content\/blogs.dir\/6\/files\/sites\/186\/2018\/04\/imagenes-sevilla-y-tranvia-021-scaled.jpg 1920w\" sizes=\"auto, (max-width: 147px) 100vw, 147px\" \/><\/p>\n<p><span style=\"font-family: arial, helvetica, sans-serif;color: #000000\">A Catalunya, \u00e0mbit espanyol de m\u00e0xima activitat industrial i laboral, l\u2019any <strong>2017<\/strong> va haver-hi un total de <strong>26 <\/strong>treballadors morts en accident, v\u00edctimes d&#8217;accident de tr\u00e0nsit, un <strong>76,9% de les quals ho van\u00a0 ser per accident de treball en el despla\u00e7ament per anar o tornar del treball.<\/strong> Durant l&#8217;any\u00a0 2017 es van produir un total <strong>de\u00a0 35.108 v\u00edctimes per accident de tr\u00e0nsit<\/strong>. En l&#8217;entorn laboral, durant el mateix any es van comunicar un total de\u00a0 109.835 accidents de treball amb baixa,\u00a0 14.446 dels quals van\u00a0 ser per accident de tr\u00e0nsit. Segons aquestes dades, durant l&#8217;any 2017, els accidents de tr\u00e0nsit laboral van representar el <strong>13,14% del total d&#8217;accidents de treball i un\u00a0 41,14% del total d&#8217;accidents de tr\u00e0nsit.<\/strong><\/span><\/p>\n<p><span style=\"font-family: arial, helvetica, sans-serif;color: #000000\">Aquests impactes es manifesten a l\u2019\u00e0mbit ambiental\u00a0 a les emissions de gasos d\u2019efecte hivernacle, <strong>1\/3 del total de les emissions de CO2 provenen del transport<\/strong> de les emissions de gasosos contaminats NOx i part\u00edcules en suspensi\u00f3 PM10 i PM 2,5 provinents de la combusti\u00f3 dels vehicles a motor que tenen com a conseq\u00fc\u00e8ncia la mort prematura que sols a Barcelona s\u00f3n 659 morts prematures per contaminaci\u00f3 a Barcelona ciutat i m\u00e9s de 3.500 persones a la Regi\u00f3 metropolitana de Barcelona.<\/span><\/p>\n<p><span style=\"font-family: arial, helvetica, sans-serif;color: #000000\">A m\u00e9s, el nivell d&#8217;ocupaci\u00f3 del vehicle en aquest tipus de viatges \u00e9s baix, la qual cosa provoca un elevat consum d&#8217;energia d\u2019origen f\u00f2ssil.\u00a0 Per a\u00a0 aix\u00f2, \u00e9s evident que un dels objectius prioritaris per aconseguir el canvi de model ha de ser promoure la mobilitat sostenible, segura i equitativa en els despla\u00e7aments\u00a0 per anar al treball.<\/span><\/p>\n<p><img loading=\"lazy\" decoding=\"async\" class=\"wp-image-2099 aligncenter\" src=\"http:\/\/ccoo.app\/diputacio-de-barcelona\/wp-content\/blogs.dir\/6\/files\/sites\/186\/2018\/04\/e-300x167.png\" alt=\"\" width=\"654\" height=\"364\" srcset=\"https:\/\/ccoo.app\/diputacio-de-barcelona\/wp-content\/blogs.dir\/6\/files\/sites\/186\/2018\/04\/e-300x167.png 300w, https:\/\/ccoo.app\/diputacio-de-barcelona\/wp-content\/blogs.dir\/6\/files\/sites\/186\/2018\/04\/e.png 740w\" sizes=\"auto, (max-width: 654px) 100vw, 654px\" \/><\/p>\n<p>&nbsp;<\/p>\n<p><span style=\"font-family: arial, helvetica, sans-serif;color: #000000;font-size: 14pt\">Al mapa, es pot veure la situaci\u00f3 dels principals centres de treball respecte al tram que es proposa per unir els tramvies per la diagonal.<\/span><\/p>\n<p><span style=\"font-family: arial, helvetica, sans-serif;color: #000000;font-size: 14pt\">Es pot veure clarament que pel personal que treballa a la Diputaci\u00f3 de Barcelona, la uni\u00f3 dels tramvies \u00e9s molt important. Hem de tenir en compte que per a despla\u00e7ar-se a aquests centres de treball, l\u2019\u00fanica opci\u00f3 \u00e9s el transport p\u00fablic. Per tant, el tramvia permetria despla\u00e7ar-se de forma \u00a0sostenible, \u00a0segura, econ\u00f2mica i equitativa.<\/span><\/p>\n<p><span style=\"font-size: 14pt;font-family: arial, helvetica, sans-serif;color: #000000\">Aix\u00ed doncs, <strong>emplacem a la Diputaci\u00f3 de Barcelona i als grups pol\u00edtics a que donin suport de manera clara al projecte.<\/strong><\/span><\/p>\n<p>&nbsp;<\/p>\n<p><img loading=\"lazy\" decoding=\"async\" class=\"wp-image-2100 aligncenter\" src=\"http:\/\/ccoo.app\/diputacio-de-barcelona\/wp-content\/blogs.dir\/6\/files\/sites\/186\/2018\/04\/ee-300x104.png\" alt=\"\" width=\"696\" height=\"241\" srcset=\"https:\/\/ccoo.app\/diputacio-de-barcelona\/wp-content\/blogs.dir\/6\/files\/sites\/186\/2018\/04\/ee-300x104.png 300w, https:\/\/ccoo.app\/diputacio-de-barcelona\/wp-content\/blogs.dir\/6\/files\/sites\/186\/2018\/04\/ee.png 748w\" sizes=\"auto, (max-width: 696px) 100vw, 696px\" \/><\/p>\n<p>&nbsp;<\/p>\n<p>&nbsp;<\/p>\n<p><span style=\"font-family: arial, helvetica, sans-serif\"><strong>Horari d\u2019atenci\u00f3 CCOO DIBA: <\/strong><\/span><\/p>\n<p><span style=\"font-family: arial, helvetica, sans-serif\"><strong>CARRER MALLORCA, 244, 2on 3a<\/strong><\/span><\/p>\n<p><span style=\"font-family: arial, helvetica, sans-serif\"><strong>DE DILLUNS A DIVENDRES DE 8:30 A 16:30\u00a0\u00a0 <\/strong><span style=\"font-size: 10pt\"><strong>(FORA D\u2019AQUEST HORARI AMB CITA PR\u00c8VIA)<\/strong><\/span><\/span><\/p>\n<p style=\"text-align: center\"><span style=\"font-size: 18pt\"><span style=\"font-family: arial, helvetica, sans-serif\"><strong>\u00a0<\/strong><\/span><span style=\"font-family: arial, helvetica, sans-serif\"><strong><small>Contacta&#8217;ns per tel\u00e8fon 934 022 985 o correu: <a href=\"mailto:ccoo@diba.cat\">ccoo@diba.cat<\/a><\/small> <\/strong><\/span><\/span><\/p>\n<p><strong>\u00a0<\/strong><\/p>\n<p><a href=\"https:\/\/twitter.com\/CCOODiba\"><img loading=\"lazy\" decoding=\"async\" class=\"alignleft\" src=\"http:\/\/www.mysocialaccounts.com\/wp-content\/uploads\/2017\/04\/twitter.jpg\" alt=\"Resultado de imagen de twitter\" width=\"44\" height=\"44\" \/><\/a>\u00a0 \u00a0\u00a0<a href=\"http:\/\/diba.ccoo.cat\/\"><img loading=\"lazy\" decoding=\"async\" class=\"\" src=\"https:\/\/encrypted-tbn0.gstatic.com\/images?q=tbn:ANd9GcS98Z75qmWgKpehEkfwdWrInKdK65A-jf2SgkGvuU4oy_fPYt9q\" alt=\"Imagen relacionada\" width=\"52\" height=\"53\" \/><\/a><a href=\"https:\/\/www.facebook.com\/CcooDiputacioDeBarcelona\/\"><img loading=\"lazy\" decoding=\"async\" class=\"alignleft\" src=\"https:\/\/upload.wikimedia.org\/wikipedia\/commons\/thumb\/7\/7c\/Facebook_New_Logo_%282015%29.svg\/2000px-Facebook_New_Logo_%282015%29.svg.png\" alt=\"Resultado de imagen de facebook\" width=\"122\" height=\"46\" \/><\/a><a href=\"https:\/\/www.youtube.com\/channel\/UCFzenkS75udEcs4pB4qoZsg\"><img loading=\"lazy\" decoding=\"async\" class=\"alignleft\" src=\"https:\/\/i.kinja-img.com\/gawker-media\/image\/upload\/s--heVex4FV--\/c_scale,fl_progressive,q_80,w_800\/pol5zfmalpqmpt1jcnbp.png\" alt=\"Resultado de imagen de youtube\" width=\"117\" height=\"50\" \/><\/a><img loading=\"lazy\" decoding=\"async\" class=\"alignleft\" src=\"https:\/\/www.educapeques.com\/wp-content\/uploads\/2016\/04\/descargar-whatsapp.png\" alt=\"Resultado de imagen de whatsapp\" width=\"64\" height=\"50\" \/><\/p>\n<p>&nbsp;<\/p>\n<p>&nbsp;<\/p>\n<p>&nbsp;<\/p>\n<p>&nbsp;<\/p>\n<p>&nbsp;<\/p>\n<p>&nbsp;<\/p>\n<p>&nbsp;<\/p>\n<p>&nbsp;<\/p>\n<p><img loading=\"lazy\" decoding=\"async\" class=\"wp-image-262 alignright\" src=\"http:\/\/ccoo.app\/diputacio-de-barcelona\/wp-content\/blogs.dir\/6\/files\/sites\/186\/2016\/04\/afiliat_ccoo_cat.gif\" alt=\"Tota la informaci\u00f3 de com afiliar-se a CCOO Catalunya i forlmulari d'alta o baxia.\" width=\"90\" height=\"80\" \/><\/p>\n<p>&nbsp;<\/p>\n<p>&nbsp;<\/p>\n<p>&nbsp;<\/p>\n<p>&nbsp;<\/p>\n<p>&nbsp;    \t<\/p>\n","protected":false},"excerpt":{"rendered":"<p>09.04.2018\u00a0 UNIR ELS TRAMVIES PER LA DIAGONAL\u00a0 UNA APOSTA PER A LA MOBILITAT SOSTENIBLE DEL PERSONAL DE LA DIPUTACI\u00d3 DE BARCELONA Emplacem a la Diputaci\u00f3 de Barcelona i als grups &#8230; <\/p>\n<p class=\"read-more-container\"><a title=\"UNIR ELS TRAMVIES PER LA DIAGONAL\u00a0 UNA APOSTA PER A LA MOBILITAT SOSTENIBLE DEL PERSONAL DE LA DIPUTACI\u00d3 DE BARCELONA\" class=\"read-more button\" href=\"https:\/\/ccoo.app\/diputacio-de-barcelona\/unir-els-tramvies-mobilitat-sostenible-personal-diba\/#more-2098\" aria-label=\"Leer m\u00e1s sobre UNIR ELS TRAMVIES PER LA DIAGONAL\u00a0 UNA APOSTA PER A LA MOBILITAT SOSTENIBLE DEL PERSONAL DE LA DIPUTACI\u00d3 DE BARCELONA\">Continuar llegint<\/a><\/p>\n","protected":false},"author":4519,"featured_media":2105,"comment_status":"open","ping_status":"open","sticky":false,"template":"","format":"standard","meta":{"footnotes":""},"categories":[38,19,33],"tags":[72,108,145,154,201],"class_list":["post-2098","post","type-post","status-publish","format-standard","has-post-thumbnail","hentry","category-a-tot-el-personal","category-comunicats","category-propostes-sindicals","tag-can-serra-minerva","tag-escola-industrial","tag-maternitat","tag-mobilitat-teletreball","tag-edificis-diputacio-de-barcelona-escola-de-la-dona-espai-f-bonnemaison-industrial-urgell-londres-can-serra-mundet-parcs-naturals-recinte-recintes-maternitat","generate-columns","tablet-grid-50","mobile-grid-100","grid-parent","grid-50"],"_links":{"self":[{"href":"https:\/\/ccoo.app\/diputacio-de-barcelona\/wp-json\/wp\/v2\/posts\/2098","targetHints":{"allow":["GET"]}}],"collection":[{"href":"https:\/\/ccoo.app\/diputacio-de-barcelona\/wp-json\/wp\/v2\/posts"}],"about":[{"href":"https:\/\/ccoo.app\/diputacio-de-barcelona\/wp-json\/wp\/v2\/types\/post"}],"author":[{"embeddable":true,"href":"https:\/\/ccoo.app\/diputacio-de-barcelona\/wp-json\/wp\/v2\/users\/4519"}],"replies":[{"embeddable":true,"href":"https:\/\/ccoo.app\/diputacio-de-barcelona\/wp-json\/wp\/v2\/comments?post=2098"}],"version-history":[{"count":1,"href":"https:\/\/ccoo.app\/diputacio-de-barcelona\/wp-json\/wp\/v2\/posts\/2098\/revisions"}],"predecessor-version":[{"id":52184,"href":"https:\/\/ccoo.app\/diputacio-de-barcelona\/wp-json\/wp\/v2\/posts\/2098\/revisions\/52184"}],"wp:featuredmedia":[{"embeddable":true,"href":"https:\/\/ccoo.app\/diputacio-de-barcelona\/wp-json\/wp\/v2\/media\/2105"}],"wp:attachment":[{"href":"https:\/\/ccoo.app\/diputacio-de-barcelona\/wp-json\/wp\/v2\/media?parent=2098"}],"wp:term":[{"taxonomy":"category","embeddable":true,"href":"https:\/\/ccoo.app\/diputacio-de-barcelona\/wp-json\/wp\/v2\/categories?post=2098"},{"taxonomy":"post_tag","embeddable":true,"href":"https:\/\/ccoo.app\/diputacio-de-barcelona\/wp-json\/wp\/v2\/tags?post=2098"}],"curies":[{"name":"wp","href":"https:\/\/api.w.org\/{rel}","templated":true}]}}