{"id":2074,"date":"2018-04-09T14:07:34","date_gmt":"2018-04-09T13:07:34","guid":{"rendered":"https:\/\/diba.ccoo.cat\/?p=2074"},"modified":"2023-02-22T19:13:37","modified_gmt":"2023-02-22T18:13:37","slug":"el-personal-auxiliar-de-geriatria-ha-de-reclassificar-se-ja","status":"publish","type":"post","link":"https:\/\/ccoo.app\/diputacio-de-barcelona\/el-personal-auxiliar-de-geriatria-ha-de-reclassificar-se-ja\/","title":{"rendered":"EL PERSONAL AUXILIAR DE GERIATRIA HA DE RECLASSIFICAR-SE JA!"},"content":{"rendered":"<p class=\"wp-caption-text\"><img loading=\"lazy\" decoding=\"async\" class=\"alignnone wp-image-1853\" src=\"http:\/\/ccoo.app\/diputacio-de-barcelona\/wp-content\/blogs.dir\/6\/files\/sites\/186\/2018\/01\/logoccoov18.jpg\" alt=\"\" width=\"137\" height=\"63\" \/><\/p>\n<p class=\"wp-caption-text\"><span style=\"font-family: 'arial black', sans-serif;font-size: 12pt;color: #000000\">09.04.2018\u00a0<\/span><\/p>\n<p style=\"text-align: center\"><span style=\"font-family: 'arial black', sans-serif;font-size: 18pt;color: #ff0000\"><strong>EL PERSONAL AUXILIAR DE GERIATRIA<\/strong><\/span><\/p>\n<p style=\"text-align: center\"><span style=\"font-family: 'arial black', sans-serif;font-size: 18pt;color: #ff0000\"><strong>HA DE RECLASSIFICAR-SE JA!<\/strong><\/span><\/p>\n<p><span style=\"font-family: arial, helvetica, sans-serif;color: #000000\">Des de que es van negociar els PAMOs 2014 i 2015, CCOO no ens hem cansat de repetir:\u00a0 el personal d\u2019Auxiliar de Geriatria s\u2019ha de reclassificar s\u00ed o s\u00ed. I ho ha de fer ja! Sense m\u00e9s condicionaments!<\/span><\/p>\n<p><span style=\"font-family: arial, helvetica, sans-serif;color: #000000\">No entenem la determinaci\u00f3 corporativa d\u2019unificar en un sol manual de funcions dos col\u00b7lectius que podrien conviure perfectament en C1, cadascun amb les seves difer\u00e8ncies i particularitats:<\/span><\/p>\n<p><img loading=\"lazy\" decoding=\"async\" class=\"wp-image-2075 aligncenter\" src=\"http:\/\/ccoo.app\/diputacio-de-barcelona\/wp-content\/blogs.dir\/6\/files\/sites\/186\/2018\/04\/q-300x178.png\" alt=\"\" width=\"613\" height=\"364\" srcset=\"https:\/\/ccoo.app\/diputacio-de-barcelona\/wp-content\/blogs.dir\/6\/files\/sites\/186\/2018\/04\/q-300x178.png 300w, https:\/\/ccoo.app\/diputacio-de-barcelona\/wp-content\/blogs.dir\/6\/files\/sites\/186\/2018\/04\/q.png 718w\" sizes=\"auto, (max-width: 613px) 100vw, 613px\" \/><\/p>\n<p>&nbsp;<\/p>\n<p><span style=\"color: #ff0000;font-family: 'arial black', sans-serif\">NI PITJORS NI MILLORS: DIFERENTS!<\/span><\/p>\n<p><span style=\"color: #000000;font-family: arial, helvetica, sans-serif\">Considerem que hi ha difer\u00e8ncies entre ambd\u00f3s col\u00b7lectius. Ni pitjor ni millor: diferents! \u00c9s a dir, amb manuals de funcions diferenciats per\u00f2 <strong><u>ambd\u00f3s col\u00b7lectius a C1<\/u><\/strong>.<\/span><\/p>\n<p><span style=\"color: #000000;font-family: arial, helvetica, sans-serif\">\u201cDivideix i vencer\u00e0s\u201d: a qui li pot interessar la din\u00e0mica d\u2019enfrontar col\u00b7lectius? <em>Comissions Obreres<\/em> considerem que hem de lluitar per a qu\u00e8 tothom guanyi sense enfrontaments.\u00a0<\/span><\/p>\n<p><span style=\"color: #000000;font-family: arial, helvetica, sans-serif\">De fet, considerem que les difer\u00e8ncies de funcions entre els dos col\u00b7lectius \u00e9s el que suposa donar un servei m\u00e9s especialitzat, m\u00e9s prec\u00eds i de m\u00e9s qualitat. Racionalitzar s\u00ed, per\u00f2 serveis de qualitat, tamb\u00e9.<\/span><\/p>\n<p><span style=\"color: #000000;font-family: arial, helvetica, sans-serif\">I finalment, mantenir llocs de treball diferenciats ens dona m\u00e9s seguretat respecte que no ens podran obligar (per raons de servei) a canviar de centre de treball. Treballar a RESPIR <em>Gent Gran<\/em> i voler-se canviar a RESPIR <em>Discapacitats<\/em> o viceversa ha de ser sempre voluntari. I aix\u00ed ha de continuar sent-ho!<\/span><\/p>\n<p>&nbsp;<\/p>\n<p><span style=\"font-family: 'arial black', sans-serif\"><strong><span style=\"color: #ff0000\">ENS REUNIM AMB MERITXELL BUD\u00d3<\/span><\/strong><\/span><\/p>\n<p><span style=\"color: #000000;font-family: arial, helvetica, sans-serif\">Meritxell Bud\u00f3 \u00e9s la vicepresidenta quarta de la Diputaci\u00f3 de Barcelona i presidenta delegada de l\u2019\u00c0rea d\u2019Atenci\u00f3 a las Persones i Benestar Social, per tant, la m\u00e0xima responsable pol\u00edtica de l\u2019\u00c0rea.<\/span><\/p>\n<p><span style=\"color: #000000;font-family: arial, helvetica, sans-serif\">Agra\u00efm la celeritat a l\u2019hora de trobar data per aquesta reuni\u00f3 que s\u2019ha desenvolupat al seu despatx de l\u2019Ajuntament de La Garriga.<\/span><\/p>\n<p><span style=\"color: #000000;font-family: arial, helvetica, sans-serif\">Li hem demanat que el col\u00b7lectiu de Geriatria reclassifiqui ja a C1 sense m\u00e9s dilacions mantenint dos manuals de funcions diferenciats.<\/span><\/p>\n<p><span style=\"color: #000000;font-family: arial, helvetica, sans-serif\">Hem trobat una molt bona predisposici\u00f3 a recollir les nostres reivindicacions. Hem sortit satisfets de la trobada i esperem que aix\u00f2 es pugui traduir en el tancament d\u2019un acord en breu.<\/span><\/p>\n<p>&nbsp;<\/p>\n<p><span style=\"color: #ff0000;font-family: 'arial black', sans-serif\">VOLS TENIR M\u00c9S INFORMACI\u00d3?<\/span><\/p>\n<ul>\n<li><span style=\"color: #000000;font-family: arial, helvetica, sans-serif\">Per qu\u00e8 es van negociar les reclassificacions dels PAMO 2014 i 2015?<\/span><\/li>\n<li><span style=\"color: #000000;font-family: arial, helvetica, sans-serif\">Per qu\u00e8 no es va reclassificar abans el col\u00b7lectiu de Geriatria?<\/span><\/li>\n<li><span style=\"color: #000000;font-family: arial, helvetica, sans-serif\">Per qu\u00e8 diem que la Diputaci\u00f3 incompleix els seus compromisos?<\/span><\/li>\n<li><span style=\"color: #000000;font-family: arial, helvetica, sans-serif\">Com quedar\u00e0 el col\u00b7lectiu de Geriatria d\u2019acord amb la informaci\u00f3 que ens han facilitat?<\/span><\/li>\n<li><span style=\"color: #000000;font-family: arial, helvetica, sans-serif\">Com afectar\u00e0 econ\u00f2micament aquesta reclassificaci\u00f3?<\/span><\/li>\n<\/ul>\n<p><span style=\"color: #000000;font-family: arial, helvetica, sans-serif\">Troba les respostes al document adjunt \u201c<em>Reclassificaci\u00f3 Aux. Geriatria a C1<\/em>\u201d (Info complement\u00e0ria):\u00a0<a href=\"http:\/\/ccoo.app\/diputacio-de-barcelona\/wp-content\/blogs.dir\/6\/files\/sites\/186\/2018\/04\/reclassificacio-aux--geriatria-a-c1.pdf\"><img loading=\"lazy\" decoding=\"async\" class=\"size-full wp-image-2037 aligncenter\" src=\"http:\/\/ccoo.app\/diputacio-de-barcelona\/wp-content\/blogs.dir\/6\/files\/sites\/186\/2018\/04\/a3.png\" alt=\"\" width=\"193\" height=\"69\" \/><\/a><\/span><\/p>\n<p>&nbsp;<\/p>\n<p style=\"text-align: center\"><span style=\"color: #000000;font-family: 'arial black', sans-serif;font-size: 18pt\">TOTES I TOTS ESTEM FORMATS<\/span><\/p>\n<p style=\"text-align: center\"><span style=\"color: #000000;font-family: 'arial black', sans-serif;font-size: 18pt\">TOTES I TOTS SOM GRANS PROFESSIONALS<\/span><\/p>\n<p style=\"text-align: center\"><span style=\"color: #ff0000;font-family: 'arial black', sans-serif;font-size: 18pt\">TOTES I TOTS A <u>C1<\/u> JA !<\/span><\/p>\n<p>&nbsp;<\/p>\n<p>&nbsp;<\/p>\n<p><span style=\"font-family: arial, helvetica, sans-serif;color: #000000\"><strong>Horari d\u2019atenci\u00f3 CCOO DIBA: <\/strong><\/span><\/p>\n<p><span style=\"font-family: arial, helvetica, sans-serif;color: #000000\"><strong>CARRER MALLORCA, 244, 2on 3a<\/strong><\/span><\/p>\n<p><span style=\"font-family: arial, helvetica, sans-serif;color: #000000\"><strong>DE DILLUNS A DIVENDRES DE 8:30 A 16:30\u00a0\u00a0 <\/strong><span style=\"font-size: 10pt\"><strong>(FORA D\u2019AQUEST HORARI AMB CITA PR\u00c8VIA)<\/strong><\/span><\/span><\/p>\n<p style=\"text-align: center\"><span style=\"font-size: 18pt\"><span style=\"font-family: arial, helvetica, sans-serif;color: #000000\"><strong>\u00a0<\/strong><\/span><span style=\"font-family: arial, helvetica, sans-serif\"><strong><small><span style=\"color: #000000\">Contacta&#8217;ns per tel\u00e8fon 934 022 985 o correu:<\/span> <a href=\"mailto:ccoo@diba.cat\">ccoo@diba.cat<\/a><\/small> <\/strong><\/span><\/span><\/p>\n<p><strong>\u00a0<\/strong><\/p>\n<p><a href=\"https:\/\/twitter.com\/CCOODiba\"><img loading=\"lazy\" decoding=\"async\" class=\"alignleft\" src=\"http:\/\/www.mysocialaccounts.com\/wp-content\/uploads\/2017\/04\/twitter.jpg\" alt=\"Resultado de imagen de twitter\" width=\"44\" height=\"44\" \/><\/a>\u00a0 \u00a0\u00a0<a href=\"http:\/\/diba.ccoo.cat\/\"><img loading=\"lazy\" decoding=\"async\" class=\"\" src=\"https:\/\/encrypted-tbn0.gstatic.com\/images?q=tbn:ANd9GcS98Z75qmWgKpehEkfwdWrInKdK65A-jf2SgkGvuU4oy_fPYt9q\" alt=\"Imagen relacionada\" width=\"52\" height=\"53\" \/><\/a><a href=\"https:\/\/www.facebook.com\/CcooDiputacioDeBarcelona\/\"><img loading=\"lazy\" decoding=\"async\" class=\"alignleft\" src=\"https:\/\/upload.wikimedia.org\/wikipedia\/commons\/thumb\/7\/7c\/Facebook_New_Logo_%282015%29.svg\/2000px-Facebook_New_Logo_%282015%29.svg.png\" alt=\"Resultado de imagen de facebook\" width=\"122\" height=\"46\" \/><\/a><a href=\"https:\/\/www.youtube.com\/channel\/UCFzenkS75udEcs4pB4qoZsg\"><img loading=\"lazy\" decoding=\"async\" class=\"alignleft\" src=\"https:\/\/i.kinja-img.com\/gawker-media\/image\/upload\/s--heVex4FV--\/c_scale,fl_progressive,q_80,w_800\/pol5zfmalpqmpt1jcnbp.png\" alt=\"Resultado de imagen de youtube\" width=\"117\" height=\"50\" \/><\/a><img loading=\"lazy\" decoding=\"async\" class=\"alignleft\" src=\"https:\/\/www.educapeques.com\/wp-content\/uploads\/2016\/04\/descargar-whatsapp.png\" alt=\"Resultado de imagen de whatsapp\" width=\"64\" height=\"50\" \/><\/p>\n<p>&nbsp;<\/p>\n<p>&nbsp;<\/p>\n<p>&nbsp;<\/p>\n<p>&nbsp;<\/p>\n<p>&nbsp;<\/p>\n<p>&nbsp;<\/p>\n<p>&nbsp;<\/p>\n<p>&nbsp;<\/p>\n<p><img loading=\"lazy\" decoding=\"async\" class=\"wp-image-262 alignright\" src=\"http:\/\/ccoo.app\/diputacio-de-barcelona\/wp-content\/blogs.dir\/6\/files\/sites\/186\/2016\/04\/afiliat_ccoo_cat.gif\" alt=\"Tota la informaci\u00f3 de com afiliar-se a CCOO Catalunya i forlmulari d'alta o baxia.\" width=\"90\" height=\"80\" \/><\/p>\n<p>&nbsp;<\/p>\n<p>&nbsp;<\/p>\n<p>&nbsp;<\/p>\n<p>&nbsp;<\/p>\n<p>&nbsp;    \t<\/p>\n","protected":false},"excerpt":{"rendered":"<p>09.04.2018\u00a0 EL PERSONAL AUXILIAR DE GERIATRIA HA DE RECLASSIFICAR-SE JA! Des de que es van negociar els PAMOs 2014 i 2015, CCOO no ens hem cansat de repetir:\u00a0 el personal &#8230; <\/p>\n<p class=\"read-more-container\"><a title=\"EL PERSONAL AUXILIAR DE GERIATRIA HA DE RECLASSIFICAR-SE JA!\" class=\"read-more button\" href=\"https:\/\/ccoo.app\/diputacio-de-barcelona\/el-personal-auxiliar-de-geriatria-ha-de-reclassificar-se-ja\/#more-2074\" aria-label=\"Leer m\u00e1s sobre EL PERSONAL AUXILIAR DE GERIATRIA HA DE RECLASSIFICAR-SE JA!\">Continuar llegint<\/a><\/p>\n","protected":false},"author":4519,"featured_media":2095,"comment_status":"open","ping_status":"open","sticky":false,"template":"","format":"standard","meta":{"footnotes":""},"categories":[19,24,26,31,34],"tags":[148,157,180,201],"class_list":["post-2074","post","type-post","status-publish","format-standard","has-post-thumbnail","hentry","category-comunicats","category-interins","category-mgn","category-personal-interi-comunicats","category-respir","tag-mesa-general-negociacio","tag-mundet","tag-personal-interi","tag-edificis-diputacio-de-barcelona-escola-de-la-dona-espai-f-bonnemaison-industrial-urgell-londres-can-serra-mundet-parcs-naturals-recinte-recintes-maternitat","generate-columns","tablet-grid-50","mobile-grid-100","grid-parent","grid-50"],"_links":{"self":[{"href":"https:\/\/ccoo.app\/diputacio-de-barcelona\/wp-json\/wp\/v2\/posts\/2074","targetHints":{"allow":["GET"]}}],"collection":[{"href":"https:\/\/ccoo.app\/diputacio-de-barcelona\/wp-json\/wp\/v2\/posts"}],"about":[{"href":"https:\/\/ccoo.app\/diputacio-de-barcelona\/wp-json\/wp\/v2\/types\/post"}],"author":[{"embeddable":true,"href":"https:\/\/ccoo.app\/diputacio-de-barcelona\/wp-json\/wp\/v2\/users\/4519"}],"replies":[{"embeddable":true,"href":"https:\/\/ccoo.app\/diputacio-de-barcelona\/wp-json\/wp\/v2\/comments?post=2074"}],"version-history":[{"count":1,"href":"https:\/\/ccoo.app\/diputacio-de-barcelona\/wp-json\/wp\/v2\/posts\/2074\/revisions"}],"predecessor-version":[{"id":52186,"href":"https:\/\/ccoo.app\/diputacio-de-barcelona\/wp-json\/wp\/v2\/posts\/2074\/revisions\/52186"}],"wp:featuredmedia":[{"embeddable":true,"href":"https:\/\/ccoo.app\/diputacio-de-barcelona\/wp-json\/wp\/v2\/media\/2095"}],"wp:attachment":[{"href":"https:\/\/ccoo.app\/diputacio-de-barcelona\/wp-json\/wp\/v2\/media?parent=2074"}],"wp:term":[{"taxonomy":"category","embeddable":true,"href":"https:\/\/ccoo.app\/diputacio-de-barcelona\/wp-json\/wp\/v2\/categories?post=2074"},{"taxonomy":"post_tag","embeddable":true,"href":"https:\/\/ccoo.app\/diputacio-de-barcelona\/wp-json\/wp\/v2\/tags?post=2074"}],"curies":[{"name":"wp","href":"https:\/\/api.w.org\/{rel}","templated":true}]}}