{"id":2028,"date":"2018-04-05T13:51:20","date_gmt":"2018-04-05T12:51:20","guid":{"rendered":"https:\/\/diba.ccoo.cat\/?p=2028"},"modified":"2023-02-22T19:13:44","modified_gmt":"2023-02-22T18:13:44","slug":"noves-assemblees-i-mobilitzacions-a-labril","status":"publish","type":"post","link":"https:\/\/ccoo.app\/diputacio-de-barcelona\/noves-assemblees-i-mobilitzacions-a-labril\/","title":{"rendered":"NOVES ASSEMBLEES I MOBILITZACIONS A L&#8217;ABRIL"},"content":{"rendered":"<p>&nbsp;<\/p>\n<p class=\"wp-caption-text\"><img loading=\"lazy\" decoding=\"async\" class=\"alignnone size-full wp-image-1853\" src=\"http:\/\/ccoo.app\/diputacio-de-barcelona\/wp-content\/blogs.dir\/6\/files\/sites\/186\/2018\/01\/logoccoov18.jpg\" alt=\"\" width=\"259\" height=\"119\" \/><\/p>\n<h3 style=\"text-align: center\"><img loading=\"lazy\" decoding=\"async\" class=\"alignnone wp-image-2029\" src=\"http:\/\/ccoo.app\/diputacio-de-barcelona\/wp-content\/blogs.dir\/6\/files\/sites\/186\/2018\/04\/titul-300x116.png\" alt=\"\" width=\"545\" height=\"211\" srcset=\"https:\/\/ccoo.app\/diputacio-de-barcelona\/wp-content\/blogs.dir\/6\/files\/sites\/186\/2018\/04\/titul-300x116.png 300w, https:\/\/ccoo.app\/diputacio-de-barcelona\/wp-content\/blogs.dir\/6\/files\/sites\/186\/2018\/04\/titul.png 686w\" sizes=\"auto, (max-width: 545px) 100vw, 545px\" \/><\/h3>\n<h3 style=\"text-align: center\"><\/h3>\n<p>&nbsp;<\/p>\n<p style=\"text-align: center\"><span style=\"color: #000000;font-family: arial, helvetica, sans-serif\">-5 d&#8217;abril de 2018-<\/span><\/p>\n<h3 style=\"text-align: left\"><a href=\"http:\/\/ccoo.app\/diputacio-de-barcelona\/wp-content\/blogs.dir\/6\/files\/sites\/186\/2018\/04\/convocatories-abril-2018.pdf\"><img loading=\"lazy\" decoding=\"async\" class=\"alignnone size-full wp-image-2037\" src=\"http:\/\/ccoo.app\/diputacio-de-barcelona\/wp-content\/blogs.dir\/6\/files\/sites\/186\/2018\/04\/a3.png\" alt=\"\" width=\"193\" height=\"69\" \/><\/a><\/h3>\n<h3 style=\"text-align: left\"><strong><span style=\"font-size: 12pt\"><span style=\"font-family: arial, helvetica, sans-serif\"><span style=\"color: #000000\">Cal que ens moguem, des de la m\u00e0xima unitat de la plantilla. <\/span><\/span><\/span><\/strong><\/h3>\n<h3 style=\"text-align: left\"><strong><span style=\"font-size: 12pt\"><span style=\"font-family: arial, helvetica, sans-serif\"><span style=\"color: #000000\">Cal reemprendre les mobilitzacions que hem realitzat als darrers mesos, tot intensificant-les.\u00a0<\/span><\/span><\/span><\/strong><\/h3>\n<h3 style=\"text-align: left\"><span style=\"font-family: arial, helvetica, sans-serif;font-size: 12pt;color: #000000\">Amb aquest objectiu, us recordem les convocat\u00f2ries que tenim previstes pel mes d&#8217;abril demanant-vos que els hi doneu el m\u00e0xim de suport:<\/span><\/h3>\n<p><img loading=\"lazy\" decoding=\"async\" class=\"wp-image-2030 aligncenter\" src=\"http:\/\/ccoo.app\/diputacio-de-barcelona\/wp-content\/blogs.dir\/6\/files\/sites\/186\/2018\/04\/aa-300x127.png\" alt=\"\" width=\"635\" height=\"269\" srcset=\"https:\/\/ccoo.app\/diputacio-de-barcelona\/wp-content\/blogs.dir\/6\/files\/sites\/186\/2018\/04\/aa-300x127.png 300w, https:\/\/ccoo.app\/diputacio-de-barcelona\/wp-content\/blogs.dir\/6\/files\/sites\/186\/2018\/04\/aa.png 704w\" sizes=\"auto, (max-width: 635px) 100vw, 635px\" \/><\/p>\n<p style=\"text-align: center\"><img loading=\"lazy\" decoding=\"async\" class=\"alignnone wp-image-2031\" src=\"http:\/\/ccoo.app\/diputacio-de-barcelona\/wp-content\/blogs.dir\/6\/files\/sites\/186\/2018\/04\/aaa-300x94.png\" alt=\"\" width=\"637\" height=\"199\" srcset=\"https:\/\/ccoo.app\/diputacio-de-barcelona\/wp-content\/blogs.dir\/6\/files\/sites\/186\/2018\/04\/aaa-300x94.png 300w, https:\/\/ccoo.app\/diputacio-de-barcelona\/wp-content\/blogs.dir\/6\/files\/sites\/186\/2018\/04\/aaa.png 706w\" sizes=\"auto, (max-width: 637px) 100vw, 637px\" \/><\/p>\n<p>&nbsp;<\/p>\n<p><span style=\"color: #000000\">A m\u00e9s, als documents adjunts trobareu cartells per a difondre aquestes convocat\u00f2ries dels dies 17 i 26 d&#8217;aquest mes.<\/span><\/p>\n<p><span style=\"color: #000000\">Als centres de treball s&#8217;ha de visualitzar de manera clara que a la Diputaci\u00f3 hi ha un greu conflicte per l&#8217;incompliment dels acords vigents-<\/span><\/p>\n<p><span style=\"font-size: 18pt;color: #000000\"><strong>EMPAPEREM LA DIPUTACI\u00d3!<\/strong><\/span><\/p>\n<p>&nbsp;<\/p>\n<p>Cliqueu la seg\u00fcent imatge:<\/p>\n<p><a href=\"http:\/\/ccoo.app\/diputacio-de-barcelona\/wp-content\/blogs.dir\/6\/files\/sites\/186\/2018\/04\/1.jpg\"><img loading=\"lazy\" decoding=\"async\" class=\"alignnone size-medium wp-image-2040\" src=\"http:\/\/ccoo.app\/diputacio-de-barcelona\/wp-content\/blogs.dir\/6\/files\/sites\/186\/2018\/04\/a2-300x153.png\" alt=\"\" width=\"300\" height=\"153\" srcset=\"https:\/\/ccoo.app\/diputacio-de-barcelona\/wp-content\/blogs.dir\/6\/files\/sites\/186\/2018\/04\/a2-300x153.png 300w, https:\/\/ccoo.app\/diputacio-de-barcelona\/wp-content\/blogs.dir\/6\/files\/sites\/186\/2018\/04\/a2-1024x521.png 1024w, https:\/\/ccoo.app\/diputacio-de-barcelona\/wp-content\/blogs.dir\/6\/files\/sites\/186\/2018\/04\/a2-768x391.png 768w, https:\/\/ccoo.app\/diputacio-de-barcelona\/wp-content\/blogs.dir\/6\/files\/sites\/186\/2018\/04\/a2.png 1039w\" sizes=\"auto, (max-width: 300px) 100vw, 300px\" \/><\/a><\/p>\n<p><span style=\"color: #000000\">A m\u00e9s, al seg\u00fcent enlla\u00e7 trobareu m\u00e9s material que anirem ampliant amb les vostres aportacions:\u00a0<\/span>\u00a0\u00a0<a href=\"http:\/\/bit.ly\/2Goqwgk\">http:\/\/bit.ly\/2Goqwgk<\/a><\/p>\n<p><img loading=\"lazy\" decoding=\"async\" class=\"wp-image-2032 aligncenter\" src=\"http:\/\/ccoo.app\/diputacio-de-barcelona\/wp-content\/blogs.dir\/6\/files\/sites\/186\/2018\/04\/a1-300x234.png\" alt=\"\" width=\"446\" height=\"348\" srcset=\"https:\/\/ccoo.app\/diputacio-de-barcelona\/wp-content\/blogs.dir\/6\/files\/sites\/186\/2018\/04\/a1-300x234.png 300w, https:\/\/ccoo.app\/diputacio-de-barcelona\/wp-content\/blogs.dir\/6\/files\/sites\/186\/2018\/04\/a1-768x599.png 768w, https:\/\/ccoo.app\/diputacio-de-barcelona\/wp-content\/blogs.dir\/6\/files\/sites\/186\/2018\/04\/a1.png 918w\" sizes=\"auto, (max-width: 446px) 100vw, 446px\" \/><\/p>\n<p>&nbsp;<\/p>\n<p><img loading=\"lazy\" decoding=\"async\" class=\"wp-image-2034 aligncenter\" src=\"http:\/\/ccoo.app\/diputacio-de-barcelona\/wp-content\/blogs.dir\/6\/files\/sites\/186\/2018\/04\/aaaa-300x85.png\" alt=\"\" width=\"678\" height=\"192\" srcset=\"https:\/\/ccoo.app\/diputacio-de-barcelona\/wp-content\/blogs.dir\/6\/files\/sites\/186\/2018\/04\/aaaa-300x85.png 300w, https:\/\/ccoo.app\/diputacio-de-barcelona\/wp-content\/blogs.dir\/6\/files\/sites\/186\/2018\/04\/aaaa.png 703w\" sizes=\"auto, (max-width: 678px) 100vw, 678px\" \/><\/p>\n<p>&nbsp;<\/p>\n<p><a href=\"https:\/\/diba.ccoo.cat\/wp-content\/uploads\/sites\/37\/2017\/05\/fullAfiliaci%C3%B3.pdf\"><img loading=\"lazy\" decoding=\"async\" class=\"wp-image-262 alignleft\" src=\"http:\/\/ccoo.app\/diputacio-de-barcelona\/wp-content\/blogs.dir\/6\/files\/sites\/186\/2016\/04\/afiliat_ccoo_cat.gif\" alt=\"Tota la informaci\u00f3 de com afiliar-se a CCOO Catalunya i forlmulari d'alta o baxia.\" width=\"90\" height=\"80\" \/><\/a><\/p>\n<p><img loading=\"lazy\" decoding=\"async\" class=\"wp-image-227 aligncenter\" src=\"http:\/\/ccoo.app\/diputacio-de-barcelona\/wp-content\/blogs.dir\/6\/files\/sites\/186\/2016\/04\/logo-peu-300x69.png\" alt=\"logo-peu\" width=\"952\" height=\"219\" srcset=\"https:\/\/ccoo.app\/diputacio-de-barcelona\/wp-content\/blogs.dir\/6\/files\/sites\/186\/2016\/04\/logo-peu-300x69.png 300w, https:\/\/ccoo.app\/diputacio-de-barcelona\/wp-content\/blogs.dir\/6\/files\/sites\/186\/2016\/04\/logo-peu.png 557w\" sizes=\"auto, (max-width: 952px) 100vw, 952px\" \/><\/p>\n<p style=\"text-align: center\"><small><\/small><small>Formulari d&#8217;<a href=\"\/afiliat\/\">alta<\/a>, <a href=\"\/afiliat\/\">baixa <\/a>o <a href=\"\/afiliat\/\">modificaci\u00f3 <\/a>de les dades personals o<br \/>\ncontacta&#8217;ns a trav\u00e9s del tel\u00e8fon<strong> 934 022 985<\/strong> o correu: <a href=\"mailto:ccoo@diba.cat\"><strong>ccoo@diba.cat<\/strong><\/a><\/small><\/p>\n","protected":false},"excerpt":{"rendered":"<p>&nbsp; &nbsp; -5 d&#8217;abril de 2018- Cal que ens moguem, des de la m\u00e0xima unitat de la plantilla. Cal reemprendre les mobilitzacions que hem realitzat als darrers mesos, tot intensificant-les.\u00a0 &#8230; <\/p>\n<p class=\"read-more-container\"><a title=\"NOVES ASSEMBLEES I MOBILITZACIONS A L&#8217;ABRIL\" class=\"read-more button\" href=\"https:\/\/ccoo.app\/diputacio-de-barcelona\/noves-assemblees-i-mobilitzacions-a-labril\/#more-2028\" aria-label=\"Leer m\u00e1s sobre NOVES ASSEMBLEES I MOBILITZACIONS A L&#8217;ABRIL\">Continuar llegint<\/a><\/p>\n","protected":false},"author":4519,"featured_media":2043,"comment_status":"open","ping_status":"open","sticky":false,"template":"","format":"standard","meta":{"footnotes":""},"categories":[38,19,27,32],"tags":[105,201],"class_list":["post-2028","post","type-post","status-publish","format-standard","has-post-thumbnail","hentry","category-a-tot-el-personal","category-comunicats","category-millores-socials","category-premis","tag-els-nostres-drets-no-es-suspenen-es-defensen","tag-edificis-diputacio-de-barcelona-escola-de-la-dona-espai-f-bonnemaison-industrial-urgell-londres-can-serra-mundet-parcs-naturals-recinte-recintes-maternitat","generate-columns","tablet-grid-50","mobile-grid-100","grid-parent","grid-50"],"_links":{"self":[{"href":"https:\/\/ccoo.app\/diputacio-de-barcelona\/wp-json\/wp\/v2\/posts\/2028","targetHints":{"allow":["GET"]}}],"collection":[{"href":"https:\/\/ccoo.app\/diputacio-de-barcelona\/wp-json\/wp\/v2\/posts"}],"about":[{"href":"https:\/\/ccoo.app\/diputacio-de-barcelona\/wp-json\/wp\/v2\/types\/post"}],"author":[{"embeddable":true,"href":"https:\/\/ccoo.app\/diputacio-de-barcelona\/wp-json\/wp\/v2\/users\/4519"}],"replies":[{"embeddable":true,"href":"https:\/\/ccoo.app\/diputacio-de-barcelona\/wp-json\/wp\/v2\/comments?post=2028"}],"version-history":[{"count":1,"href":"https:\/\/ccoo.app\/diputacio-de-barcelona\/wp-json\/wp\/v2\/posts\/2028\/revisions"}],"predecessor-version":[{"id":52188,"href":"https:\/\/ccoo.app\/diputacio-de-barcelona\/wp-json\/wp\/v2\/posts\/2028\/revisions\/52188"}],"wp:featuredmedia":[{"embeddable":true,"href":"https:\/\/ccoo.app\/diputacio-de-barcelona\/wp-json\/wp\/v2\/media\/2043"}],"wp:attachment":[{"href":"https:\/\/ccoo.app\/diputacio-de-barcelona\/wp-json\/wp\/v2\/media?parent=2028"}],"wp:term":[{"taxonomy":"category","embeddable":true,"href":"https:\/\/ccoo.app\/diputacio-de-barcelona\/wp-json\/wp\/v2\/categories?post=2028"},{"taxonomy":"post_tag","embeddable":true,"href":"https:\/\/ccoo.app\/diputacio-de-barcelona\/wp-json\/wp\/v2\/tags?post=2028"}],"curies":[{"name":"wp","href":"https:\/\/api.w.org\/{rel}","templated":true}]}}