{"id":2009,"date":"2018-03-28T17:21:57","date_gmt":"2018-03-28T16:21:57","guid":{"rendered":"https:\/\/diba.ccoo.cat\/?p=2009"},"modified":"2023-02-22T19:13:47","modified_gmt":"2023-02-22T18:13:47","slug":"plantilla_post-copy-copy-copy-copy-copy-copy-copy-copy-copy-2","status":"publish","type":"post","link":"https:\/\/ccoo.app\/diputacio-de-barcelona\/plantilla_post-copy-copy-copy-copy-copy-copy-copy-copy-copy-2\/","title":{"rendered":"ACORDS DE PROTECCI\u00d3 DEL PERSONAL INTER\u00cd RESPECTE DE LES CONVOCAT\u00d2RIES DE PAMO"},"content":{"rendered":"<p><img loading=\"lazy\" decoding=\"async\" class=\" wp-image-1853 alignleft\" src=\"http:\/\/ccoo.app\/diputacio-de-barcelona\/wp-content\/blogs.dir\/6\/files\/sites\/186\/2018\/01\/logoccoov18.jpg\" alt=\"\" width=\"215\" height=\"99\" \/><\/p>\n<p>&nbsp;<\/p>\n<p>&nbsp;<\/p>\n<p>&nbsp;<\/p>\n<p>&nbsp;<\/p>\n<p><span style=\"font-family: 'arial black', sans-serif;font-size: 18pt;color: #ff0000\">ACORDS DE PROTECCI\u00d3 DEL PERSONAL INTER\u00cd RESPECTE DE LES CONVOCATORIES DE PAMO<\/span><\/p>\n<p style=\"text-align: center\"><span style=\"color: #ff0000;font-family: arial, helvetica, sans-serif\">-23 de mar\u00e7-<\/span><\/p>\n<h3 style=\"text-align: center\"><span style=\"font-family: arial, helvetica, sans-serif;color: #000000\">Tot i les nostres reiterades queixes i peticions, la Diputaci\u00f3 de Barcelona insisteix en <strong><u>NO APLICAR<\/u><\/strong> els compromisos i acords que abans sempre s\u2019havien portat a terme en relaci\u00f3 a l\u2019execuci\u00f3 del PAMO i les <strong><u>mesures de protecci\u00f3 del personal inter\u00ed de m\u00e9s de 55 anys.<\/u><\/strong><\/span><\/h3>\n<p>&nbsp;<\/p>\n<p><span style=\"font-family: arial, helvetica, sans-serif;color: #000000\">Davant aquest posicionament immobilista, des de <strong>CCOO hem demanat una reuni\u00f3 urgent amb la Direcci\u00f3 de Serveis i Recursos Humans<\/strong> amb l\u2019objectiu d\u2019aclarir alguns conceptes molt importants:<\/span><\/p>\n<p>&nbsp;<\/p>\n<ol>\n<li><span style=\"font-family: arial, helvetica, sans-serif;color: #000000\">Malgrat la identificaci\u00f3 de les places amb el seu n\u00famero d\u2019org\u00e0nic per a la confecci\u00f3 del PAMO, entenem, i sempre ha estat aix\u00ed, que aquestes places <u>no<\/u> s\u00f3n nominatives:<\/span><\/li>\n<\/ol>\n<ul>\n<li><span style=\"font-family: arial, helvetica, sans-serif;color: #000000\">Per qu\u00e8 s&#8217;est\u00e0 comunicant des de determinades ger\u00e8ncies a persones interines, que surten les seves places de manera nominativa?<\/span><\/li>\n<\/ul>\n<p>&nbsp;<\/p>\n<ol start=\"2\">\n<li><span style=\"font-family: arial, helvetica, sans-serif;color: #000000\">En cas de no aprovar les convocat\u00f2ries, i que aprovin persones externes (que no treballen actualment a la Diba):<\/span><\/li>\n<\/ol>\n<ul>\n<li><span style=\"font-family: arial, helvetica, sans-serif;color: #000000\">En quines condicions quedar\u00e0 el personal intern afectat?<\/span><\/li>\n<li><span style=\"font-family: arial, helvetica, sans-serif;color: #000000\">Podran mantenir els seus llocs de treball?<\/span><\/li>\n<li><span style=\"font-family: arial, helvetica, sans-serif;color: #000000\">Tindran dret a ser inclosos\/es en borsa, tant si aproven com si no aproven la convocat\u00f2ria?<\/span><\/li>\n<li><span style=\"font-family: arial, helvetica, sans-serif;color: #000000\">Quins criteris s&#8217;utilitzaran per a la \u201crepesca\u201d? Criteris d&#8217;antiguitat, temps treballat, posici\u00f3 i resultat de la convocat\u00f2ria, posici\u00f3 en borsa de treball, i amb quin ordre?<\/span><\/li>\n<\/ul>\n<p>&nbsp;<\/p>\n<p><span style=\"font-family: arial, helvetica, sans-serif;color: #000000\">Tal com us hem dit, la DSRH va declarar en MGN que no s\u2019aplicaran els criteris que fins ara havien regit les convocat\u00f2ries d\u2019Oferta P\u00fablica d\u2019Ocupaci\u00f3 relacionats amb la continu\u00eftat del personal de m\u00e9s edat. Ara b\u00e9, quins criteris proposa aplicar i en quines condicions? Aquest \u00e9s el neguit que ens fa arribar el personal afectat.<\/span><\/p>\n<p><span style=\"font-family: arial, helvetica, sans-serif;color: #000000\">Administracions p\u00fabliques del nostre entorn tenen fixat i pactat criteris relacionats amb el personal inter\u00ed intern que ha de presentar-se als PAMOs. A dia d\u2019avui, a la DiBa encara no sabem exactament com s\u2019actuar\u00e0, m\u00e9s enll\u00e0 d\u2019una superficial declaraci\u00f3 d\u2019intencions.<\/span><\/p>\n<p><span style=\"font-family: arial, helvetica, sans-serif;color: #000000\">El personal inter\u00ed actual no nom\u00e9s ha acumulat anys d\u2019antiguitat, sin\u00f3 d\u2019experi\u00e8ncia i de formaci\u00f3. Aquests m\u00e8rits i capacitat demostrada \u00e9s una v\u00e0lua important per a la Diputaci\u00f3 com a organitzaci\u00f3. La manca d\u2019Oferta P\u00fablica no ha estat culpa del personal inter\u00ed i no obstant ha patit directament la seves conseq\u00fc\u00e8ncies en forma de precarietat i limitaci\u00f3 de drets.<\/span><\/p>\n<p><span style=\"font-family: arial, helvetica, sans-serif;color: #000000\">Ara, \u00e9s per a nosaltres inacceptable que es digui que els criteris anteriors no s\u2019aplicaran i no es concreti res m\u00e9s. El nostres companys i companyes interines no es mereixen aquesta incertesa i neguits.<\/span><\/p>\n<p><span style=\"font-family: arial, helvetica, sans-serif;color: #000000\">Per tant, CCOO exigim que la Diputaci\u00f3 de Barcelona compleixi els seus compromisos i que convoqui als sindicats presents a la Diba a una reuni\u00f3 per donar resposta a totes les q\u00fcestions que plantegem, aix\u00ed com una relaci\u00f3 transparent de les places (n\u00ba d\u2019org\u00e0nic) que es cobriran.<\/span><\/p>\n<p><span style=\"font-family: arial, helvetica, sans-serif;font-size: 18pt;color: #ff0000\"><strong>Reivindiquem\u00a0\u00a0\u00a0\u00a0 Lluitem\u00a0\u00a0\u00a0 Arribem a Acords<\/strong><\/span><\/p>\n<p>&nbsp;<\/p>\n<p style=\"text-align: center\">* \u00a0* \u00a0* \u00a0* \u00a0*<\/p>\n<p><img loading=\"lazy\" decoding=\"async\" class=\"alignleft wp-image-226\" src=\"http:\/\/ccoo.app\/diputacio-de-barcelona\/wp-content\/blogs.dir\/6\/files\/sites\/186\/2016\/04\/estem-decidits-acontinuar-lluitant.png\" alt=\"Estem decidits a continuar lluitant !\" width=\"213\" height=\"89\" \/><\/p>\n<p><img loading=\"lazy\" decoding=\"async\" class=\"wp-image-262 alignright\" src=\"http:\/\/ccoo.app\/diputacio-de-barcelona\/wp-content\/blogs.dir\/6\/files\/sites\/186\/2016\/04\/afiliat_ccoo_cat.gif\" alt=\"Tota la informaci\u00f3 de com afiliar-se a CCOO Catalunya i forlmulari d'alta o baxia.\" width=\"90\" height=\"80\" \/><\/p>\n<p><img loading=\"lazy\" decoding=\"async\" class=\"wp-image-227 aligncenter\" src=\"http:\/\/ccoo.app\/diputacio-de-barcelona\/wp-content\/blogs.dir\/6\/files\/sites\/186\/2016\/04\/logo-peu-300x69.png\" alt=\"logo-peu\" width=\"952\" height=\"219\" srcset=\"https:\/\/ccoo.app\/diputacio-de-barcelona\/wp-content\/blogs.dir\/6\/files\/sites\/186\/2016\/04\/logo-peu-300x69.png 300w, https:\/\/ccoo.app\/diputacio-de-barcelona\/wp-content\/blogs.dir\/6\/files\/sites\/186\/2016\/04\/logo-peu.png 557w\" sizes=\"auto, (max-width: 952px) 100vw, 952px\" \/><\/p>\n<p style=\"text-align: center\"><small><\/small><small>Formulari d&#8217;<a href=\"\/afiliat\/\">alta<\/a>, <a href=\"\/afiliat\/\">baixa <\/a>o <a href=\"\/afiliat\/\">modificaci\u00f3 <\/a>de les dades personals o<br \/>\ncontacta&#8217;ns a trav\u00e9s del tel\u00e8fon<strong> 934 022 985<\/strong> o correu: <a href=\"mailto:ccoo@diba.cat\"><strong>ccoo@diba.cat<\/strong><\/a><\/small><\/p>\n","protected":false},"excerpt":{"rendered":"<p>&nbsp; &nbsp; &nbsp; &nbsp; ACORDS DE PROTECCI\u00d3 DEL PERSONAL INTER\u00cd RESPECTE DE LES CONVOCATORIES DE PAMO -23 de mar\u00e7- Tot i les nostres reiterades queixes i peticions, la Diputaci\u00f3 de &#8230; <\/p>\n<p class=\"read-more-container\"><a title=\"ACORDS DE PROTECCI\u00d3 DEL PERSONAL INTER\u00cd RESPECTE DE LES CONVOCAT\u00d2RIES DE PAMO\" class=\"read-more button\" href=\"https:\/\/ccoo.app\/diputacio-de-barcelona\/plantilla_post-copy-copy-copy-copy-copy-copy-copy-copy-copy-2\/#more-2009\" aria-label=\"Leer m\u00e1s sobre ACORDS DE PROTECCI\u00d3 DEL PERSONAL INTER\u00cd RESPECTE DE LES CONVOCAT\u00d2RIES DE PAMO\">Continuar llegint<\/a><\/p>\n","protected":false},"author":4519,"featured_media":2010,"comment_status":"open","ping_status":"open","sticky":false,"template":"","format":"standard","meta":{"footnotes":""},"categories":[38,19,26,31],"tags":[105,148,180],"class_list":["post-2009","post","type-post","status-publish","format-standard","has-post-thumbnail","hentry","category-a-tot-el-personal","category-comunicats","category-mgn","category-personal-interi-comunicats","tag-els-nostres-drets-no-es-suspenen-es-defensen","tag-mesa-general-negociacio","tag-personal-interi","generate-columns","tablet-grid-50","mobile-grid-100","grid-parent","grid-50"],"_links":{"self":[{"href":"https:\/\/ccoo.app\/diputacio-de-barcelona\/wp-json\/wp\/v2\/posts\/2009","targetHints":{"allow":["GET"]}}],"collection":[{"href":"https:\/\/ccoo.app\/diputacio-de-barcelona\/wp-json\/wp\/v2\/posts"}],"about":[{"href":"https:\/\/ccoo.app\/diputacio-de-barcelona\/wp-json\/wp\/v2\/types\/post"}],"author":[{"embeddable":true,"href":"https:\/\/ccoo.app\/diputacio-de-barcelona\/wp-json\/wp\/v2\/users\/4519"}],"replies":[{"embeddable":true,"href":"https:\/\/ccoo.app\/diputacio-de-barcelona\/wp-json\/wp\/v2\/comments?post=2009"}],"version-history":[{"count":1,"href":"https:\/\/ccoo.app\/diputacio-de-barcelona\/wp-json\/wp\/v2\/posts\/2009\/revisions"}],"predecessor-version":[{"id":52189,"href":"https:\/\/ccoo.app\/diputacio-de-barcelona\/wp-json\/wp\/v2\/posts\/2009\/revisions\/52189"}],"wp:featuredmedia":[{"embeddable":true,"href":"https:\/\/ccoo.app\/diputacio-de-barcelona\/wp-json\/wp\/v2\/media\/2010"}],"wp:attachment":[{"href":"https:\/\/ccoo.app\/diputacio-de-barcelona\/wp-json\/wp\/v2\/media?parent=2009"}],"wp:term":[{"taxonomy":"category","embeddable":true,"href":"https:\/\/ccoo.app\/diputacio-de-barcelona\/wp-json\/wp\/v2\/categories?post=2009"},{"taxonomy":"post_tag","embeddable":true,"href":"https:\/\/ccoo.app\/diputacio-de-barcelona\/wp-json\/wp\/v2\/tags?post=2009"}],"curies":[{"name":"wp","href":"https:\/\/api.w.org\/{rel}","templated":true}]}}