{"id":1971,"date":"2018-03-28T15:39:15","date_gmt":"2018-03-28T14:39:15","guid":{"rendered":"https:\/\/diba.ccoo.cat\/?p=1971"},"modified":"2023-02-22T19:13:50","modified_gmt":"2023-02-22T18:13:50","slug":"plantilla_post-copy-copy-copy-copy-copy-copy-copy-copy-copy-3","status":"publish","type":"post","link":"https:\/\/ccoo.app\/diputacio-de-barcelona\/plantilla_post-copy-copy-copy-copy-copy-copy-copy-copy-copy-3\/","title":{"rendered":"TEMA PREMIS PER ANYS DE SERVEI: SITUACI\u00d3 DEL PERSONAL AFECTAT"},"content":{"rendered":"<p><img loading=\"lazy\" decoding=\"async\" class=\" wp-image-1853 alignleft\" src=\"http:\/\/ccoo.app\/diputacio-de-barcelona\/wp-content\/blogs.dir\/6\/files\/sites\/186\/2018\/01\/logoccoov18.jpg\" alt=\"\" width=\"215\" height=\"99\" \/><\/p>\n<p>&nbsp;<\/p>\n<p>&nbsp;<\/p>\n<p>&nbsp;<\/p>\n<p>&nbsp;<\/p>\n<p style=\"text-align: center\"><span style=\"font-family: 'arial black', sans-serif;color: #ff0000;font-size: 14pt\">MESA GENERAL DE NEGOCIACI\u00d3 14 DE MAR\u00c7 DE 2018\u00a0<\/span><\/p>\n<p style=\"text-align: center\"><span style=\"font-family: 'arial black', sans-serif;color: #ff0000;font-size: 14pt\">TEMA PREMIS PER ANYS DE SERVEI\u00a0<\/span><\/p>\n<p style=\"text-align: center\"><span style=\"font-family: 'arial black', sans-serif;color: #ff0000;font-size: 14pt\">SITUACI\u00d3 DEL PERSONAL AFECTAT<\/span><\/p>\n<p style=\"text-align: center\"><span style=\"color: #ff0000;font-family: arial, helvetica, sans-serif\">-23 de mar\u00e7-<\/span><\/p>\n<h3 style=\"text-align: center\"><\/h3>\n<h3 style=\"text-align: left\"><span style=\"font-family: arial, helvetica, sans-serif;font-size: 14pt;color: #000000\"><strong>Alg\u00fa tenia dubtes respecte que la DIPUTACI\u00d3 no tenia cap voluntat de fer efectiu els pagaments dels PREMIS PER ANYS DE SERVEI?<\/strong><\/span><\/h3>\n<p><span style=\"font-family: arial, helvetica, sans-serif;font-size: 12pt;color: #000000\">Al comunicat del <u>31 de gener<\/u> CCOO d\u00e8iem:<\/span><\/p>\n<p><img loading=\"lazy\" decoding=\"async\" class=\"wp-image-1978 aligncenter\" src=\"http:\/\/ccoo.app\/diputacio-de-barcelona\/wp-content\/blogs.dir\/6\/files\/sites\/186\/2018\/03\/text-300x151.png\" alt=\"\" width=\"618\" height=\"311\" srcset=\"https:\/\/ccoo.app\/diputacio-de-barcelona\/wp-content\/blogs.dir\/6\/files\/sites\/186\/2018\/03\/text-300x151.png 300w, https:\/\/ccoo.app\/diputacio-de-barcelona\/wp-content\/blogs.dir\/6\/files\/sites\/186\/2018\/03\/text.png 613w\" sizes=\"auto, (max-width: 618px) 100vw, 618px\" \/><\/p>\n<p><span style=\"font-family: arial, helvetica, sans-serif;font-size: 12pt;color: #000000\">El que a la reuni\u00f3 de Mesa de dimecres passat ens han confirmat \u00e9s que efectivament la decisi\u00f3 pol\u00edtica \u00e9s NO PAGAR.<\/span><\/p>\n<p>&nbsp;<\/p>\n<p><span style=\"font-family: 'arial black', sans-serif;color: #ff0000;font-size: 14pt\"><strong>EN QUINA SITUACI\u00d3 QUEDA EL PERSONAL AFECTAT?<\/strong><\/span><\/p>\n<p><span style=\"font-family: arial, helvetica, sans-serif;color: #000000\">El personal afectat ha d\u2019esperar que en breu li arribi <u>la notificaci\u00f3 per escrit<\/u> (declaraci\u00f3 expressa) informant-los que la Diputaci\u00f3 no complir\u00e0 amb la seva obligaci\u00f3 de pagar.<\/span><\/p>\n<p><span style=\"font-family: arial, helvetica, sans-serif;color: #000000\"><strong>MOLT IMPORTANT!<\/strong> En el moment que es <strong>rebi aquesta notificaci\u00f3 escrita<\/strong> \u00e9s quan comen\u00e7a a comptar el <strong>termini per presentar una demanda<\/strong> (els terminis varien d\u2019acord amb el procediment que es segueixi).<\/span><\/p>\n<p><span style=\"font-family: arial, helvetica, sans-serif;color: #000000\">Aix\u00ed doncs, quan rebeu notificaci\u00f3 escrita, poseu-vos en contacte el m\u00e9s aviat possible amb nosaltres per estudiar la via jur\u00eddica m\u00e9s adient.<\/span><\/p>\n<p><span style=\"font-family: arial, helvetica, sans-serif;color: #000000\">Recordeu que tothom que compleix els requisits ha de realitzar la petici\u00f3 dels <em>Premis per Anys de Servei<\/em>. A la reuni\u00f3 de la Mesa, vam denunciar que ja han eliminat la possibilitat de demanar-ho per <em>Intradiba<\/em>. Tot i aix\u00f2, des de CCOO recomanem que <strong>tothom faci la petici\u00f3 en paper mitjan\u00e7ant una inst\u00e0ncia normalitzada i adjuntant la \u201cdeclaraci\u00f3 responsable\u201d. <\/strong>(Demaneu-nos els documents a ccoo@diba.cat).<\/span><\/p>\n<p><span style=\"font-family: arial, helvetica, sans-serif;color: #000000\">A la p\u00e0gina web podeu trobar un resum dels terminis jur\u00eddics a tenir en compte.<\/span><\/p>\n<p>&nbsp;<\/p>\n<p><span style=\"font-family: 'arial black', sans-serif;font-size: 14pt;color: #ff0000\">LA NEGOCIACI\u00d3 NO S\u2019HA ACABAT!<\/span><\/p>\n<p><span style=\"font-family: arial, helvetica, sans-serif;color: #000000\">Recordeu que <strong>paral\u00b7lelament, la secci\u00f3 sindical de CCOO DiBa estem treballant a la Mesa General de Negociaci\u00f3,<\/strong> amb l\u2019objectiu d\u2019arribar a un acord satisfactori per al nostre personal evitant aix\u00ed haver d\u2019anar a un procediment judicial llarg en el temps.<\/span><\/p>\n<p><span style=\"font-family: arial, helvetica, sans-serif;color: #000000\">Ja us vam informar que CCOO vam enviar a la corporaci\u00f3 i a la resta de sindicats una nova proposta que cont\u00e9 dos elements importants: mantenir el dret\u00a0 i tenir en compte les exig\u00e8ncies jur\u00eddiques actuals de la corporaci\u00f3.<\/span><\/p>\n<p><span style=\"font-family: arial, helvetica, sans-serif;color: #000000\">Per tant, en aquests moments, <strong>tenim sobre la taula<\/strong> (com a m\u00ednim) <strong>les seg\u00fcents alternatives<\/strong> per fer front a la situaci\u00f3 de bloqueig actual:<\/span><\/p>\n<p>&nbsp;<\/p>\n<ul>\n<li><span style=\"font-family: 'arial black', sans-serif;color: #ff0000\"><strong>Via jur\u00eddica<\/strong><\/span><\/li>\n<\/ul>\n<p><span style=\"font-family: arial, helvetica, sans-serif;color: #000000\">Davant la manca de compliment per part de la Diputaci\u00f3 dels seus compromisos econ\u00f2mics i tenint en compte la VIG\u00c8NCIA dels nostres Acords, tenim tot el dret per iniciar aquesta via.<\/span><\/p>\n<p><span style=\"font-family: arial, helvetica, sans-serif;color: #000000\">Nom\u00e9s s\u2019ha de tenir en compte que, d\u2019acord amb el que ens indiquen des dels nostres serveis jur\u00eddics, el proc\u00e9s pot durar com a m\u00ednim entre 3 i 4 anys.<\/span><\/p>\n<p>&nbsp;<\/p>\n<ul>\n<li><span style=\"font-family: 'arial black', sans-serif;color: #ff0000\"><strong>Proposta alternativa presentada per la Diputaci\u00f3<\/strong><\/span><\/li>\n<\/ul>\n<p><span style=\"font-family: arial, helvetica, sans-serif;color: #000000\">Consisteix en que la partida pressupost\u00e0ria per pagar els Premis passi i es sumi a l\u2019actual partida \u201cMillores Socials\u201d augmentant la dotaci\u00f3 individual anual que percebem. (154,70 \u20ac \/ any 2017)\u00a0 500 \u20ac \/ any.<\/span><\/p>\n<p><span style=\"font-family: arial, helvetica, sans-serif;color: #000000\">\u00a0\u00a0\u00a0\u00a0\u00a0\u00a0\u00a0\u00a0\u00a0\u00a0\u00a0 No contempla pagar els <em>Premis <\/em>que deuen ni els futurs.<\/span><\/p>\n<p>&nbsp;<\/p>\n<ul>\n<li><span style=\"font-family: 'arial black', sans-serif;color: #ff0000\"><strong>Proposta CCOO<\/strong><\/span><\/li>\n<\/ul>\n<p><span style=\"font-family: arial, helvetica, sans-serif;color: #000000\">CCOO hem treballat i enviat diferents propostes amb l\u2019objectiu que el personal afectat pugui cobrar quan abans millor all\u00f2 a qu\u00e8 t\u00e9 dret.<\/span><\/p>\n<p><span style=\"font-family: arial, helvetica, sans-serif;color: #000000\">Som conscients que els nostres acords s\u00f3n <strong>PLENAMENT VIGENTS<\/strong>, la qual cosa ens permet contemplar la via jur\u00eddica. Per\u00f2 tamb\u00e9 treballem per trobar alternatives i mecanismes legals que possibilitin arribar a acords que permetin donar <strong>SOLUCIONS IMMEDIATES<\/strong>.<\/span><\/p>\n<p><span style=\"font-family: arial, helvetica, sans-serif;color: #000000\">Ara hi ha comprom\u00eds de donar resposta per escrit a la nova proposta enviada per a CCOO.<\/span><\/p>\n<p>&nbsp;<\/p>\n<p><span style=\"font-family: 'arial black', sans-serif;font-size: 14pt;color: #ff0000\"><img loading=\"lazy\" decoding=\"async\" class=\" wp-image-1985 aligncenter\" src=\"http:\/\/ccoo.app\/diputacio-de-barcelona\/wp-content\/blogs.dir\/6\/files\/sites\/186\/2018\/03\/dsc_0070x-300x199.jpg\" alt=\"\" width=\"420\" height=\"279\" srcset=\"https:\/\/ccoo.app\/diputacio-de-barcelona\/wp-content\/blogs.dir\/6\/files\/sites\/186\/2018\/03\/dsc_0070x-300x199.jpg 300w, https:\/\/ccoo.app\/diputacio-de-barcelona\/wp-content\/blogs.dir\/6\/files\/sites\/186\/2018\/03\/dsc_0070x-1024x678.jpg 1024w, https:\/\/ccoo.app\/diputacio-de-barcelona\/wp-content\/blogs.dir\/6\/files\/sites\/186\/2018\/03\/dsc_0070x-768x509.jpg 768w, https:\/\/ccoo.app\/diputacio-de-barcelona\/wp-content\/blogs.dir\/6\/files\/sites\/186\/2018\/03\/dsc_0070x-1536x1017.jpg 1536w, https:\/\/ccoo.app\/diputacio-de-barcelona\/wp-content\/blogs.dir\/6\/files\/sites\/186\/2018\/03\/dsc_0070x-2048x1356.jpg 2048w\" sizes=\"auto, (max-width: 420px) 100vw, 420px\" \/><\/span><\/p>\n<p>&nbsp;<\/p>\n<p><span style=\"font-family: 'arial black', sans-serif;font-size: 14pt;color: #ff0000\">LA MOBILITZACI\u00d3 \u00c9S IMPRESCINDIBLE<\/span><\/p>\n<p><span style=\"font-family: arial, helvetica, sans-serif;color: #000000\">CCOO no ens resignem a anar a la via jur\u00eddica. Hem fet propostes i exigim que la Diputaci\u00f3 les valori seriosament i amb deteniment. Tal com vam dir a la reuni\u00f3, ens sembla que el que es pret\u00e9n en aquest tema \u00e9s que vagi passant el temps i es canalitzi \u00fanicament via tribunals.<\/span><\/p>\n<p><span style=\"font-family: arial, helvetica, sans-serif;color: #000000\">Per tant, nom\u00e9s des de la pressi\u00f3 i unitat d\u2019acci\u00f3 de tot el personal \u00e9s com podrem fer for\u00e7a per a que la Diputaci\u00f3 es <em>posi les piles<\/em> i \u201ctrobi\u201d una soluci\u00f3 immediata al conflicte.<\/span><\/p>\n<p><span style=\"font-family: arial, helvetica, sans-serif;color: #000000\">En aquesta l\u00ednia, ja estem en contacte amb la resta de sindicats per a convocar una <strong>assemblea general<\/strong> per tractar el tema i donar-vos tota la informaci\u00f3 de la situaci\u00f3. Caldr\u00e0 valorar l\u2019objectiu de tornar a l\u2019<strong>escenari de les mobilitzacions<\/strong>.<\/span><\/p>\n<p><span style=\"font-family: arial, helvetica, sans-serif;color: #000000\">Si no s\u2019avan\u00e7a a la Mesa, ho hem de lluitar al carrer!<\/span><\/p>\n<p>&nbsp;<\/p>\n<p><span style=\"font-family: 'arial black', sans-serif;font-size: 18pt;color: #ff0000\"><strong>Reivindiquem\u00a0\u00a0\u00a0\u00a0 Lluitem\u00a0\u00a0\u00a0 Arribem a Acords<\/strong><\/span><\/p>\n<p>&nbsp;<\/p>\n<p style=\"text-align: center\">* \u00a0* \u00a0* \u00a0* \u00a0*<\/p>\n<p><img loading=\"lazy\" decoding=\"async\" class=\"alignleft wp-image-226\" src=\"http:\/\/ccoo.app\/diputacio-de-barcelona\/wp-content\/blogs.dir\/6\/files\/sites\/186\/2016\/04\/estem-decidits-acontinuar-lluitant.png\" alt=\"Estem decidits a continuar lluitant !\" width=\"213\" height=\"89\" \/><\/p>\n<p><img loading=\"lazy\" decoding=\"async\" class=\"wp-image-262 alignright\" src=\"http:\/\/ccoo.app\/diputacio-de-barcelona\/wp-content\/blogs.dir\/6\/files\/sites\/186\/2016\/04\/afiliat_ccoo_cat.gif\" alt=\"Tota la informaci\u00f3 de com afiliar-se a CCOO Catalunya i forlmulari d'alta o baxia.\" width=\"90\" height=\"80\" \/><\/p>\n<p><img loading=\"lazy\" decoding=\"async\" class=\"wp-image-227 aligncenter\" src=\"http:\/\/ccoo.app\/diputacio-de-barcelona\/wp-content\/blogs.dir\/6\/files\/sites\/186\/2016\/04\/logo-peu-300x69.png\" alt=\"logo-peu\" width=\"952\" height=\"219\" srcset=\"https:\/\/ccoo.app\/diputacio-de-barcelona\/wp-content\/blogs.dir\/6\/files\/sites\/186\/2016\/04\/logo-peu-300x69.png 300w, https:\/\/ccoo.app\/diputacio-de-barcelona\/wp-content\/blogs.dir\/6\/files\/sites\/186\/2016\/04\/logo-peu.png 557w\" sizes=\"auto, (max-width: 952px) 100vw, 952px\" \/><\/p>\n<p style=\"text-align: center\"><small><\/small><small>Formulari d&#8217;<a href=\"\/afiliat\/\">alta<\/a>, <a href=\"\/afiliat\/\">baixa <\/a>o <a href=\"\/afiliat\/\">modificaci\u00f3 <\/a>de les dades personals o<br \/>\ncontacta&#8217;ns a trav\u00e9s del tel\u00e8fon<strong> 934 022 985<\/strong> o correu: <a href=\"mailto:ccoo@diba.cat\"><strong>ccoo@diba.cat<\/strong><\/a><\/small><\/p>\n","protected":false},"excerpt":{"rendered":"<p>&nbsp; &nbsp; &nbsp; &nbsp; MESA GENERAL DE NEGOCIACI\u00d3 14 DE MAR\u00c7 DE 2018\u00a0 TEMA PREMIS PER ANYS DE SERVEI\u00a0 SITUACI\u00d3 DEL PERSONAL AFECTAT -23 de mar\u00e7- Alg\u00fa tenia dubtes respecte &#8230; <\/p>\n<p class=\"read-more-container\"><a title=\"TEMA PREMIS PER ANYS DE SERVEI: SITUACI\u00d3 DEL PERSONAL AFECTAT\" class=\"read-more button\" href=\"https:\/\/ccoo.app\/diputacio-de-barcelona\/plantilla_post-copy-copy-copy-copy-copy-copy-copy-copy-copy-3\/#more-1971\" aria-label=\"Leer m\u00e1s sobre TEMA PREMIS PER ANYS DE SERVEI: SITUACI\u00d3 DEL PERSONAL AFECTAT\">Continuar llegint<\/a><\/p>\n","protected":false},"author":4519,"featured_media":1985,"comment_status":"open","ping_status":"open","sticky":false,"template":"","format":"standard","meta":{"footnotes":""},"categories":[19,26,33,34],"tags":[105,148],"class_list":["post-1971","post","type-post","status-publish","format-standard","has-post-thumbnail","hentry","category-comunicats","category-mgn","category-propostes-sindicals","category-respir","tag-els-nostres-drets-no-es-suspenen-es-defensen","tag-mesa-general-negociacio","generate-columns","tablet-grid-50","mobile-grid-100","grid-parent","grid-50"],"_links":{"self":[{"href":"https:\/\/ccoo.app\/diputacio-de-barcelona\/wp-json\/wp\/v2\/posts\/1971","targetHints":{"allow":["GET"]}}],"collection":[{"href":"https:\/\/ccoo.app\/diputacio-de-barcelona\/wp-json\/wp\/v2\/posts"}],"about":[{"href":"https:\/\/ccoo.app\/diputacio-de-barcelona\/wp-json\/wp\/v2\/types\/post"}],"author":[{"embeddable":true,"href":"https:\/\/ccoo.app\/diputacio-de-barcelona\/wp-json\/wp\/v2\/users\/4519"}],"replies":[{"embeddable":true,"href":"https:\/\/ccoo.app\/diputacio-de-barcelona\/wp-json\/wp\/v2\/comments?post=1971"}],"version-history":[{"count":1,"href":"https:\/\/ccoo.app\/diputacio-de-barcelona\/wp-json\/wp\/v2\/posts\/1971\/revisions"}],"predecessor-version":[{"id":52190,"href":"https:\/\/ccoo.app\/diputacio-de-barcelona\/wp-json\/wp\/v2\/posts\/1971\/revisions\/52190"}],"wp:featuredmedia":[{"embeddable":true,"href":"https:\/\/ccoo.app\/diputacio-de-barcelona\/wp-json\/wp\/v2\/media\/1985"}],"wp:attachment":[{"href":"https:\/\/ccoo.app\/diputacio-de-barcelona\/wp-json\/wp\/v2\/media?parent=1971"}],"wp:term":[{"taxonomy":"category","embeddable":true,"href":"https:\/\/ccoo.app\/diputacio-de-barcelona\/wp-json\/wp\/v2\/categories?post=1971"},{"taxonomy":"post_tag","embeddable":true,"href":"https:\/\/ccoo.app\/diputacio-de-barcelona\/wp-json\/wp\/v2\/tags?post=1971"}],"curies":[{"name":"wp","href":"https:\/\/api.w.org\/{rel}","templated":true}]}}