{"id":1960,"date":"2018-03-09T09:18:21","date_gmt":"2018-03-09T08:18:21","guid":{"rendered":"https:\/\/diba.ccoo.cat\/?p=1960"},"modified":"2023-02-22T19:13:56","modified_gmt":"2023-02-22T18:13:56","slug":"proposta-de-ccoo-de-teletreball-a-la-diba","status":"publish","type":"post","link":"https:\/\/ccoo.app\/diputacio-de-barcelona\/proposta-de-ccoo-de-teletreball-a-la-diba\/","title":{"rendered":"PROPOSTA DE CCOO DE TELETREBALL A LA DIBA"},"content":{"rendered":"<p>&nbsp;<\/p>\n<p><img loading=\"lazy\" decoding=\"async\" class=\"wp-image-189\" title=\"Secci\u00f3 Sindical de la Diutaci\u00f3 de Barcelona de la Federaci\u00f3 Sindical de Catalunya\" src=\"http:\/\/ccoo.app\/diputacio-de-barcelona\/wp-content\/blogs.dir\/6\/files\/sites\/186\/2015\/12\/ccoo-fsc-cat.png\" alt=\"Secci\u00f3 Sindical de la Diputaci\u00f3 de Barcelona de la Federaci\u00f3 Sindical de Catalunya\" width=\"469\" height=\"90\" \/><\/p>\n<p class=\"wp-caption-text\">Secci\u00f3 Sindical de la Diputaci\u00f3 de Barcelona<\/p>\n<p>&nbsp;<\/p>\n<h3 style=\"text-align: center\"><strong><span style=\"color: #ff0000\">PROPOSTA DE CCOO DE TELETREBALL<\/span><\/strong><\/h3>\n<p>&nbsp;<\/p>\n<p style=\"text-align: justify\">El teletreball comen\u00e7a a estendre\u2019s en la realitat productiva de la nostra societat. Cada cop m\u00e9s empreses i administracions p\u00fabliques comencen a habilitar aquesta forma de produir b\u00e9ns i serveis.\u00a0<b>Consideracions de sostenibilitat mediambiental i de conciliaci\u00f3 junt amb els aven\u00e7os tecnol\u00f2gics, generen una situaci\u00f3 que permet ara la seva implantaci\u00f3.\u00a0<\/b><\/p>\n<p style=\"text-align: justify\">Tot just fa ara un any, mar\u00e7 de 2017, la Presidenta de la\u00a0Corporaci\u00f3 encomanava a la Mesa General de\u00a0Negociaci\u00f3 comen\u00e7ar a avaluar la implementaci\u00f3 de les activitats dels i les treballadores en la forma de teletreball. Aquesta proposta sorgia emmarcada en la\u00a0<i>Guia de mesures de conciliaci\u00f3 i usos del temps<\/i>.<\/p>\n<p style=\"text-align: justify\">La Taula de Mobilitat de la Diputaci\u00f3 de Barcelona ha encetat les tasques per fer possible un Pla de\u00a0Mobilitat en la nostra administraci\u00f3.\u00a0La recent iniciativa portada a terme en tot l\u2019\u00e0mbit corporatiu,\u00a0<i>Enquesta sobre la mobilitat dels treballadors<\/i><i>\/es<\/i><i>\u00a0de la Diputaci\u00f3 de Barcelona<\/i>\u00a0ha fet pal\u00e8s que el teletreball \u00e9s una demanda del col\u00b7lectiu laboral de mesures per fer realitat un marc de sostenibilitat que implementi el Pla de\u00a0Mobilitat.<\/p>\n<p style=\"text-align: justify\">Les noves tecnologies, especialment en les comunicacions i les eines inform\u00e0-tiques, permeten el desenvolupament efectiu de les comeses assignades a molts perfils de treballadores i treballadors independentment del lloc f\u00edsic on les executen.<\/p>\n<p style=\"text-align: justify\">Tots aquests precedents esdevenen argument s\u00f2lid i fonament de negociaci\u00f3 per situar la implantaci\u00f3 del teletreball com a model\u00a0possible i desitjable en la realitat productiva de la nostra instituci\u00f3.<\/p>\n<p style=\"text-align: justify\"><b>\u00c9s per aix\u00f2 que tal com reflect\u00edem al nostre programa en les eleccions sindicals, CCOO eleva a la\u00a0MGNmc\u00a0la proposta de negociaci\u00f3 del teletreball.<\/b><\/p>\n<p style=\"text-align: justify\">Volem fer aix\u00ed mateix especial \u00e8mfasi en els aspectes de riscos laborals i mesures d\u2019igualtat de g\u00e8nere, identificant en un estadi inicial les particularitats que poguessin emergir arran l\u2019activaci\u00f3 del teletreball.<\/p>\n<p style=\"text-align: center\">* \u00a0* \u00a0* \u00a0* \u00a0*<\/p>\n<p><img loading=\"lazy\" decoding=\"async\" class=\"alignleft wp-image-226\" src=\"http:\/\/ccoo.app\/diputacio-de-barcelona\/wp-content\/blogs.dir\/6\/files\/sites\/186\/2016\/04\/estem-decidits-acontinuar-lluitant.png\" alt=\"Estem decidits a continuar lluitant !\" width=\"213\" height=\"89\" \/><\/p>\n<p><img loading=\"lazy\" decoding=\"async\" class=\"wp-image-262 alignright\" src=\"http:\/\/ccoo.app\/diputacio-de-barcelona\/wp-content\/blogs.dir\/6\/files\/sites\/186\/2016\/04\/afiliat_ccoo_cat.gif\" alt=\"Tota la informaci\u00f3 de com afiliar-se a CCOO Catalunya i forlmulari d'alta o baxia.\" width=\"90\" height=\"80\" \/><\/p>\n<p><img loading=\"lazy\" decoding=\"async\" class=\"wp-image-227 aligncenter\" src=\"http:\/\/ccoo.app\/diputacio-de-barcelona\/wp-content\/blogs.dir\/6\/files\/sites\/186\/2016\/04\/logo-peu-300x69.png\" alt=\"logo-peu\" width=\"952\" height=\"219\" srcset=\"https:\/\/ccoo.app\/diputacio-de-barcelona\/wp-content\/blogs.dir\/6\/files\/sites\/186\/2016\/04\/logo-peu-300x69.png 300w, https:\/\/ccoo.app\/diputacio-de-barcelona\/wp-content\/blogs.dir\/6\/files\/sites\/186\/2016\/04\/logo-peu.png 557w\" sizes=\"auto, (max-width: 952px) 100vw, 952px\" \/><\/p>\n<p style=\"text-align: center\"><small><\/small><small>Formulari d&#8217;<a href=\"\/afiliat\/\">alta<\/a>, <a href=\"\/afiliat\/\">baixa <\/a>o <a href=\"\/afiliat\/\">modificaci\u00f3 <\/a>de les dades personals o<br \/>\ncontacta&#8217;ns a trav\u00e9s del tel\u00e8fon<strong> 934 022 985<\/strong> o correu: <a href=\"mailto:ccoo@diba.cat\"><strong>ccoo@diba.cat<\/strong><\/a><\/small><\/p>\n","protected":false},"excerpt":{"rendered":"<p>&nbsp; Secci\u00f3 Sindical de la Diputaci\u00f3 de Barcelona &nbsp; PROPOSTA DE CCOO DE TELETREBALL &nbsp; El teletreball comen\u00e7a a estendre\u2019s en la realitat productiva de la nostra societat. Cada cop &#8230; <\/p>\n<p class=\"read-more-container\"><a title=\"PROPOSTA DE CCOO DE TELETREBALL A LA DIBA\" class=\"read-more button\" href=\"https:\/\/ccoo.app\/diputacio-de-barcelona\/proposta-de-ccoo-de-teletreball-a-la-diba\/#more-1960\" aria-label=\"Leer m\u00e1s sobre PROPOSTA DE CCOO DE TELETREBALL A LA DIBA\">Continuar llegint<\/a><\/p>\n","protected":false},"author":4519,"featured_media":1993,"comment_status":"open","ping_status":"open","sticky":false,"template":"","format":"standard","meta":{"footnotes":""},"categories":[38,19,33],"tags":[],"class_list":["post-1960","post","type-post","status-publish","format-standard","has-post-thumbnail","hentry","category-a-tot-el-personal","category-comunicats","category-propostes-sindicals","generate-columns","tablet-grid-50","mobile-grid-100","grid-parent","grid-50"],"_links":{"self":[{"href":"https:\/\/ccoo.app\/diputacio-de-barcelona\/wp-json\/wp\/v2\/posts\/1960","targetHints":{"allow":["GET"]}}],"collection":[{"href":"https:\/\/ccoo.app\/diputacio-de-barcelona\/wp-json\/wp\/v2\/posts"}],"about":[{"href":"https:\/\/ccoo.app\/diputacio-de-barcelona\/wp-json\/wp\/v2\/types\/post"}],"author":[{"embeddable":true,"href":"https:\/\/ccoo.app\/diputacio-de-barcelona\/wp-json\/wp\/v2\/users\/4519"}],"replies":[{"embeddable":true,"href":"https:\/\/ccoo.app\/diputacio-de-barcelona\/wp-json\/wp\/v2\/comments?post=1960"}],"version-history":[{"count":1,"href":"https:\/\/ccoo.app\/diputacio-de-barcelona\/wp-json\/wp\/v2\/posts\/1960\/revisions"}],"predecessor-version":[{"id":52192,"href":"https:\/\/ccoo.app\/diputacio-de-barcelona\/wp-json\/wp\/v2\/posts\/1960\/revisions\/52192"}],"wp:featuredmedia":[{"embeddable":true,"href":"https:\/\/ccoo.app\/diputacio-de-barcelona\/wp-json\/wp\/v2\/media\/1993"}],"wp:attachment":[{"href":"https:\/\/ccoo.app\/diputacio-de-barcelona\/wp-json\/wp\/v2\/media?parent=1960"}],"wp:term":[{"taxonomy":"category","embeddable":true,"href":"https:\/\/ccoo.app\/diputacio-de-barcelona\/wp-json\/wp\/v2\/categories?post=1960"},{"taxonomy":"post_tag","embeddable":true,"href":"https:\/\/ccoo.app\/diputacio-de-barcelona\/wp-json\/wp\/v2\/tags?post=1960"}],"curies":[{"name":"wp","href":"https:\/\/api.w.org\/{rel}","templated":true}]}}