{"id":1954,"date":"2018-03-02T09:12:23","date_gmt":"2018-03-02T08:12:23","guid":{"rendered":"https:\/\/diba.ccoo.cat\/?p=1954"},"modified":"2023-02-22T19:13:58","modified_gmt":"2023-02-22T18:13:58","slug":"viii-conferencia-de-ccoo-diba","status":"publish","type":"post","link":"https:\/\/ccoo.app\/diputacio-de-barcelona\/viii-conferencia-de-ccoo-diba\/","title":{"rendered":"VIII CONFER\u00c8NCIA DE CCOO DIBA"},"content":{"rendered":"<p>&nbsp;<\/p>\n<p><img loading=\"lazy\" decoding=\"async\" class=\"wp-image-189\" title=\"Secci\u00f3 Sindical de la Diutaci\u00f3 de Barcelona de la Federaci\u00f3 Sindical de Catalunya\" src=\"http:\/\/ccoo.app\/diputacio-de-barcelona\/wp-content\/blogs.dir\/6\/files\/sites\/186\/2015\/12\/ccoo-fsc-cat.png\" alt=\"Secci\u00f3 Sindical de la Diputaci\u00f3 de Barcelona de la Federaci\u00f3 Sindical de Catalunya\" width=\"469\" height=\"90\" \/><\/p>\n<p class=\"wp-caption-text\">Secci\u00f3 Sindical de la Diputaci\u00f3 de Barcelona<\/p>\n<h3 class=\"widget-title\"><\/h3>\n<h3 style=\"text-align: center\"><strong><span style=\"color: #ff0000\"><span class=\"TextRun SCXW242761609\" lang=\"CA-ES\" xml:lang=\"CA-ES\"><span class=\"NormalTextRun SCXW242761609\">VIII CONFER\u00c8NCIA DE CCOO DIBA<\/span><\/span><\/span><\/strong><\/h3>\n<h3 style=\"text-align: center\"><strong><span style=\"color: #ff0000\"><span class=\"TextRun Underlined SCXW242761609\" lang=\"CA-ES\" xml:lang=\"CA-ES\"><span class=\"NormalTextRun SCXW242761609\">21 DE MAR\u00c7<\/span><\/span><span class=\"TextRun SCXW242761609\" lang=\"CA-ES\" xml:lang=\"CA-ES\"><span class=\"NormalTextRun SCXW242761609\">\u00a0DE 2018<\/span><\/span><\/span><\/strong><\/h3>\n<p style=\"text-align: justify\"><b>Despr\u00e9s de 4 anys, els i les afiliades de CCOO a la Diputaci\u00f3 de Barcelona tornen a decidir entre tots i totes:<\/b><\/p>\n<ul style=\"text-align: justify\">\n<li>Els \u00f2rgans de direcci\u00f3 de la secci\u00f3 sindical pels propers 4 anys<\/li>\n<li>Els\/les delegats\/des\u00a0LOLS\u00a0de la secci\u00f3<\/li>\n<li>Aprovar informe de Gesti\u00f3 Sindical 2014-2018<\/li>\n<li>Aprovar un nou Pla d\u2019Acci\u00f3 2018-2022<\/li>\n<\/ul>\n<p style=\"text-align: justify\">Amb aquests objectius celebrarem el dia 21 de mar\u00e7 de 2018 la nostra VIII Confer\u00e8ncia.<\/p>\n<p style=\"text-align: justify\"><b>Com poden participar els i les afiliades?<\/b><\/p>\n<ul style=\"text-align: justify\">\n<li>Qualsevol afiliat\/da pot\u00a0<b>presentar candidatura<\/b>\u00a0a la Secretaria General i a la Comissi\u00f3 Executiva que es l\u2019\u00f2rgan de direcci\u00f3 de la secci\u00f3 sindical<\/li>\n<li>Qualsevol afiliat\/da pot\u00a0<b>proposar-se<\/b>\u00a0com a delegat\/da\u00a0LOLS<\/li>\n<li>Qualsevol afiliat\/da pot fer<b>\u00a0<\/b><b>esmenes<\/b>\u00a0al Pla d\u2019Acci\u00f3 2018-2022<\/li>\n<\/ul>\n<p style=\"text-align: justify\"><b>AFILIA\u2019T i PARTICIPA TU TAMB\u00c9!<\/b><\/p>\n<p style=\"text-align: justify\">La for\u00e7a de CCOO \u00e9s la teva sumada a la de la resta de persones que s&#8217;associen al nostre projecte sindical.<\/p>\n<p style=\"text-align: justify\">La nostra for\u00e7a \u00e9s la de la participaci\u00f3 del conjunt de\u00a0l\u2019afiliaci\u00f3\u00a0en les nostres actuacions per defensar i aconseguir nous drets i en la presa de decisions.<\/p>\n<p style=\"text-align: justify\">Com m\u00e9s persones ens afiliem i participem del projecte sindical de CCOO, m\u00e9s gran ser\u00e0 la nostra for\u00e7a.<\/p>\n<p style=\"text-align: justify\">La teva pertinen\u00e7a a CCOO et permet participar en les decisions i les activitats del sindicat. L&#8217;\u00f2rgan fonamental de participaci\u00f3 i d&#8217;intervenci\u00f3 \u00e9s la secci\u00f3 sindical.<\/p>\n<p style=\"text-align: justify\"><b>AFILIAR-TE per tant et dona dret:<\/b><\/p>\n<ul>\n<li style=\"text-align: justify\">A\u00a0<b>participar<\/b>\u00a0en totes les activitats del sindicat, en l&#8217;\u00e0mbit que ens correspongui, i a manifestar lliurement la nostra opini\u00f3 en els debats sindicals<\/li>\n<li style=\"text-align: justify\">A\u00a0<b>ser elegits i a elegir persones<\/b>\u00a0per a qualsevol \u00f2rgan de direcci\u00f3 o gesti\u00f3 de la nostra organitzaci\u00f3<\/li>\n<li style=\"text-align: justify\">A rebre\u00a0<b>l&#8217;assessorament sindical i t\u00e8cnic<\/b>\u00a0adient sobre qualsevol dels problemes professionals i sindicals que ens afectin<\/li>\n<li style=\"text-align: justify\">A\u00a0<b>gaudir dels serveis<\/b>\u00a0de qu\u00e8, com a confederaci\u00f3, ens hem dotat fins ara o ens puguem dotar en el futur<\/li>\n<\/ul>\n<h2><span style=\"color: #ff0000\">Afilia\u2019t ja :<\/span><\/h2>\n<p><span style=\"color: #0000ff\"><a style=\"color: #0000ff\" href=\"https:\/\/diba.ccoo.cat\/wp-content\/uploads\/sites\/37\/2017\/05\/fullAfiliaci%C3%B3.pdf\">https:\/\/diba.ccoo.cat\/wp-content\/uploads\/sites\/37\/2017\/05\/fullAfiliaci%C3%B3.pdf<\/a><\/span><\/p>\n<p>Imprimeix-te la fitxa d&#8217;afiliaci\u00f3 i envia&#8217;ns-la per correu ordinari o intern:<\/p>\n<p style=\"text-align: center\"><strong>CCOO Diba<\/strong><\/p>\n<p style=\"text-align: center\"><strong>Carrer Mallorca, 244, 2n 3a<\/strong><\/p>\n<p style=\"text-align: center\"><strong>08008 Barcelona<\/strong><\/p>\n<p>Tamb\u00e9 ens la pots portar presencialment de dilluns a divendres de 8:00 a 15:00 h.<\/p>\n<p style=\"text-align: center\">* \u00a0* \u00a0* \u00a0* \u00a0*<\/p>\n<p><img loading=\"lazy\" decoding=\"async\" class=\"alignleft wp-image-226\" src=\"http:\/\/ccoo.app\/diputacio-de-barcelona\/wp-content\/blogs.dir\/6\/files\/sites\/186\/2016\/04\/estem-decidits-acontinuar-lluitant.png\" alt=\"Estem decidits a continuar lluitant !\" width=\"213\" height=\"89\" \/><\/p>\n<p><img loading=\"lazy\" decoding=\"async\" class=\"wp-image-262 alignright\" src=\"http:\/\/ccoo.app\/diputacio-de-barcelona\/wp-content\/blogs.dir\/6\/files\/sites\/186\/2016\/04\/afiliat_ccoo_cat.gif\" alt=\"Tota la informaci\u00f3 de com afiliar-se a CCOO Catalunya i forlmulari d'alta o baxia.\" width=\"90\" height=\"80\" \/><\/p>\n<p><img loading=\"lazy\" decoding=\"async\" class=\"wp-image-227 aligncenter\" src=\"http:\/\/ccoo.app\/diputacio-de-barcelona\/wp-content\/blogs.dir\/6\/files\/sites\/186\/2016\/04\/logo-peu-300x69.png\" alt=\"logo-peu\" width=\"952\" height=\"219\" srcset=\"https:\/\/ccoo.app\/diputacio-de-barcelona\/wp-content\/blogs.dir\/6\/files\/sites\/186\/2016\/04\/logo-peu-300x69.png 300w, https:\/\/ccoo.app\/diputacio-de-barcelona\/wp-content\/blogs.dir\/6\/files\/sites\/186\/2016\/04\/logo-peu.png 557w\" sizes=\"auto, (max-width: 952px) 100vw, 952px\" \/><\/p>\n<p style=\"text-align: center\"><small><\/small><small>Formulari d&#8217;<a href=\"\/afiliat\/\">alta<\/a>, <a href=\"\/afiliat\/\">baixa <\/a>o <a href=\"\/afiliat\/\">modificaci\u00f3 <\/a>de les dades personals o<br \/>\ncontacta&#8217;ns a trav\u00e9s del tel\u00e8fon<strong> 934 022 985<\/strong> o correu: <a href=\"mailto:ccoo@diba.cat\"><strong>ccoo@diba.cat<\/strong><\/a><\/small><\/p>\n","protected":false},"excerpt":{"rendered":"<p>&nbsp; Secci\u00f3 Sindical de la Diputaci\u00f3 de Barcelona VIII CONFER\u00c8NCIA DE CCOO DIBA 21 DE MAR\u00c7\u00a0DE 2018 Despr\u00e9s de 4 anys, els i les afiliades de CCOO a la Diputaci\u00f3 &#8230; <\/p>\n<p class=\"read-more-container\"><a title=\"VIII CONFER\u00c8NCIA DE CCOO DIBA\" class=\"read-more button\" href=\"https:\/\/ccoo.app\/diputacio-de-barcelona\/viii-conferencia-de-ccoo-diba\/#more-1954\" aria-label=\"Leer m\u00e1s sobre VIII CONFER\u00c8NCIA DE CCOO DIBA\">Continuar llegint<\/a><\/p>\n","protected":false},"author":4519,"featured_media":1995,"comment_status":"open","ping_status":"open","sticky":false,"template":"","format":"standard","meta":{"footnotes":""},"categories":[38,19,33],"tags":[],"class_list":["post-1954","post","type-post","status-publish","format-standard","has-post-thumbnail","hentry","category-a-tot-el-personal","category-comunicats","category-propostes-sindicals","generate-columns","tablet-grid-50","mobile-grid-100","grid-parent","grid-50"],"_links":{"self":[{"href":"https:\/\/ccoo.app\/diputacio-de-barcelona\/wp-json\/wp\/v2\/posts\/1954","targetHints":{"allow":["GET"]}}],"collection":[{"href":"https:\/\/ccoo.app\/diputacio-de-barcelona\/wp-json\/wp\/v2\/posts"}],"about":[{"href":"https:\/\/ccoo.app\/diputacio-de-barcelona\/wp-json\/wp\/v2\/types\/post"}],"author":[{"embeddable":true,"href":"https:\/\/ccoo.app\/diputacio-de-barcelona\/wp-json\/wp\/v2\/users\/4519"}],"replies":[{"embeddable":true,"href":"https:\/\/ccoo.app\/diputacio-de-barcelona\/wp-json\/wp\/v2\/comments?post=1954"}],"version-history":[{"count":1,"href":"https:\/\/ccoo.app\/diputacio-de-barcelona\/wp-json\/wp\/v2\/posts\/1954\/revisions"}],"predecessor-version":[{"id":52193,"href":"https:\/\/ccoo.app\/diputacio-de-barcelona\/wp-json\/wp\/v2\/posts\/1954\/revisions\/52193"}],"wp:featuredmedia":[{"embeddable":true,"href":"https:\/\/ccoo.app\/diputacio-de-barcelona\/wp-json\/wp\/v2\/media\/1995"}],"wp:attachment":[{"href":"https:\/\/ccoo.app\/diputacio-de-barcelona\/wp-json\/wp\/v2\/media?parent=1954"}],"wp:term":[{"taxonomy":"category","embeddable":true,"href":"https:\/\/ccoo.app\/diputacio-de-barcelona\/wp-json\/wp\/v2\/categories?post=1954"},{"taxonomy":"post_tag","embeddable":true,"href":"https:\/\/ccoo.app\/diputacio-de-barcelona\/wp-json\/wp\/v2\/tags?post=1954"}],"curies":[{"name":"wp","href":"https:\/\/api.w.org\/{rel}","templated":true}]}}