{"id":1951,"date":"2018-02-23T09:05:49","date_gmt":"2018-02-23T08:05:49","guid":{"rendered":"https:\/\/diba.ccoo.cat\/?p=1951"},"modified":"2023-02-22T19:14:01","modified_gmt":"2023-02-22T18:14:01","slug":"manifest-dadhesio-a-la-vaga-de-2-hores-per-torns-del-8-de-marc-de-2018","status":"publish","type":"post","link":"https:\/\/ccoo.app\/diputacio-de-barcelona\/manifest-dadhesio-a-la-vaga-de-2-hores-per-torns-del-8-de-marc-de-2018\/","title":{"rendered":"MANIFEST D\u2019ADHESI\u00d3 A LA VAGA DE 2 HORES PER TORNS DEL 8 DE MAR\u00c7 DE 2018"},"content":{"rendered":"<p>&nbsp;<\/p>\n<p><img loading=\"lazy\" decoding=\"async\" class=\"wp-image-189\" title=\"Secci\u00f3 Sindical de la Diutaci\u00f3 de Barcelona de la Federaci\u00f3 Sindical de Catalunya\" src=\"http:\/\/ccoo.app\/diputacio-de-barcelona\/wp-content\/blogs.dir\/6\/files\/sites\/186\/2015\/12\/ccoo-fsc-cat.png\" alt=\"Secci\u00f3 Sindical de la Diputaci\u00f3 de Barcelona de la Federaci\u00f3 Sindical de Catalunya\" width=\"469\" height=\"90\" \/><\/p>\n<p class=\"wp-caption-text\">Secci\u00f3 Sindical de la Diputaci\u00f3 de Barcelona<\/p>\n<p>&nbsp;<\/p>\n<h3 style=\"text-align: center\"><strong><span style=\"color: #ff0000\">MANIFEST D\u2019ADHESI\u00d3 A LA VAGA DE 2 HORES <\/span><\/strong><\/h3>\n<h3 style=\"text-align: center\"><strong><span style=\"color: #ff0000\">PER TORNS DEL 8 DE MAR\u00c7<\/span><\/strong><\/h3>\n<p>&nbsp;<\/p>\n<p style=\"text-align: justify\">Davant de la situaci\u00f3 de discriminaci\u00f3 i vulneraci\u00f3 de drets que pateixen les dones treballadores, davant la bretxa salarial i les viol\u00e8ncies masclistes i l\u2019assetjament sexual i per ra\u00f3 de sexe\u00a0envers\u00a0les dones, davant la situaci\u00f3 de precarietat\u00a0i cont\u00ednues discriminacions que pateixen les\u00a0treballadores i treballadors del nostre pa\u00eds,\u00a0que no permeten tenir una vida\u00a0digna, les Seccions Sindicals d\u2019UGT i CCOO, les seves Delegades i Delegats a la Junta de Personal de la Diputaci\u00f3 de Barcelona\u00a0\u00a0\u00a0<b>ENS PLANTEM !!!<\/b><\/p>\n<p>&nbsp;<\/p>\n<h3 style=\"text-align: center\"><b>A<\/b><b>cordem<\/b><b>\u00a0<\/b><b>per unanimitat<\/b><\/h3>\n<h3 style=\"text-align: center\"><b>RECOLZAR la Convocat\u00f2ria de VAGA GENERAL<\/b><\/h3>\n<h3 style=\"text-align: center\"><b>de 2 hores per torn per el proper 8 de mar\u00e7 de 2018<\/b><\/h3>\n<p>&nbsp;<\/p>\n<p><b>EXIGIM:\u00a0<\/b><\/p>\n<ul style=\"text-align: justify\">\n<li><b>La derogaci\u00f3 de les reformes laborals<\/b><\/li>\n<\/ul>\n<ul style=\"text-align: justify\">\n<li><b>Increments salarials, especialm<\/b><b>ent els salaris m\u00e9s baixos i de<\/b><b>\u00a0l\u2019SMI<\/b><\/li>\n<\/ul>\n<ul style=\"text-align: justify\">\n<li><b>L\u2019eliminaci\u00f3 de la contractaci\u00f3 prec\u00e0ria i fraudulenta basada en la temporalitat\u00a0<\/b><b>i la parcialitat<\/b><\/li>\n<\/ul>\n<ul style=\"text-align: justify\">\n<li><b>Plans d\u2019Igualtat\u00a0<\/b><b>en totes les empreses<\/b><b>\u00a0com a eina per garantir la igualtat d\u2019oportunitats entre dones\u00a0 i homes, amb l\u2019objectiu d\u2019evitar la bretxa salarial<\/b><\/li>\n<\/ul>\n<ul style=\"text-align: justify\">\n<li><b>Una llei de\u00a0<\/b><b>transpar\u00e8ncia<\/b><b>\u00a0i igualtat salarial<\/b><\/li>\n<\/ul>\n<ul style=\"text-align: justify\">\n<li><b>Garantir el poder adquisitiu real de les pensions i que es repari la bretxa de g\u00e8nere que pateix el sistema<\/b><\/li>\n<\/ul>\n<ul style=\"text-align: justify\">\n<li><b>La ratificaci\u00f3 per part del govern del conveni 189 de l\u2019OIT que regula els drets i les condicions laborals de les treballadores de la llar<\/b><\/li>\n<\/ul>\n<ul style=\"text-align: justify\">\n<li><b>L\u2019actualitzaci\u00f3 dels permisos de conciliaci\u00f3 per formatar la coresponsabilitat i que deixin de ser una eina de discriminaci\u00f3<\/b><\/li>\n<\/ul>\n<ul style=\"text-align: justify\">\n<li><b>Pressupostos soc<\/b><b>ials com\u00a0<\/b><b>a base del<\/b><b>\u00a0sistema de l\u2019estat del benestar, augment de les partides pressupost\u00e0ries a la depend\u00e8ncia, la salut, l\u2019educaci\u00f3 i la\u00a0<\/b><b>inf\u00e0ncia<\/b><\/li>\n<\/ul>\n<ul style=\"text-align: justify\">\n<li><b>Inversions i recursos suficients per la lluita contra les desigualtats, les discriminacions i la viol\u00e8ncia masclista<\/b><\/li>\n<\/ul>\n<ul>\n<li style=\"text-align: justify\"><b>Aix\u00ed mateix, DONEM EL NOSTRES SUPORT A LA VAGA DE CONSUM, VAGA DE CURES I VAGA D\u2019ESTUDIANTS\u00a0<\/b><\/li>\n<\/ul>\n<p>&nbsp;<\/p>\n<p><b>Barcelona,\u00a0 20<\/b><b>\u00a0de febrer de 2018<\/b><\/p>\n<p style=\"text-align: center\">\u00a0* \u00a0* \u00a0* \u00a0* \u00a0*<\/p>\n<p><img loading=\"lazy\" decoding=\"async\" class=\"alignleft wp-image-226\" src=\"http:\/\/ccoo.app\/diputacio-de-barcelona\/wp-content\/blogs.dir\/6\/files\/sites\/186\/2016\/04\/estem-decidits-acontinuar-lluitant.png\" alt=\"Estem decidits a continuar lluitant !\" width=\"213\" height=\"89\" \/><\/p>\n<p><img loading=\"lazy\" decoding=\"async\" class=\"wp-image-262 alignright\" src=\"http:\/\/ccoo.app\/diputacio-de-barcelona\/wp-content\/blogs.dir\/6\/files\/sites\/186\/2016\/04\/afiliat_ccoo_cat.gif\" alt=\"Tota la informaci\u00f3 de com afiliar-se a CCOO Catalunya i forlmulari d'alta o baxia.\" width=\"90\" height=\"80\" \/><\/p>\n<p><img loading=\"lazy\" decoding=\"async\" class=\"wp-image-227 aligncenter\" src=\"http:\/\/ccoo.app\/diputacio-de-barcelona\/wp-content\/blogs.dir\/6\/files\/sites\/186\/2016\/04\/logo-peu-300x69.png\" alt=\"logo-peu\" width=\"952\" height=\"219\" srcset=\"https:\/\/ccoo.app\/diputacio-de-barcelona\/wp-content\/blogs.dir\/6\/files\/sites\/186\/2016\/04\/logo-peu-300x69.png 300w, https:\/\/ccoo.app\/diputacio-de-barcelona\/wp-content\/blogs.dir\/6\/files\/sites\/186\/2016\/04\/logo-peu.png 557w\" sizes=\"auto, (max-width: 952px) 100vw, 952px\" \/><\/p>\n<p style=\"text-align: center\"><small><\/small><small>Formulari d&#8217;<a href=\"\/afiliat\/\">alta<\/a>, <a href=\"\/afiliat\/\">baixa <\/a>o <a href=\"\/afiliat\/\">modificaci\u00f3 <\/a>de les dades personals o<br \/>\ncontacta&#8217;ns a trav\u00e9s del tel\u00e8fon<strong> 934 022 985<\/strong> o correu: <a href=\"mailto:ccoo@diba.cat\"><strong>ccoo@diba.cat<\/strong><\/a><\/small><\/p>\n","protected":false},"excerpt":{"rendered":"<p>&nbsp; Secci\u00f3 Sindical de la Diputaci\u00f3 de Barcelona &nbsp; MANIFEST D\u2019ADHESI\u00d3 A LA VAGA DE 2 HORES PER TORNS DEL 8 DE MAR\u00c7 &nbsp; Davant de la situaci\u00f3 de discriminaci\u00f3 &#8230; <\/p>\n<p class=\"read-more-container\"><a title=\"MANIFEST D\u2019ADHESI\u00d3 A LA VAGA DE 2 HORES PER TORNS DEL 8 DE MAR\u00c7 DE 2018\" class=\"read-more button\" href=\"https:\/\/ccoo.app\/diputacio-de-barcelona\/manifest-dadhesio-a-la-vaga-de-2-hores-per-torns-del-8-de-marc-de-2018\/#more-1951\" aria-label=\"Leer m\u00e1s sobre MANIFEST D\u2019ADHESI\u00d3 A LA VAGA DE 2 HORES PER TORNS DEL 8 DE MAR\u00c7 DE 2018\">Continuar llegint<\/a><\/p>\n","protected":false},"author":4519,"featured_media":1997,"comment_status":"open","ping_status":"open","sticky":false,"template":"","format":"standard","meta":{"footnotes":""},"categories":[38,19],"tags":[],"class_list":["post-1951","post","type-post","status-publish","format-standard","has-post-thumbnail","hentry","category-a-tot-el-personal","category-comunicats","generate-columns","tablet-grid-50","mobile-grid-100","grid-parent","grid-50"],"_links":{"self":[{"href":"https:\/\/ccoo.app\/diputacio-de-barcelona\/wp-json\/wp\/v2\/posts\/1951","targetHints":{"allow":["GET"]}}],"collection":[{"href":"https:\/\/ccoo.app\/diputacio-de-barcelona\/wp-json\/wp\/v2\/posts"}],"about":[{"href":"https:\/\/ccoo.app\/diputacio-de-barcelona\/wp-json\/wp\/v2\/types\/post"}],"author":[{"embeddable":true,"href":"https:\/\/ccoo.app\/diputacio-de-barcelona\/wp-json\/wp\/v2\/users\/4519"}],"replies":[{"embeddable":true,"href":"https:\/\/ccoo.app\/diputacio-de-barcelona\/wp-json\/wp\/v2\/comments?post=1951"}],"version-history":[{"count":1,"href":"https:\/\/ccoo.app\/diputacio-de-barcelona\/wp-json\/wp\/v2\/posts\/1951\/revisions"}],"predecessor-version":[{"id":52194,"href":"https:\/\/ccoo.app\/diputacio-de-barcelona\/wp-json\/wp\/v2\/posts\/1951\/revisions\/52194"}],"wp:featuredmedia":[{"embeddable":true,"href":"https:\/\/ccoo.app\/diputacio-de-barcelona\/wp-json\/wp\/v2\/media\/1997"}],"wp:attachment":[{"href":"https:\/\/ccoo.app\/diputacio-de-barcelona\/wp-json\/wp\/v2\/media?parent=1951"}],"wp:term":[{"taxonomy":"category","embeddable":true,"href":"https:\/\/ccoo.app\/diputacio-de-barcelona\/wp-json\/wp\/v2\/categories?post=1951"},{"taxonomy":"post_tag","embeddable":true,"href":"https:\/\/ccoo.app\/diputacio-de-barcelona\/wp-json\/wp\/v2\/tags?post=1951"}],"curies":[{"name":"wp","href":"https:\/\/api.w.org\/{rel}","templated":true}]}}