{"id":1946,"date":"2018-02-16T08:56:03","date_gmt":"2018-02-16T07:56:03","guid":{"rendered":"https:\/\/diba.ccoo.cat\/?p=1946"},"modified":"2023-02-22T19:14:02","modified_gmt":"2023-02-22T18:14:02","slug":"accions-formatives-pamo-2016-i-2017","status":"publish","type":"post","link":"https:\/\/ccoo.app\/diputacio-de-barcelona\/accions-formatives-pamo-2016-i-2017\/","title":{"rendered":"ACCIONS FORMATIVES PAMO 2016 I 2017"},"content":{"rendered":"<p>&nbsp;<\/p>\n<p><img loading=\"lazy\" decoding=\"async\" class=\"wp-image-189\" title=\"Secci\u00f3 Sindical de la Diutaci\u00f3 de Barcelona de la Federaci\u00f3 Sindical de Catalunya\" src=\"http:\/\/ccoo.app\/diputacio-de-barcelona\/wp-content\/blogs.dir\/6\/files\/sites\/186\/2015\/12\/ccoo-fsc-cat.png\" alt=\"Secci\u00f3 Sindical de la Diputaci\u00f3 de Barcelona de la Federaci\u00f3 Sindical de Catalunya\" width=\"469\" height=\"90\" \/><\/p>\n<p class=\"wp-caption-text\">Secci\u00f3 Sindical de la Diputaci\u00f3 de Barcelona<\/p>\n<h3 style=\"text-align: center\"><\/h3>\n<h3 style=\"text-align: center\"><strong><span style=\"color: #ff0000\">ACCIONS FORMATIVES <\/span><\/strong><\/h3>\n<h3 style=\"text-align: center\"><strong><span style=\"color: #ff0000\">PAMO 2016 I 2017<\/span><\/strong><\/h3>\n<p>&nbsp;<\/p>\n<p style=\"text-align: justify\">Des de CCOO\u00a0DiBa\u00a0estem preparant amb la FUNDACI\u00d3 PACO PUERTO de CCOO Catalunya, empreses del sector i personal intern de Diputaci\u00f3 de Barcelona, accions formatives relacionades amb els\u00a0PAMOs\u00a02016 i 2017. Tal com ja vam fer amb els anteriors\u00a0PAMOs.<\/p>\n<p style=\"text-align: justify\">L\u2019objectiu \u00e9s elaborar\u00a0temaris generals i espec\u00edfics, (aquests \u00faltims quan surtin les bases de les convocat\u00f2ries i es coneguin), aix\u00ed\u00a0com\u00a0cursos presencials\u00a0i via online.<\/p>\n<p style=\"text-align: justify\">La negociaci\u00f3 i preparaci\u00f3 respecte a aquestes accions formatives est\u00e0 molt avan\u00e7ada. En el moment que ho tinguem tancat, obrirem el termini de inscripci\u00f3 per aquells que estigueu interessats\/des.<\/p>\n<p style=\"text-align: justify\">Recordeu que CCOO apostem per cursos de qualitat, ben preparats i amb docents d\u2019una alta qualificaci\u00f3. Respecte a temaris, tamb\u00e9 treballem en la seva actualitzaci\u00f3 perqu\u00e8 siguin realment \u00fatils.<\/p>\n<p style=\"text-align: justify\">Fins que no es concretin aquestes accions formatives, es preferible que no envieu cap dada personal a la secci\u00f3.<\/p>\n<p style=\"text-align: justify\">Respecte a la pol\u00edtica de preus, recordeu que els afiliats\/des a CCOO podran gaudir de descomptes en aquestes formacions.<\/p>\n<p style=\"text-align: center\">* \u00a0* \u00a0* \u00a0* \u00a0*<\/p>\n<p><img loading=\"lazy\" decoding=\"async\" class=\"alignleft wp-image-226\" src=\"http:\/\/ccoo.app\/diputacio-de-barcelona\/wp-content\/blogs.dir\/6\/files\/sites\/186\/2016\/04\/estem-decidits-acontinuar-lluitant.png\" alt=\"Estem decidits a continuar lluitant !\" width=\"213\" height=\"89\" \/><\/p>\n<p><img loading=\"lazy\" decoding=\"async\" class=\"wp-image-262 alignright\" src=\"http:\/\/ccoo.app\/diputacio-de-barcelona\/wp-content\/blogs.dir\/6\/files\/sites\/186\/2016\/04\/afiliat_ccoo_cat.gif\" alt=\"Tota la informaci\u00f3 de com afiliar-se a CCOO Catalunya i forlmulari d'alta o baxia.\" width=\"90\" height=\"80\" \/><\/p>\n<p><img loading=\"lazy\" decoding=\"async\" class=\"wp-image-227 aligncenter\" src=\"http:\/\/ccoo.app\/diputacio-de-barcelona\/wp-content\/blogs.dir\/6\/files\/sites\/186\/2016\/04\/logo-peu-300x69.png\" alt=\"logo-peu\" width=\"952\" height=\"219\" srcset=\"https:\/\/ccoo.app\/diputacio-de-barcelona\/wp-content\/blogs.dir\/6\/files\/sites\/186\/2016\/04\/logo-peu-300x69.png 300w, https:\/\/ccoo.app\/diputacio-de-barcelona\/wp-content\/blogs.dir\/6\/files\/sites\/186\/2016\/04\/logo-peu.png 557w\" sizes=\"auto, (max-width: 952px) 100vw, 952px\" \/><\/p>\n<p style=\"text-align: center\"><small><\/small><small>Formulari d&#8217;<a href=\"\/afiliat\/\">alta<\/a>, <a href=\"\/afiliat\/\">baixa <\/a>o <a href=\"\/afiliat\/\">modificaci\u00f3 <\/a>de les dades personals o<br \/>\ncontacta&#8217;ns a trav\u00e9s del tel\u00e8fon<strong> 934 022 985<\/strong> o correu: <a href=\"mailto:ccoo@diba.cat\"><strong>ccoo@diba.cat<\/strong><\/a><\/small><\/p>\n","protected":false},"excerpt":{"rendered":"<p>&nbsp; Secci\u00f3 Sindical de la Diputaci\u00f3 de Barcelona ACCIONS FORMATIVES PAMO 2016 I 2017 &nbsp; Des de CCOO\u00a0DiBa\u00a0estem preparant amb la FUNDACI\u00d3 PACO PUERTO de CCOO Catalunya, empreses del sector &#8230; <\/p>\n<p class=\"read-more-container\"><a title=\"ACCIONS FORMATIVES PAMO 2016 I 2017\" class=\"read-more button\" href=\"https:\/\/ccoo.app\/diputacio-de-barcelona\/accions-formatives-pamo-2016-i-2017\/#more-1946\" aria-label=\"Leer m\u00e1s sobre ACCIONS FORMATIVES PAMO 2016 I 2017\">Continuar llegint<\/a><\/p>\n","protected":false},"author":4519,"featured_media":255,"comment_status":"open","ping_status":"open","sticky":false,"template":"","format":"standard","meta":{"footnotes":""},"categories":[38,19,20,31,33],"tags":[169],"class_list":["post-1946","post","type-post","status-publish","format-standard","has-post-thumbnail","hentry","category-a-tot-el-personal","category-comunicats","category-cursos","category-personal-interi-comunicats","category-propostes-sindicals","tag-pamo","generate-columns","tablet-grid-50","mobile-grid-100","grid-parent","grid-50"],"_links":{"self":[{"href":"https:\/\/ccoo.app\/diputacio-de-barcelona\/wp-json\/wp\/v2\/posts\/1946","targetHints":{"allow":["GET"]}}],"collection":[{"href":"https:\/\/ccoo.app\/diputacio-de-barcelona\/wp-json\/wp\/v2\/posts"}],"about":[{"href":"https:\/\/ccoo.app\/diputacio-de-barcelona\/wp-json\/wp\/v2\/types\/post"}],"author":[{"embeddable":true,"href":"https:\/\/ccoo.app\/diputacio-de-barcelona\/wp-json\/wp\/v2\/users\/4519"}],"replies":[{"embeddable":true,"href":"https:\/\/ccoo.app\/diputacio-de-barcelona\/wp-json\/wp\/v2\/comments?post=1946"}],"version-history":[{"count":1,"href":"https:\/\/ccoo.app\/diputacio-de-barcelona\/wp-json\/wp\/v2\/posts\/1946\/revisions"}],"predecessor-version":[{"id":52195,"href":"https:\/\/ccoo.app\/diputacio-de-barcelona\/wp-json\/wp\/v2\/posts\/1946\/revisions\/52195"}],"wp:featuredmedia":[{"embeddable":true,"href":"https:\/\/ccoo.app\/diputacio-de-barcelona\/wp-json\/wp\/v2\/media\/255"}],"wp:attachment":[{"href":"https:\/\/ccoo.app\/diputacio-de-barcelona\/wp-json\/wp\/v2\/media?parent=1946"}],"wp:term":[{"taxonomy":"category","embeddable":true,"href":"https:\/\/ccoo.app\/diputacio-de-barcelona\/wp-json\/wp\/v2\/categories?post=1946"},{"taxonomy":"post_tag","embeddable":true,"href":"https:\/\/ccoo.app\/diputacio-de-barcelona\/wp-json\/wp\/v2\/tags?post=1946"}],"curies":[{"name":"wp","href":"https:\/\/api.w.org\/{rel}","templated":true}]}}