{"id":1941,"date":"2018-02-07T08:49:04","date_gmt":"2018-02-07T07:49:04","guid":{"rendered":"https:\/\/diba.ccoo.cat\/?p=1941"},"modified":"2023-02-22T19:14:04","modified_gmt":"2023-02-22T18:14:04","slug":"resum-de-la-mesa-general-de-negociacio-31-de-gener-de-2018","status":"publish","type":"post","link":"https:\/\/ccoo.app\/diputacio-de-barcelona\/resum-de-la-mesa-general-de-negociacio-31-de-gener-de-2018\/","title":{"rendered":"RESUM DE LA MESA GENERAL DE NEGOCIACI\u00d3 31 DE GENER DE 2018"},"content":{"rendered":"<p>&nbsp;<\/p>\n<p><img loading=\"lazy\" decoding=\"async\" class=\"wp-image-189\" title=\"Secci\u00f3 Sindical de la Diutaci\u00f3 de Barcelona de la Federaci\u00f3 Sindical de Catalunya\" src=\"http:\/\/ccoo.app\/diputacio-de-barcelona\/wp-content\/blogs.dir\/6\/files\/sites\/186\/2015\/12\/ccoo-fsc-cat.png\" alt=\"Secci\u00f3 Sindical de la Diputaci\u00f3 de Barcelona de la Federaci\u00f3 Sindical de Catalunya\" width=\"469\" height=\"90\" \/><\/p>\n<p class=\"wp-caption-text\">Secci\u00f3 Sindical de la Diputaci\u00f3 de Barcelona<\/p>\n<h3 class=\"widget-title\"><\/h3>\n<h3 style=\"text-align: center\"><strong><span style=\"color: #ff0000\">RESUM DE LA MESA\u00a0GENERAL DE NEGOCIACI\u00d3<\/span><\/strong><\/h3>\n<p style=\"text-align: center\"><span style=\"color: #ff0000\">-31 DE GENER DE 2018-<\/span><\/p>\n<p style=\"text-align: justify\"><b>PREMIS PER ANYS DE SERVEI<\/b>\u00a0La reuni\u00f3 de Mesa General de Negociaci\u00f3 del dia 31 de gener va ser convocada amb un \u00fanic punt a l\u2019ordre del dia:\u00a0<b><i>Premis per anys de servei<\/i><\/b><b>.<\/b><\/p>\n<p style=\"text-align: justify\">La reuni\u00f3 va ser monopolitzada pel tema del personal inter\u00ed de major edat que ha de presentar-se al\u00a0PAMO\u00a02016 i 2017 on tot els sindicats hav\u00edem consensuat pr\u00e8viament un posicionament com\u00fa.<\/p>\n<p style=\"text-align: justify\">Ara b\u00e9, respecte al tema\u00a0<i>Premis<\/i>, CCOO vam exposar una nova proposta que cont\u00e9 dos elements importants: mantenir el dret\u00a0 i tenir en compte les exig\u00e8ncies jur\u00eddiques actuals de la corporaci\u00f3. Era\u00a0<b>una proposta que ja fa temps hav\u00edem enviat a la corporaci\u00f3 i que ara ens hem comprom\u00e8s a enviar per escrit a la resta de representaci\u00f3 sindical.<\/b><\/p>\n<p style=\"text-align: justify\">Per tant, en aquests moments,\u00a0<b>tenim sobre la taula<\/b>\u00a0(com a m\u00ednim)\u00a0<b>les seg\u00fcents alternatives<\/b>\u00a0per fer front a la situaci\u00f3 de bloqueig actual:<\/p>\n<ul style=\"text-align: justify\">\n<li><b>Via jur\u00eddica.\u00a0<\/b><\/li>\n<\/ul>\n<p style=\"text-align: justify\">Davant la manca de compliment per part de la Diputaci\u00f3 dels seus compromisos econ\u00f2mics i tenint en compte la VIG\u00c8NCIA dels nostres Acords, tenim tot el dret per iniciar aquesta via.<\/p>\n<p style=\"text-align: justify\">Nom\u00e9s s\u2019ha de tenir en compte que, d\u2019acord amb el que ens indiquen des dels nostres serveis jur\u00eddics, el proc\u00e9s pot durar com a m\u00ednim entre 3 i 4 anys.<\/p>\n<ul style=\"text-align: justify\">\n<li><b>Proposta alternativa presentada per la Diputaci\u00f3.<\/b><\/li>\n<\/ul>\n<p style=\"text-align: justify\">Consisteix en que la partida pressupost\u00e0ria per pagar els Premis passi i es sumi a l\u2019actual partida \u201cMillores Socials\u201d augmentant la dotaci\u00f3 individual anual que percebem. (154,70 \u20ac \/ any 2017)\u00a0 500 \u20ac \/ any.<\/p>\n<p style=\"text-align: justify\">No contempla pagar els\u00a0<i>Premis\u00a0<\/i>que deuen ni els futurs.<\/p>\n<ul style=\"text-align: justify\">\n<li><b>Proposta CCOO.<\/b><\/li>\n<\/ul>\n<p style=\"text-align: justify\">CCOO hem treballat i enviat diferents propostes amb l\u2019objectiu que el personal afectat pugui cobrar quan abans millor all\u00f2 a qu\u00e8 t\u00e9 dret.<\/p>\n<p style=\"text-align: justify\">Som conscients que els nostres acords s\u00f3n\u00a0<b>PLENAMENT VIGENTS<\/b>, la qual cosa ens permet contemplar la via jur\u00eddica. Per\u00f2 tamb\u00e9 treballem per trobar alternatives i mecanismes legals que possibilitin arribar a acords que permetin donar\u00a0<b>SOLUCIONS IMMEDIATES<\/b>.<\/p>\n<p style=\"text-align: justify\">\u00c9s per aix\u00f2 que vam exposar una nova proposta a la reuni\u00f3 de Mesa de dimecres passat i que la Diputaci\u00f3 s\u2019ha comprom\u00e8s a estudiar.<\/p>\n<p style=\"text-align: justify\"><b>ASSEMBLEA.<\/b>\u00a0Tenim intenci\u00f3 de convocar al llarg d\u2019aquest mes de febrer una assemblea de treballadors\/es espec\u00edfica per parlar d\u2019aquest tema. El nostre objectiu \u00e9s\u00a0<b>explicar tots els detalls de la negociaci\u00f3<\/b>\u00a0i, amb tot els elements sobre la taula, decidir entre tots i totes quines accions hem d\u2019emprendre col\u00b7lectivament.<\/p>\n<p style=\"text-align: justify\"><b>PAGA D\u2019ASSIDU\u00cfTAT<\/b>\u00a0Finalment, la corporaci\u00f3 ens va informar que estan treballat una nova proposta respecte al tema de la\u00a0<i>Paga d\u2019assidu\u00eftat<\/i>.<\/p>\n<p style=\"text-align: justify\">Hem demanat que ens ho envi\u00efn quan abans millor per poder estudiar el document.<\/p>\n<p style=\"text-align: justify\">Recordeu que la revisi\u00f3 d\u2019aquestes mat\u00e8ries t\u00e9 la mateixa premissa: tot i ser drets vigents, Intervenci\u00f3 de la Diputaci\u00f3 exigeix que es revisin tenint en compte l\u2019Informe de Sindicatura de Comptes.<\/p>\n<p style=\"text-align: justify\">Tant el tema\u00a0<i>Premis<\/i>\u00a0com la\u00a0<i>Paga d\u2019assidu\u00eftat<\/i>\u00a0torna a Mesa de Negociaci\u00f3 el dia 28 de febrer.<\/p>\n<p style=\"text-align: justify\">Com sabeu,\u00a0<b>CCOO no renunciem a cap ein<\/b><b>a<\/b><b>\u00a0sindical: la negociaci\u00f3 i la mobilitzaci\u00f3.\u00a0<\/b>Ara b\u00e9, el nostre objectiu \u00e9s sempre tancar acords i que aquests siguin els millors per a tot el personal. I per a que aix\u00f2 sigui possible, \u00e9s important la for\u00e7a de tots i totes.<\/p>\n<p style=\"text-align: justify\">Des de ja, necessitem mantenir un escenari de forta pressi\u00f3 per part de la plantilla. M\u00e9s enll\u00e0 de seure a la Mesa de Negociaci\u00f3 fent propostes\u00a0<b>necessitem la implicaci\u00f3 del personal tant a les assemblees com a qualsevol mobilitzaci\u00f3 o acci\u00f3 que es proposi.\u00a0<\/b><\/p>\n<p style=\"text-align: justify\"><b>Ens hi juguem molt!\u00a0<\/b>Paga d\u2019assidu\u00eftat, carrera, jornada laboral, promoci\u00f3&#8230; estem disposats\/des a perdre algun dret?<\/p>\n<p style=\"text-align: justify\">Com ha passat aquest darrer any, al 2018 seguirem negociant, mobilitzant-nos i fent el que calgui per mantenir i millorar els nostres drets. Suma-t\u2019hi!<\/p>\n<h2 style=\"text-align: center\"><b>Reivindiquem Lluitem Arribem a <\/b><\/h2>\n<h2 style=\"text-align: center\"><b>Acords<\/b><\/h2>\n<p style=\"text-align: center\">* \u00a0* \u00a0* \u00a0* \u00a0*<\/p>\n<p><img loading=\"lazy\" decoding=\"async\" class=\"alignleft wp-image-226\" src=\"http:\/\/ccoo.app\/diputacio-de-barcelona\/wp-content\/blogs.dir\/6\/files\/sites\/186\/2016\/04\/estem-decidits-acontinuar-lluitant.png\" alt=\"Estem decidits a continuar lluitant !\" width=\"213\" height=\"89\" \/><\/p>\n<p><img loading=\"lazy\" decoding=\"async\" class=\"wp-image-262 alignright\" src=\"http:\/\/ccoo.app\/diputacio-de-barcelona\/wp-content\/blogs.dir\/6\/files\/sites\/186\/2016\/04\/afiliat_ccoo_cat.gif\" alt=\"Tota la informaci\u00f3 de com afiliar-se a CCOO Catalunya i forlmulari d'alta o baxia.\" width=\"90\" height=\"80\" \/><\/p>\n<p><img loading=\"lazy\" decoding=\"async\" class=\"wp-image-227 aligncenter\" src=\"http:\/\/ccoo.app\/diputacio-de-barcelona\/wp-content\/blogs.dir\/6\/files\/sites\/186\/2016\/04\/logo-peu-300x69.png\" alt=\"logo-peu\" width=\"952\" height=\"219\" srcset=\"https:\/\/ccoo.app\/diputacio-de-barcelona\/wp-content\/blogs.dir\/6\/files\/sites\/186\/2016\/04\/logo-peu-300x69.png 300w, https:\/\/ccoo.app\/diputacio-de-barcelona\/wp-content\/blogs.dir\/6\/files\/sites\/186\/2016\/04\/logo-peu.png 557w\" sizes=\"auto, (max-width: 952px) 100vw, 952px\" \/><\/p>\n<p style=\"text-align: center\"><small><\/small><small>Formulari d&#8217;<a href=\"\/afiliat\/\">alta<\/a>, <a href=\"\/afiliat\/\">baixa <\/a>o <a href=\"\/afiliat\/\">modificaci\u00f3 <\/a>de les dades personals o<br \/>\ncontacta&#8217;ns a trav\u00e9s del tel\u00e8fon<strong> 934 022 985<\/strong> o correu: <a href=\"mailto:ccoo@diba.cat\"><strong>ccoo@diba.cat<\/strong><\/a><\/small><\/p>\n","protected":false},"excerpt":{"rendered":"<p>&nbsp; Secci\u00f3 Sindical de la Diputaci\u00f3 de Barcelona RESUM DE LA MESA\u00a0GENERAL DE NEGOCIACI\u00d3 -31 DE GENER DE 2018- PREMIS PER ANYS DE SERVEI\u00a0La reuni\u00f3 de Mesa General de Negociaci\u00f3 &#8230; <\/p>\n<p class=\"read-more-container\"><a title=\"RESUM DE LA MESA GENERAL DE NEGOCIACI\u00d3 31 DE GENER DE 2018\" class=\"read-more button\" href=\"https:\/\/ccoo.app\/diputacio-de-barcelona\/resum-de-la-mesa-general-de-negociacio-31-de-gener-de-2018\/#more-1941\" aria-label=\"Leer m\u00e1s sobre RESUM DE LA MESA GENERAL DE NEGOCIACI\u00d3 31 DE GENER DE 2018\">Continuar llegint<\/a><\/p>\n","protected":false},"author":4519,"featured_media":255,"comment_status":"open","ping_status":"open","sticky":false,"template":"","format":"standard","meta":{"footnotes":""},"categories":[38,19,26,27],"tags":[105,148],"class_list":["post-1941","post","type-post","status-publish","format-standard","has-post-thumbnail","hentry","category-a-tot-el-personal","category-comunicats","category-mgn","category-millores-socials","tag-els-nostres-drets-no-es-suspenen-es-defensen","tag-mesa-general-negociacio","generate-columns","tablet-grid-50","mobile-grid-100","grid-parent","grid-50"],"_links":{"self":[{"href":"https:\/\/ccoo.app\/diputacio-de-barcelona\/wp-json\/wp\/v2\/posts\/1941","targetHints":{"allow":["GET"]}}],"collection":[{"href":"https:\/\/ccoo.app\/diputacio-de-barcelona\/wp-json\/wp\/v2\/posts"}],"about":[{"href":"https:\/\/ccoo.app\/diputacio-de-barcelona\/wp-json\/wp\/v2\/types\/post"}],"author":[{"embeddable":true,"href":"https:\/\/ccoo.app\/diputacio-de-barcelona\/wp-json\/wp\/v2\/users\/4519"}],"replies":[{"embeddable":true,"href":"https:\/\/ccoo.app\/diputacio-de-barcelona\/wp-json\/wp\/v2\/comments?post=1941"}],"version-history":[{"count":1,"href":"https:\/\/ccoo.app\/diputacio-de-barcelona\/wp-json\/wp\/v2\/posts\/1941\/revisions"}],"predecessor-version":[{"id":52196,"href":"https:\/\/ccoo.app\/diputacio-de-barcelona\/wp-json\/wp\/v2\/posts\/1941\/revisions\/52196"}],"wp:featuredmedia":[{"embeddable":true,"href":"https:\/\/ccoo.app\/diputacio-de-barcelona\/wp-json\/wp\/v2\/media\/255"}],"wp:attachment":[{"href":"https:\/\/ccoo.app\/diputacio-de-barcelona\/wp-json\/wp\/v2\/media?parent=1941"}],"wp:term":[{"taxonomy":"category","embeddable":true,"href":"https:\/\/ccoo.app\/diputacio-de-barcelona\/wp-json\/wp\/v2\/categories?post=1941"},{"taxonomy":"post_tag","embeddable":true,"href":"https:\/\/ccoo.app\/diputacio-de-barcelona\/wp-json\/wp\/v2\/tags?post=1941"}],"curies":[{"name":"wp","href":"https:\/\/api.w.org\/{rel}","templated":true}]}}