{"id":1937,"date":"2018-02-05T08:42:53","date_gmt":"2018-02-05T07:42:53","guid":{"rendered":"https:\/\/diba.ccoo.cat\/?p=1937"},"modified":"2023-02-22T19:14:06","modified_gmt":"2023-02-22T18:14:06","slug":"pamo-2016-i-2017-la-diputacio-vol-incomplir-els-pactes-relacionats-amb-el-personal-interi-2","status":"publish","type":"post","link":"https:\/\/ccoo.app\/diputacio-de-barcelona\/pamo-2016-i-2017-la-diputacio-vol-incomplir-els-pactes-relacionats-amb-el-personal-interi-2\/","title":{"rendered":"PAMO 2016 I 2017. LA DIPUTACI\u00d3 VOL INCOMPLIR ELS PACTES RELACIONATS AMB EL PERSONAL INTER\u00cd"},"content":{"rendered":"<p>&nbsp;<\/p>\n<p><img loading=\"lazy\" decoding=\"async\" class=\"wp-image-189\" title=\"Secci\u00f3 Sindical de la Diutaci\u00f3 de Barcelona de la Federaci\u00f3 Sindical de Catalunya\" src=\"http:\/\/ccoo.app\/diputacio-de-barcelona\/wp-content\/blogs.dir\/6\/files\/sites\/186\/2015\/12\/ccoo-fsc-cat.png\" alt=\"Secci\u00f3 Sindical de la Diputaci\u00f3 de Barcelona de la Federaci\u00f3 Sindical de Catalunya\" width=\"469\" height=\"90\" \/><\/p>\n<p class=\"wp-caption-text\">Secci\u00f3 Sindical de la Diputaci\u00f3 de Barcelona<\/p>\n<h3 style=\"text-align: center\"><\/h3>\n<h3 style=\"text-align: center\"><strong><span style=\"color: #ff0000\">PAMO 2016 I 2017. LA DIPUTACI\u00d3 VOL INCOMPLIR ELS PACTES RELACIONATS AMB EL PERSONAL INTER\u00cd<\/span><\/strong><\/h3>\n<h3><\/h3>\n<h3 style=\"text-align: center\"><b>RECOLLIDA DE SIGNATURES<\/b><\/h3>\n<p>&nbsp;<\/p>\n<p style=\"text-align: justify\">Fem difusi\u00f3 d\u2019un escrit (veure document adjunt) que ens fan arribar afiliades a CCOO i\u00a0que treballen com a\u00a0interines majors de 55 anys.<\/p>\n<p style=\"text-align: justify\">Davant la decisi\u00f3 d\u2019incomplir els pactes relacionats a garantir la continu\u00eftat del personal de m\u00e9s de 55 anys,\u00a0proposen una recollida de signatures\u00a0que creiem molt adient.<\/p>\n<p style=\"text-align: justify\">Us animem a tots o totes a donar suport a aquesta iniciativa. En els pr\u00f2xims dies, els i les nostres delegades aniran pels centres\u00a0per a recollir signatures.<\/p>\n<p style=\"text-align: justify\">Tamb\u00e9, si voleu, podeu imprimir\u00a0l\u2019escrit i\u00a0fer vosaltres mateixos\u00a0la\u00a0recollida de signatures.\u00a0Posteriorment\u00a0ens ho podeu enviar\u00a0per correu intern al nostre local sindical\u00a0[S\u00edmbolo]\u00a0\u00a0CCOO\u00a0DiBa. Carrer Mallorca, 244, 2-3, Barcelona.<\/p>\n<p style=\"text-align: justify\"><b>CCOO exigim que\u00a0<\/b><b>la corporaci\u00f3 reconsideri i retorni al consens<\/b><b>\u00a0que s\u2019ha mantingut al llarg de molts i molts anys.<\/b><\/p>\n<p style=\"text-align: justify\"><b>Proposarem i donarem suport a totes les iniciatives sindicals conjuntes amb l\u2019objectiu d\u2019aconseguir que es respectin els nostres acords i pactes.<\/b><\/p>\n<p style=\"text-align: center\">\u00a0* \u00a0* \u00a0* \u00a0* \u00a0*<\/p>\n<p><img loading=\"lazy\" decoding=\"async\" class=\"alignleft wp-image-226\" src=\"http:\/\/ccoo.app\/diputacio-de-barcelona\/wp-content\/blogs.dir\/6\/files\/sites\/186\/2016\/04\/estem-decidits-acontinuar-lluitant.png\" alt=\"Estem decidits a continuar lluitant !\" width=\"213\" height=\"89\" \/><\/p>\n<p><img loading=\"lazy\" decoding=\"async\" class=\"wp-image-262 alignright\" src=\"http:\/\/ccoo.app\/diputacio-de-barcelona\/wp-content\/blogs.dir\/6\/files\/sites\/186\/2016\/04\/afiliat_ccoo_cat.gif\" alt=\"Tota la informaci\u00f3 de com afiliar-se a CCOO Catalunya i forlmulari d'alta o baxia.\" width=\"90\" height=\"80\" \/><\/p>\n<p><img loading=\"lazy\" decoding=\"async\" class=\"wp-image-227 aligncenter\" src=\"http:\/\/ccoo.app\/diputacio-de-barcelona\/wp-content\/blogs.dir\/6\/files\/sites\/186\/2016\/04\/logo-peu-300x69.png\" alt=\"logo-peu\" width=\"952\" height=\"219\" srcset=\"https:\/\/ccoo.app\/diputacio-de-barcelona\/wp-content\/blogs.dir\/6\/files\/sites\/186\/2016\/04\/logo-peu-300x69.png 300w, https:\/\/ccoo.app\/diputacio-de-barcelona\/wp-content\/blogs.dir\/6\/files\/sites\/186\/2016\/04\/logo-peu.png 557w\" sizes=\"auto, (max-width: 952px) 100vw, 952px\" \/><\/p>\n<p style=\"text-align: center\"><small><\/small><small>Formulari d&#8217;<a href=\"\/afiliat\/\">alta<\/a>, <a href=\"\/afiliat\/\">baixa <\/a>o <a href=\"\/afiliat\/\">modificaci\u00f3 <\/a>de les dades personals o<br \/>\ncontacta&#8217;ns a trav\u00e9s del tel\u00e8fon<strong> 934 022 985<\/strong> o correu: <a href=\"mailto:ccoo@diba.cat\"><strong>ccoo@diba.cat<\/strong><\/a><\/small><\/p>\n","protected":false},"excerpt":{"rendered":"<p>&nbsp; Secci\u00f3 Sindical de la Diputaci\u00f3 de Barcelona PAMO 2016 I 2017. LA DIPUTACI\u00d3 VOL INCOMPLIR ELS PACTES RELACIONATS AMB EL PERSONAL INTER\u00cd RECOLLIDA DE SIGNATURES &nbsp; Fem difusi\u00f3 d\u2019un &#8230; <\/p>\n<p class=\"read-more-container\"><a title=\"PAMO 2016 I 2017. LA DIPUTACI\u00d3 VOL INCOMPLIR ELS PACTES RELACIONATS AMB EL PERSONAL INTER\u00cd\" class=\"read-more button\" href=\"https:\/\/ccoo.app\/diputacio-de-barcelona\/pamo-2016-i-2017-la-diputacio-vol-incomplir-els-pactes-relacionats-amb-el-personal-interi-2\/#more-1937\" aria-label=\"Leer m\u00e1s sobre PAMO 2016 I 2017. LA DIPUTACI\u00d3 VOL INCOMPLIR ELS PACTES RELACIONATS AMB EL PERSONAL INTER\u00cd\">Continuar llegint<\/a><\/p>\n","protected":false},"author":4519,"featured_media":255,"comment_status":"open","ping_status":"open","sticky":false,"template":"","format":"standard","meta":{"footnotes":""},"categories":[38,19,24,31],"tags":[180],"class_list":["post-1937","post","type-post","status-publish","format-standard","has-post-thumbnail","hentry","category-a-tot-el-personal","category-comunicats","category-interins","category-personal-interi-comunicats","tag-personal-interi","generate-columns","tablet-grid-50","mobile-grid-100","grid-parent","grid-50"],"_links":{"self":[{"href":"https:\/\/ccoo.app\/diputacio-de-barcelona\/wp-json\/wp\/v2\/posts\/1937","targetHints":{"allow":["GET"]}}],"collection":[{"href":"https:\/\/ccoo.app\/diputacio-de-barcelona\/wp-json\/wp\/v2\/posts"}],"about":[{"href":"https:\/\/ccoo.app\/diputacio-de-barcelona\/wp-json\/wp\/v2\/types\/post"}],"author":[{"embeddable":true,"href":"https:\/\/ccoo.app\/diputacio-de-barcelona\/wp-json\/wp\/v2\/users\/4519"}],"replies":[{"embeddable":true,"href":"https:\/\/ccoo.app\/diputacio-de-barcelona\/wp-json\/wp\/v2\/comments?post=1937"}],"version-history":[{"count":1,"href":"https:\/\/ccoo.app\/diputacio-de-barcelona\/wp-json\/wp\/v2\/posts\/1937\/revisions"}],"predecessor-version":[{"id":52198,"href":"https:\/\/ccoo.app\/diputacio-de-barcelona\/wp-json\/wp\/v2\/posts\/1937\/revisions\/52198"}],"wp:featuredmedia":[{"embeddable":true,"href":"https:\/\/ccoo.app\/diputacio-de-barcelona\/wp-json\/wp\/v2\/media\/255"}],"wp:attachment":[{"href":"https:\/\/ccoo.app\/diputacio-de-barcelona\/wp-json\/wp\/v2\/media?parent=1937"}],"wp:term":[{"taxonomy":"category","embeddable":true,"href":"https:\/\/ccoo.app\/diputacio-de-barcelona\/wp-json\/wp\/v2\/categories?post=1937"},{"taxonomy":"post_tag","embeddable":true,"href":"https:\/\/ccoo.app\/diputacio-de-barcelona\/wp-json\/wp\/v2\/tags?post=1937"}],"curies":[{"name":"wp","href":"https:\/\/api.w.org\/{rel}","templated":true}]}}