{"id":1928,"date":"2018-02-05T12:27:57","date_gmt":"2018-02-05T11:27:57","guid":{"rendered":"https:\/\/diba.ccoo.cat\/?p=1928"},"modified":"2023-02-22T19:14:05","modified_gmt":"2023-02-22T18:14:05","slug":"reclassificacio-del-personal-auxiliar-de-geriatria","status":"publish","type":"post","link":"https:\/\/ccoo.app\/diputacio-de-barcelona\/reclassificacio-del-personal-auxiliar-de-geriatria\/","title":{"rendered":"RECLASSIFICACI\u00d3 DEL PERSONAL AUXILIAR DE GERIATRIA"},"content":{"rendered":"<p>&nbsp;<\/p>\n<p><img loading=\"lazy\" decoding=\"async\" class=\"wp-image-189\" title=\"Secci\u00f3 Sindical de la Diutaci\u00f3 de Barcelona de la Federaci\u00f3 Sindical de Catalunya\" src=\"http:\/\/ccoo.app\/diputacio-de-barcelona\/wp-content\/blogs.dir\/6\/files\/sites\/186\/2015\/12\/ccoo-fsc-cat.png\" alt=\"Secci\u00f3 Sindical de la Diputaci\u00f3 de Barcelona de la Federaci\u00f3 Sindical de Catalunya\" width=\"469\" height=\"90\" \/><\/p>\n<p class=\"wp-caption-text\">Secci\u00f3 Sindical de la Diputaci\u00f3 de Barcelona<\/p>\n<h3 class=\"widget-title\"><\/h3>\n<h3 style=\"text-align: center\"><strong><span style=\"color: #ff0000\"><span class=\"TextRun Underlined SCXW69749401\" lang=\"CA-ES\" xml:lang=\"CA-ES\"><span class=\"NormalTextRun SCXW69749401\">RECLASSIFICACI\u00d3 DEL PERSONAL AUXILIAR DE GERIATRIA<\/span><\/span><\/span><\/strong><\/h3>\n<p style=\"text-align: justify\">Despr\u00e9s de demanar-ho reiteradament, per fi el dimecres 14 de febrer, el tema de la\u00a0<b>RECLASSIFICACI\u00d3 DEL PERSONAL AUXILIAR DE GERIATRIA<\/b>\u00a0va a l\u2019ordre del dia de la Mesa General de Negociaci\u00f3.\u00a0<span>\u00a0<\/span><\/p>\n<p style=\"text-align: justify\">\u00c9s la primera vegada que va a l\u2019ordre del dia, tot i que\u00a0<b>CCOO<\/b>\u00a0hem\u00a0denunciat\u00a0moltes vegades l\u2019incompliment del comprom\u00eds que hi havia de\u00a0<i>reclassificar<\/i>\u00a0el col\u00b7lectiu com s\u2019havia fet amb tots els altres de C2 a C1.<span>\u00a0<\/span><\/p>\n<p style=\"text-align: justify\">De fet, inicialment l\u2019\u00fanic motiu perqu\u00e8 no tir\u00e9s endavant aquesta reclassificaci\u00f3 era que tot el personal no tenia encara l\u2019<i>acreditaci\u00f3\u00a0<\/i>espec\u00edfica requerida. Passat el temps, aquesta excusa era ja insostenible, per aix\u00f2 la nostra insist\u00e8ncia que aquest tema es tract\u00e9s d\u2019una vegada.<span>\u00a0<\/span><\/p>\n<p style=\"text-align: justify\">Ara ja va a Mesa. Ara b\u00e9, la corporaci\u00f3 afegeix un element nou: la reclassificaci\u00f3 del col\u00b7lectiu d\u2019Auxiliar de Geriatria va condicionada a unificar\u00a0el seu manual de funcions amb el del col\u00b7lectiu d\u2019Auxiliar\u00a0Educadors:<span>\u00a0<\/span><\/p>\n<p style=\"text-align: justify\"><span style=\"color: #3366ff\"><a style=\"color: #3366ff\" href=\"https:\/\/intradiba.diba.cat\/documents\/28777888\/31845610\/HP00H121+AUXILIAR+GERIATRIA.pdf\/45e9d88d-a631-4e88-b8f3-c31406fb41ec\"><b>https:\/\/intradiba.diba.cat\/documents\/28777888\/31845610\/HP00H121+AUXILIAR+GERIATRIA.pdf\/45e9d88d-a631-4e88-b8f3-c31406fb41ec<\/b><\/a>\u00a0<\/span><\/p>\n<p style=\"text-align: justify\"><span style=\"color: #3366ff\"><a style=\"color: #3366ff\" href=\"https:\/\/intradiba.diba.cat\/documents\/28777888\/31845610\/EP01C141+AUXILIAR+EDUCADOR_A.pdf\/8019f4c0-77e1-460f-83d7-88f0240f61ef\"><b>https:\/\/intradiba.diba.cat\/documents\/28777888\/31845610\/EP01C141+AUXILIAR+EDUCADOR_A.pdf\/8019f4c0-77e1-460f-83d7-88f0240f61ef<\/b><\/a>\u00a0<\/span><\/p>\n<p style=\"text-align: justify\"><b>CCOO diem que el col\u00b7lectiu d\u2019Auxiliar de Geriatria s\u2019ha de\u00a0<\/b><b>reclassificar<\/b><b>\u00a0JA!<\/b>\u00a0Ara volen introduir un element m\u00e9s a la negociaci\u00f3? Doncs que ens envi\u00efn la documentaci\u00f3 quan abans millor i l\u2019estudiarem amb els col\u00b7lectius afectats. Per\u00f2 que ho facin ja,\u00a0<b>no volem esperar m\u00e9s!!!<\/b><span>\u00a0<\/span><\/p>\n<p style=\"text-align: justify\"><b>HEU DE TENIR EN COMPTE\u00a0<\/b><b>DOS ELEMENTS IMPORTANTS<\/b><b>:<\/b><span>\u00a0<\/span><\/p>\n<ul style=\"text-align: justify\">\n<li>Hi ha un compromisos que els augments econ\u00f2mics que es negocien seran amb efectes retroactius des del gener de 2018.<span>\u00a0<\/span><\/li>\n<li>El que es proposa per part de la corporaci\u00f3 \u00e9s la\u00a0<i>reclassificaci\u00f3<\/i>\u00a0de tot el personal (incl\u00f2s els interins).\u00a0<span>\u00a0<\/span><\/li>\n<\/ul>\n<p style=\"text-align: justify\">Hem obert un\u00a0<b>GRUP DE TREBALL<\/b>\u00a0intern per a preparar aquesta negociaci\u00f3 que es reunir\u00e0 abans del dia 14 de febrer. M\u00e9s endavant, informarem del dia i l\u2019hora.<span>\u00a0<\/span><\/p>\n<p style=\"text-align: justify\">Qui vulgui participar, que ens ho faci saber a:<span>\u00a0<\/span><\/p>\n<p style=\"text-align: justify\">ccoo@diba.cat<span>\u00a0<\/span><\/p>\n<p style=\"text-align: justify\"><b>OFERTA PUBLICA I PERSONAL DE MAJOR EDAT<\/b><span>\u00a0<\/span><\/p>\n<p style=\"text-align: justify\">Respecte a l\u2019obligaci\u00f3 que tot el personal inter\u00ed es tingui que presentar a l\u2019Oferta Publica 2016\/2017 sense tenir en compte la seva edat, dir-vos que aquesta setmana iniciarem una recollida de signatura per exigir a la Diputaci\u00f3 de Barcelona el compliment dels seus compromisos.<span>\u00a0<\/span><\/p>\n<p style=\"text-align: justify\">Proposarem a la Junta de Personal que es consensu\u00ef un escrit en defensa del nostre personal.<span>\u00a0<\/span><\/p>\n<p style=\"text-align: justify\">En breu us donarem m\u00e9s informaci\u00f3.<span>\u00a0<\/span><\/p>\n<p style=\"text-align: center\">* \u00a0* \u00a0* \u00a0* \u00a0*<\/p>\n<p><img loading=\"lazy\" decoding=\"async\" class=\"alignleft wp-image-226\" src=\"http:\/\/ccoo.app\/diputacio-de-barcelona\/wp-content\/blogs.dir\/6\/files\/sites\/186\/2016\/04\/estem-decidits-acontinuar-lluitant.png\" alt=\"Estem decidits a continuar lluitant !\" width=\"213\" height=\"89\" \/><\/p>\n<p><img loading=\"lazy\" decoding=\"async\" class=\"wp-image-262 alignright\" src=\"http:\/\/ccoo.app\/diputacio-de-barcelona\/wp-content\/blogs.dir\/6\/files\/sites\/186\/2016\/04\/afiliat_ccoo_cat.gif\" alt=\"Tota la informaci\u00f3 de com afiliar-se a CCOO Catalunya i forlmulari d'alta o baxia.\" width=\"90\" height=\"80\" \/><\/p>\n<p><img loading=\"lazy\" decoding=\"async\" class=\"wp-image-227 aligncenter\" src=\"http:\/\/ccoo.app\/diputacio-de-barcelona\/wp-content\/blogs.dir\/6\/files\/sites\/186\/2016\/04\/logo-peu-300x69.png\" alt=\"logo-peu\" width=\"952\" height=\"219\" srcset=\"https:\/\/ccoo.app\/diputacio-de-barcelona\/wp-content\/blogs.dir\/6\/files\/sites\/186\/2016\/04\/logo-peu-300x69.png 300w, https:\/\/ccoo.app\/diputacio-de-barcelona\/wp-content\/blogs.dir\/6\/files\/sites\/186\/2016\/04\/logo-peu.png 557w\" sizes=\"auto, (max-width: 952px) 100vw, 952px\" \/><\/p>\n<p style=\"text-align: center\"><small><\/small><small>Formulari d&#8217;<a href=\"\/afiliat\/\">alta<\/a>, <a href=\"\/afiliat\/\">baixa <\/a>o <a href=\"\/afiliat\/\">modificaci\u00f3 <\/a>de les dades personals o<br \/>\ncontacta&#8217;ns a trav\u00e9s del tel\u00e8fon<strong> 934 022 985<\/strong> o correu: <a href=\"mailto:ccoo@diba.cat\"><strong>ccoo@diba.cat<\/strong><\/a><\/small><\/p>\n","protected":false},"excerpt":{"rendered":"<p>&nbsp; Secci\u00f3 Sindical de la Diputaci\u00f3 de Barcelona RECLASSIFICACI\u00d3 DEL PERSONAL AUXILIAR DE GERIATRIA Despr\u00e9s de demanar-ho reiteradament, per fi el dimecres 14 de febrer, el tema de la\u00a0RECLASSIFICACI\u00d3 DEL &#8230; <\/p>\n<p class=\"read-more-container\"><a title=\"RECLASSIFICACI\u00d3 DEL PERSONAL AUXILIAR DE GERIATRIA\" class=\"read-more button\" href=\"https:\/\/ccoo.app\/diputacio-de-barcelona\/reclassificacio-del-personal-auxiliar-de-geriatria\/#more-1928\" aria-label=\"Leer m\u00e1s sobre RECLASSIFICACI\u00d3 DEL PERSONAL AUXILIAR DE GERIATRIA\">Continuar llegint<\/a><\/p>\n","protected":false},"author":4519,"featured_media":255,"comment_status":"open","ping_status":"open","sticky":false,"template":"","format":"standard","meta":{"footnotes":""},"categories":[19,34],"tags":[],"class_list":["post-1928","post","type-post","status-publish","format-standard","has-post-thumbnail","hentry","category-comunicats","category-respir","generate-columns","tablet-grid-50","mobile-grid-100","grid-parent","grid-50"],"_links":{"self":[{"href":"https:\/\/ccoo.app\/diputacio-de-barcelona\/wp-json\/wp\/v2\/posts\/1928","targetHints":{"allow":["GET"]}}],"collection":[{"href":"https:\/\/ccoo.app\/diputacio-de-barcelona\/wp-json\/wp\/v2\/posts"}],"about":[{"href":"https:\/\/ccoo.app\/diputacio-de-barcelona\/wp-json\/wp\/v2\/types\/post"}],"author":[{"embeddable":true,"href":"https:\/\/ccoo.app\/diputacio-de-barcelona\/wp-json\/wp\/v2\/users\/4519"}],"replies":[{"embeddable":true,"href":"https:\/\/ccoo.app\/diputacio-de-barcelona\/wp-json\/wp\/v2\/comments?post=1928"}],"version-history":[{"count":1,"href":"https:\/\/ccoo.app\/diputacio-de-barcelona\/wp-json\/wp\/v2\/posts\/1928\/revisions"}],"predecessor-version":[{"id":52197,"href":"https:\/\/ccoo.app\/diputacio-de-barcelona\/wp-json\/wp\/v2\/posts\/1928\/revisions\/52197"}],"wp:featuredmedia":[{"embeddable":true,"href":"https:\/\/ccoo.app\/diputacio-de-barcelona\/wp-json\/wp\/v2\/media\/255"}],"wp:attachment":[{"href":"https:\/\/ccoo.app\/diputacio-de-barcelona\/wp-json\/wp\/v2\/media?parent=1928"}],"wp:term":[{"taxonomy":"category","embeddable":true,"href":"https:\/\/ccoo.app\/diputacio-de-barcelona\/wp-json\/wp\/v2\/categories?post=1928"},{"taxonomy":"post_tag","embeddable":true,"href":"https:\/\/ccoo.app\/diputacio-de-barcelona\/wp-json\/wp\/v2\/tags?post=1928"}],"curies":[{"name":"wp","href":"https:\/\/api.w.org\/{rel}","templated":true}]}}