{"id":1830,"date":"2017-12-05T09:42:00","date_gmt":"2017-12-05T08:42:00","guid":{"rendered":"https:\/\/diba.ccoo.cat\/?p=1830"},"modified":"2023-02-22T19:14:15","modified_gmt":"2023-02-22T18:14:15","slug":"la-mobilitzacio-a-can-serra-aconsegueix-resultats","status":"publish","type":"post","link":"https:\/\/ccoo.app\/diputacio-de-barcelona\/la-mobilitzacio-a-can-serra-aconsegueix-resultats\/","title":{"rendered":"LA MOBILITZACI\u00d3 A CAN SERRA ACONSEGUEIX RESULTATS"},"content":{"rendered":"<p style=\"text-align: justify\"><img loading=\"lazy\" decoding=\"async\" class=\"wp-image-189\" title=\"Secci\u00f3 Sindical de la Diutaci\u00f3 de Barcelona de la Federaci\u00f3 Sindical de Catalunya\" src=\"http:\/\/ccoo.app\/diputacio-de-barcelona\/wp-content\/blogs.dir\/6\/files\/sites\/186\/2015\/12\/ccoo-fsc-cat.png\" alt=\"Secci\u00f3 Sindical de la Diputaci\u00f3 de Barcelona de la Federaci\u00f3 Sindical de Catalunya\" width=\"469\" height=\"90\" \/><\/p>\n<p class=\"wp-caption-text\" style=\"text-align: justify\">Secci\u00f3 Sindical de la Diputaci\u00f3 de Barcelona<\/p>\n<h3 class=\"widget-title\" style=\"text-align: justify\"><\/h3>\n<h1 style=\"text-align: center\"><strong><span style=\"color: #ff0000\"><span class=\"TextRun SCXW203371755\" lang=\"CA-ES\" xml:lang=\"CA-ES\"><span class=\"NormalTextRun SCXW203371755\">LA MOBILITZACI\u00d3 A <span style=\"text-decoration: underline\">CAN SERRA<\/span>\u00a0 ACONSEGUEIX RESULTATS<\/span><\/span><\/span><\/strong><\/h1>\n<p style=\"text-align: justify\">La convocat\u00f2ria de CCOO i CGT de mobilitzaci\u00f3 davant de Can Serra el dia del Ple va ser tot un \u00e8xit de participaci\u00f3.<\/p>\n<p style=\"text-align: justify\">Com a conseq\u00fc\u00e8ncia, en la sessi\u00f3 del Ple corporatiu fins a tres grups pol\u00edtics van demanar explicacions a l\u2019equip de govern respecte a l&#8217;evident conflictivitat laboral existent.<\/p>\n<p style=\"text-align: justify\">La resposta del Sr. Diputat Delegat d&#8217;Hisenda, Recursos Interns i Recursos Humans\u202fva ser que \u201cla voluntat de la Diputaci\u00f3 \u00e9s arribar a acords\u201d.<\/p>\n<p style=\"text-align: justify\"><span style=\"color: #3366ff\"><a style=\"color: #3366ff\" href=\"https:\/\/youtu.be\/HEMU138T1lI?t=2h7m48s\">https:\/\/youtu.be\/HEMU138T1lI?t=2h7m48s<\/a><\/span><\/p>\n<p style=\"text-align: justify\">Al setembre la voluntat corporativa era que els sindicats don\u00e9ssim el vistiplau a suspendre els nostres acords sota l\u2019amena\u00e7a de fer-ho unilateralment via decret al Ple.<\/p>\n<p style=\"text-align: justify\">Tal com ens va dir el Sr. Diputat\u202f<b>a la reuni\u00f3 amb l\u2019Interventor<\/b>\u202fdel dia 20\u00a0de novembre, per la\u202f\u00a0<b>PRESSI\u00d3 SINDICAL<\/b>\u202f<b>van decidir fer-se enrere<\/b>\u202fde les seves intencions inicials.<\/p>\n<p style=\"text-align: justify\">Ara, en vista de com anaven les negociacions, fa setmanes que es va anunciar la mobilitzaci\u00f3 de Can Serra. Era l\u2019hora que, de nou, com s\u2019havia fet a Minerva, el personal fes for\u00e7a per modificar les din\u00e0miques\u00a0negocials\u00a0actuals.<\/p>\n<h2 style=\"text-align: justify\"><strong>LA NEGOCIACI\u00d3 AVAN\u00c7A RESULTAT DIRECTE DE\u00a0LA\u00a0MOBILITZACI\u00d3 DEL PERSONAL\u00a0<\/strong><\/h2>\n<p style=\"text-align: justify\">A la reuni\u00f3 de la Mesa de Negociaci\u00f3 del passat divendres (com a les reunions de Mesa dels darrers 3 mesos)\u00a0CCOO vam continuar\u00a0treballant\u00a0per a poder arribar a acords.\u00a0Ara, i sobretot despr\u00e9s de la mobilitzaci\u00f3, enten\u00edem que era\u202f<b>la Diputaci\u00f3 la que havia de moure fitxa i donar resposta a les nostres propostes.<\/b><\/p>\n<p style=\"text-align: justify\">Hem de dir que aix\u00ed ha estat, en el tema\u202f<b>INCENTIUS PER A LA JUBILACI\u00d3.<\/b>\u202fLa Diputaci\u00f3 de Barcelona ha fet una\u202f<b>nova proposta<\/b>\u202fque a hores d\u2019ara encara considerem insuficient per\u00f2 que va en una bona l\u00ednia.\u00a0<b>En seu de Mesa es va consensuar\u00a0<\/b><b>no fer p\u00fablic els detalls<\/b><b>\u00a0de la negociaci\u00f3 fins no donar-la per acabada. CCOO respecta aquest comprom\u00eds amb la garantia de que seran sotmesos en Assemblea.\u00a0<\/b><\/p>\n<p style=\"text-align: justify\">Respecte a\u00a0<b>CARRERA PROFESSIONAL<\/b>\u00a0i\u00a0<b>PREMIS PER ANYS DE SERVEI<\/b>\u00a0no s\u2019ha fet cap nova proposta.<\/p>\n<p style=\"text-align: justify\">Recordem que del qu\u00e8 es tractava de moment en el tema\u00a0<b>CARRERA\u00a0<\/b>era la transici\u00f3 entre el model anterior i el nou per a tot el personal que va quedar en suspens. La Diba es mant\u00e9 respecte a la seva primera proposta econ\u00f2mica tot i les nostres\u00a0propostes que prenen com a refer\u00e8ncia la minva de retribucions conseq\u00fc\u00e8ncia de la suspensi\u00f3 arbitraria i unilateral de les convocat\u00f2ries.<\/p>\n<p style=\"text-align: justify\">L\u2019escull principal en el tema\u00a0<b>PREMIS PER ANYS DE SERVEI<\/b>\u00a0\u00e9s com reconeixem les expectatives i drets\u00a0actual\u00a0del personal\u00a0en\u00a0complir els 25, 30 i 35 anys. CCOO hem fet arribar una proposta\u00a0per escrit\u00a0a la corporaci\u00f3 i a la resta de representaci\u00f3 sindical.<\/p>\n<h2 style=\"text-align: justify\">DILLUNS 11 DE DESEMBRE\u00a0<span style=\"color: #ff0000\">ASSEMBLEES\u00a0<\/span><\/h2>\n<p style=\"text-align: justify\">Tal com us vam anunciar ahir, tenim previstes assemblees en diferents llocs i horaris per facilitar-vos la vostra assist\u00e8ncia.<\/p>\n<p style=\"text-align: justify\">A m\u00e9s d\u2019informar-vos de la situaci\u00f3 actual, considerem que\u00a0<b>ha arribat l\u2019hora de decidir en assemblea si acceptem convertir els termes actuals de la negociaci\u00f3 en acords de Mesa.<\/b><\/p>\n<p style=\"text-align: justify\">Les Assemblees convocades pel DILLUNS 11 DE DESEMBRE tindran lloc a:<\/p>\n<p style=\"text-align: justify\"><b>RECINTE DE L\u2019ESCOLA INDUSTRIAL<\/b><b>\u00a0(URGELL). SALA D\u2019ACTES DE L\u2019EDIFICI DEL VAG\u00d3.<\/b><\/p>\n<ul style=\"text-align: justify\">\n<li>Torn de mat\u00ed:\u00a0 de 10.00h a 12.30h<\/li>\n<li>Torn de tarda: de 15.30h a 17.30h<\/li>\n<\/ul>\n<p style=\"text-align: justify\"><b>RECINTE MUNDET<\/b><b>. SALA D\u2019ACTES DE L\u2019EDIFICI MIGJORN.\u00a0<\/b><\/p>\n<ul style=\"text-align: justify\">\n<li>Torn de mat\u00ed: de 10.00h a 12.30h<\/li>\n<\/ul>\n<p style=\"text-align: justify\">Podeu triar el lloc i l\u2019horari que us vagi millor.<\/p>\n<h2 style=\"text-align: justify\">JUR\u00cdDICAMENT TENIM CLAR QUE ELS NOSTRES ACORDS\u00a0S\u00d3N PLENAMENT VIGENTS<\/h2>\n<p style=\"text-align: justify\">Els nostres acords s\u00f3n plenament vigents,\u202f<b>es pot dir m\u00e9s alt per\u00f2 no m\u00e9s clar.<\/b>\u202fHo s\u00f3n perqu\u00e8 CCOO i CGT no vam voler signar la seva suspensi\u00f3. I ho s\u00f3n perqu\u00e8 fruit de la pressi\u00f3 sindical la Diputaci\u00f3 no es va atrevir a suspendre\u2019ls unilateralment via decret.<\/p>\n<p style=\"text-align: justify\">Qu\u00e8 suposa aix\u00f2? Que mentre els sindicats no signin cap altre acord que substitueixi els actuals, la Diputaci\u00f3 t\u00e9 l\u2019obligaci\u00f3 legal d\u2019executar-los. Si no \u00e9s aix\u00ed,\u202f<b>pot fer-se \u00fas de la via jur\u00eddica?<\/b><\/p>\n<p style=\"text-align: justify\">Us volem informar que\u202f<b>el Gabinet Jur\u00eddic de CCOO<\/b>, durant el\u202f<b>mes d\u2019octubre<\/b><b>\u202f<\/b>passat i a petici\u00f3 d\u2019un afiliat,\u202f<b>va presentar un recurs administratiu\u202fque \u00e9s el pas previ a la via Contenciosa-Administrativa.\u202f<\/b>CCOO ho tenim clar, mentre no s\u2019arribi a cap acord alternatiu a l\u2019Acord de Condicions actuals, tothom pot exercir els seus drets i utilitzar totes les eines al seu abast, i els hi donarem tot el nostre suport.<\/p>\n<p style=\"text-align: justify\">Ara b\u00e9,\u00a0<b>CCOO no deixarem de treballar per arribar a acords<\/b>\u00a0perqu\u00e8 entenem que \u00e9s la manera m\u00e9s efica\u00e7 i beneficiosa de defensar els drets dels nostres companys i companyes a qui representem.<\/p>\n<p style=\"text-align: justify\">Defensar els nostres acords i treballar per a millorar-los. \u00c9s el nostre objectiu i amb l\u2019ajuda de tots i totes ho estem aconseguim. Tot i aix\u00f2,\u202f<b>no \u00e9s hora de desmobilitzar-se o de creure que tot est\u00e0 dat i bene\u00eft.<\/b><\/p>\n<p style=\"text-align: justify\"><b>No deixeu d\u2019assistir a les pr\u00f2ximes assemblees convocades<\/b>\u202fper a decidir entre tots i totes sobre el que proposa la Diputaci\u00f3 en aquest moment\u202fo si \u00e9s necessari seguir amb el calendari d&#8217;accions.<\/p>\n<p>&nbsp;<\/p>\n<p style=\"text-align: center\"><b>NO\u00a0 A LA SUSPENSI\u00d3 DELS ACORDS!<\/b><\/p>\n<p style=\"text-align: center\"><b>MOBILITZACI\u00d3 I NEGOCIACI\u00d3<\/b><\/p>\n<p style=\"text-align: center\"><b>no renunciem a cap eina sindical!<\/b><\/p>\n<p style=\"text-align: center\">* \u00a0* \u00a0* \u00a0* \u00a0*<\/p>\n<p><img loading=\"lazy\" decoding=\"async\" class=\"alignleft wp-image-226\" src=\"http:\/\/ccoo.app\/diputacio-de-barcelona\/wp-content\/blogs.dir\/6\/files\/sites\/186\/2016\/04\/estem-decidits-acontinuar-lluitant.png\" alt=\"Estem decidits a continuar lluitant !\" width=\"213\" height=\"89\" \/><\/p>\n<p><img loading=\"lazy\" decoding=\"async\" class=\"wp-image-262 alignright\" src=\"http:\/\/ccoo.app\/diputacio-de-barcelona\/wp-content\/blogs.dir\/6\/files\/sites\/186\/2016\/04\/afiliat_ccoo_cat.gif\" alt=\"Tota la informaci\u00f3 de com afiliar-se a CCOO Catalunya i forlmulari d'alta o baxia.\" width=\"90\" height=\"80\" \/><\/p>\n<p><img loading=\"lazy\" decoding=\"async\" class=\"wp-image-227 aligncenter\" src=\"http:\/\/ccoo.app\/diputacio-de-barcelona\/wp-content\/blogs.dir\/6\/files\/sites\/186\/2016\/04\/logo-peu-300x69.png\" alt=\"logo-peu\" width=\"952\" height=\"219\" srcset=\"https:\/\/ccoo.app\/diputacio-de-barcelona\/wp-content\/blogs.dir\/6\/files\/sites\/186\/2016\/04\/logo-peu-300x69.png 300w, https:\/\/ccoo.app\/diputacio-de-barcelona\/wp-content\/blogs.dir\/6\/files\/sites\/186\/2016\/04\/logo-peu.png 557w\" sizes=\"auto, (max-width: 952px) 100vw, 952px\" \/><\/p>\n<p style=\"text-align: center\"><small><\/small><small>Formulari d&#8217;<a href=\"\/afiliat\/\">alta<\/a>, <a href=\"\/afiliat\/\">baixa <\/a>o <a href=\"\/afiliat\/\">modificaci\u00f3 <\/a>de les dades personals o<br \/>\ncontacta&#8217;ns a trav\u00e9s del tel\u00e8fon<strong> 934 022 985<\/strong> o correu: <a href=\"mailto:ccoo@diba.cat\"><strong>ccoo@diba.cat<\/strong><\/a><\/small><\/p>\n","protected":false},"excerpt":{"rendered":"<p>Secci\u00f3 Sindical de la Diputaci\u00f3 de Barcelona LA MOBILITZACI\u00d3 A CAN SERRA\u00a0 ACONSEGUEIX RESULTATS La convocat\u00f2ria de CCOO i CGT de mobilitzaci\u00f3 davant de Can Serra el dia del Ple &#8230; <\/p>\n<p class=\"read-more-container\"><a title=\"LA MOBILITZACI\u00d3 A CAN SERRA ACONSEGUEIX RESULTATS\" class=\"read-more button\" href=\"https:\/\/ccoo.app\/diputacio-de-barcelona\/la-mobilitzacio-a-can-serra-aconsegueix-resultats\/#more-1830\" aria-label=\"Leer m\u00e1s sobre LA MOBILITZACI\u00d3 A CAN SERRA ACONSEGUEIX RESULTATS\">Continuar llegint<\/a><\/p>\n","protected":false},"author":4519,"featured_media":255,"comment_status":"open","ping_status":"open","sticky":false,"template":"","format":"standard","meta":{"footnotes":""},"categories":[38,40,16,19,26,27,33],"tags":[105,108,148],"class_list":["post-1830","post","type-post","status-publish","format-standard","has-post-thumbnail","hentry","category-a-tot-el-personal","category-carrera-horitzontal","category-carrera-professional","category-comunicats","category-mgn","category-millores-socials","category-propostes-sindicals","tag-els-nostres-drets-no-es-suspenen-es-defensen","tag-escola-industrial","tag-mesa-general-negociacio","generate-columns","tablet-grid-50","mobile-grid-100","grid-parent","grid-50"],"_links":{"self":[{"href":"https:\/\/ccoo.app\/diputacio-de-barcelona\/wp-json\/wp\/v2\/posts\/1830","targetHints":{"allow":["GET"]}}],"collection":[{"href":"https:\/\/ccoo.app\/diputacio-de-barcelona\/wp-json\/wp\/v2\/posts"}],"about":[{"href":"https:\/\/ccoo.app\/diputacio-de-barcelona\/wp-json\/wp\/v2\/types\/post"}],"author":[{"embeddable":true,"href":"https:\/\/ccoo.app\/diputacio-de-barcelona\/wp-json\/wp\/v2\/users\/4519"}],"replies":[{"embeddable":true,"href":"https:\/\/ccoo.app\/diputacio-de-barcelona\/wp-json\/wp\/v2\/comments?post=1830"}],"version-history":[{"count":1,"href":"https:\/\/ccoo.app\/diputacio-de-barcelona\/wp-json\/wp\/v2\/posts\/1830\/revisions"}],"predecessor-version":[{"id":52203,"href":"https:\/\/ccoo.app\/diputacio-de-barcelona\/wp-json\/wp\/v2\/posts\/1830\/revisions\/52203"}],"wp:featuredmedia":[{"embeddable":true,"href":"https:\/\/ccoo.app\/diputacio-de-barcelona\/wp-json\/wp\/v2\/media\/255"}],"wp:attachment":[{"href":"https:\/\/ccoo.app\/diputacio-de-barcelona\/wp-json\/wp\/v2\/media?parent=1830"}],"wp:term":[{"taxonomy":"category","embeddable":true,"href":"https:\/\/ccoo.app\/diputacio-de-barcelona\/wp-json\/wp\/v2\/categories?post=1830"},{"taxonomy":"post_tag","embeddable":true,"href":"https:\/\/ccoo.app\/diputacio-de-barcelona\/wp-json\/wp\/v2\/tags?post=1830"}],"curies":[{"name":"wp","href":"https:\/\/api.w.org\/{rel}","templated":true}]}}