{"id":1825,"date":"2017-12-21T09:15:14","date_gmt":"2017-12-21T08:15:14","guid":{"rendered":"https:\/\/diba.ccoo.cat\/?p=1825"},"modified":"2023-02-22T19:14:14","modified_gmt":"2023-02-22T18:14:14","slug":"ho-hem-aconseguit-el-marc-ha-de-ser-readmes","status":"publish","type":"post","link":"https:\/\/ccoo.app\/diputacio-de-barcelona\/ho-hem-aconseguit-el-marc-ha-de-ser-readmes\/","title":{"rendered":"HO HEM ACONSEGUIT! EL MARC HA DE SER READM\u00c8S"},"content":{"rendered":"<p>&nbsp;<\/p>\n<p><img loading=\"lazy\" decoding=\"async\" class=\"wp-image-189\" title=\"Secci\u00f3 Sindical de la Diutaci\u00f3 de Barcelona de la Federaci\u00f3 Sindical de Catalunya\" src=\"http:\/\/ccoo.app\/diputacio-de-barcelona\/wp-content\/blogs.dir\/6\/files\/sites\/186\/2015\/12\/ccoo-fsc-cat.png\" alt=\"Secci\u00f3 Sindical de la Diputaci\u00f3 de Barcelona de la Federaci\u00f3 Sindical de Catalunya\" width=\"469\" height=\"90\" \/><\/p>\n<p class=\"wp-caption-text\">Secci\u00f3 Sindical de la Diputaci\u00f3 de Barcelona<\/p>\n<h3 style=\"text-align: center\"><strong><span style=\"color: #ff0000\"><span class=\"TextRun SCXW184853846\" lang=\"CA-ES\" xml:lang=\"CA-ES\"><span class=\"NormalTextRun SCXW184853846\">CCOO GUANYA LA SENT\u00c8NCIA<\/span><\/span><span class=\"TextRun SCXW184853846\" lang=\"CA-ES\" xml:lang=\"CA-ES\"><span class=\"NormalTextRun SCXW184853846\">\u00a0\u00a0<\/span><\/span><span class=\"TextRun SCXW184853846\" lang=\"CA-ES\" xml:lang=\"CA-ES\"><span class=\"NormalTextRun SCXW184853846\">QUE DECLARA LA NUL\u00b7LITAT DE L\u2019ACOMIADAMENT PER L\u2019EXIST\u00c8NCIA DE VULNERACI\u00d3 DE DRETS FONAMENTALS<\/span><\/span><\/span><\/strong><\/h3>\n<p style=\"text-align: justify\"><span style=\"color: #3366ff\"><a style=\"color: #3366ff\" href=\"https:\/\/www.youtube.com\/watch?v=FJ7HwL2Bf6U\">https:\/\/www.youtube.com\/watch?v=FJ7HwL2Bf6U<\/a><\/span><\/p>\n<p style=\"text-align: justify\">La Secci\u00f3 sindical de CCOO a la Diputaci\u00f3 de Barcelona va denunciar fa ja m\u00e9s d\u2019un any que el Marc havia sigut\u00a0<b>acomiadat\u00a0<\/b>com a Guarda Forestal del\u00a0Consorci del\u00a0<span style=\"text-decoration: underline\"><b>PARC DE FOIX<\/b><\/span>\u00a0(que forma part de la Xarxa de Parcs Naturals de la Diputaci\u00f3 de Barcelona)\u00a0<b>per defensar els seus drets laborals.\u00a0<\/b><b>Ara la just\u00edcia ens dona la ra\u00f3.<\/b><\/p>\n<p style=\"text-align: justify\">Despr\u00e9s de diverses mobilitzacions, vam aconseguir reunir-nos amb el\u00a0<b>president del Consorci del Foix<\/b>. Llavors,\u00a0 junt amb el\u00a0<b>gerent<\/b>\u00a0del Parc del Foix, va negar les acusacions i ens va convidar a emprendre les mesures legals que estim\u00e9ssim oportunes. El m\u00e9s lamentable \u00e9s que en un to ir\u00f2nic ens va preguntar que \u201cper a quan la pr\u00f2xima mobilitzaci\u00f3?\u201d.<\/p>\n<p style=\"text-align: justify\">Us recordem que el\u00a0<b>president<\/b>\u00a0\u00e9s l&#8217;alcalde de l&#8217;Ajuntament de Castellet i la Gornal i el\u00a0<b>g<\/b><b>erent<\/b>\u00a0\u00e9s el cap de l&#8217;Oficina T\u00e8cnica de Parcs Naturals de l&#8217;\u00c0rea de Territori i Sostenibilitat (DiBa)<\/p>\n<p style=\"text-align: justify\">Davant aquesta actitud, a m\u00e9s d\u2019iniciar el proc\u00e9s jur\u00eddic, vam intensificar les nostres accions tot apel\u00b7lant als responsables pol\u00edtics de la\u00a0DiBa. Ens tem\u00edem que l\u2019acomiadament al Parc del Foix tingu\u00e9s conseq\u00fc\u00e8ncia respecte a les seves expectatives de ser cridat de la Borsa de treball de Guarda Forestal que formava part el Marc.<\/p>\n<p style=\"text-align: justify\">Finalment el Marc va ser cridat per la Diputaci\u00f3 per\u00f2 en unes condicions m\u00e9s prec\u00e0ries que les del\u00a0<b>PARC DEL FOIX<\/b>. Per tant, la nostra lluita va continuar via jur\u00eddica.<\/p>\n<p style=\"text-align: justify\">Tot just fa uns dies, la sent\u00e8ncia del\u00a0<i>Jutjat de lo Social<\/i>\u00a0ha declarat la nul\u00b7litat de l\u2019acomiadament\u00a0<b>per l\u2019exist\u00e8ncia de vulneraci\u00f3 de drets fonamentals<\/b>.<\/p>\n<p style=\"text-align: justify\">A continuaci\u00f3 podeu veure la nota de premsa de CCOO Catalunya:<\/p>\n<p style=\"text-align: justify\"><span style=\"color: #3366ff\"><a style=\"color: #3366ff\" href=\"http:\/\/www.ccoo.cat\/fsc\/noticia\/213536\/ccoo-guanya-una-sentencia-que-declara-la-nullitat-de-lacomiadament-dun-treballador-del-parc-del-foix-per-vulneracio-de-drets-fonamentals\">http:\/\/www.ccoo.cat\/fsc\/noticia\/213536\/ccoo-guanya-una-sentencia-que-declara-la-nullitat-de-lacomiadament-dun-treballador-del-parc-del-foix-per-vulneracio-de-drets-fonamentals#.WjuMjvDiaJA<\/a>\u00a0<\/span><\/p>\n<p style=\"text-align: justify\"><b><i>CCOO\u00a0 guanya la sent\u00e8ncia del Jutjat de lo Social que declara la nul\u00b7litat de l\u2019acomiadament per l\u2019exist\u00e8ncia de vulneraci\u00f3 de drets fonamentals<\/i><\/b><\/p>\n<p style=\"text-align: justify\"><i>CCOO va denunciar la nul\u00b7litat de l\u2019acomiadament d\u2019un company de parcs naturals (Consorci del Parc del Foix-Diputaci\u00f3 de Barcelona), que despr\u00e9s d\u2019anys treballats a la Diputaci\u00f3 de Barcelona en la categoria de guarda forestal, guanya una pla\u00e7a al Parc del Foix (on tamb\u00e9 havia treballat) i \u00e9s acomiadat amb l\u2019excusa de no superar el per\u00edode de prova.<\/i><\/p>\n<p style=\"text-align: justify\"><i>A la Sent\u00e8ncia s\u2019estableix que per m\u00e9s que el Consorci tingui personalitat jur\u00eddica diferenciada de la Diputaci\u00f3 de Barcelona no existeixi entre aquest i la Diputaci\u00f3 a la que pertany una desvinculaci\u00f3 rellevant als efectes de l\u2019acomiadament i considera \u201cque no es pot pretendre que l\u2019activitat reivindicativa de l\u2019actor com treballador en un dels parcs gestionats directament per la Diputaci\u00f3 no sigui considerada com un indici de vulneraci\u00f3 de la garantia d\u2019indemnitat en relaci\u00f3 amb el cessament com treballador en un altre parc natural per m\u00e9s que per raons administratives aquest sigui gestionat per un consorci\u201d.<\/i><\/p>\n<p style=\"text-align: justify\"><i>Sense entrar a examinar l\u2019adequaci\u00f3 a dret del per\u00edode de prova, l\u2019extinci\u00f3 basada en la seva superaci\u00f3 \u00e9s lliure per l\u2019empresari per\u00f2 amb un l\u00edmit: que no estranyi vulneraci\u00f3 de drets fonamentals.\u00a0 Pel jutjat queda clar que no s\u2019han acreditat \u201ccauses t\u00e8cniques i organitzatives\u201d i que\u00a0<\/i><b><i>ha estat l\u2019activitat reivindicativa del treballador (assessorat en diverses ocasions com a afiliat per a la secci\u00f3 sindical de CCOO a la Diputaci\u00f3 de Barcelona)\u00a0<\/i><\/b><i>en la seva contractaci\u00f3 aquest atemptat als drets fonamentals dona pas a la nul\u00b7litat de l\u2019acomiadament per vulneraci\u00f3 del a garantia de la indemnitat.<\/i><\/p>\n<p style=\"text-align: justify\"><i>La sent\u00e8ncia declara la exist\u00e8ncia de vulneraci\u00f3 de drets fonamentals en la conducta del Consorci del Parc del Foix consistent en comunicar al treballador el seu cessament per no superar el per\u00edode de prova i el condemna a la readmissi\u00f3 del treballador en el mateix lloc de treball que ocupava i al pagament dels salaris deixats de percebre des de l\u2019acomiadament.\u00a0<\/i><\/p>\n<p style=\"text-align: justify\"><i>Aquesta sent\u00e8ncia representa una vict\u00f2ria en la reivindicaci\u00f3 dels drets del treballadors i treballadores de la Diputaci\u00f3 de Barcelona i del Consorcis de Parcs que aquesta gestiona, que ha dut a terme el Gabinet T\u00e8cnic Jur\u00eddic de CCOO de Catalunya.<\/i><\/p>\n<p style=\"text-align: justify\"><i>Oficina de Premsa de CCOO de Catalunya\u00a0\u00a0\u00a0\u00a0\u00a0\u00a0\u00a0\u00a0 <\/i><\/p>\n<p style=\"text-align: justify\"><i>Barcelona, 21 de desembre de 2017<\/i><\/p>\n<p style=\"text-align: justify\">Des de la secci\u00f3 sindical entenem que\u00a0<b>alg\u00fa hauria d\u2019assumir un fet tant greu com \u00e9s una condemna per a\u00a0<\/b><b>vulneraci\u00f3 de drets fonamentals<\/b><b>.<\/b>\u00a0En tornar de vacances, exigirem a qui correspongui que s\u2019assumeixin responsabilitats.<\/p>\n<p style=\"text-align: justify\">CCOO ent\u00e9n el sindicat com una eina per organitzar la defensa dels i de les treballadores per\u00f2 no nom\u00e9s com a col\u00b7lectivitat sin\u00f3 a nivell individual. Potser en aquests casos \u00e9s quan unir-se entorn un sindicat es converteix en una cosa molt m\u00e9s significativa.<\/p>\n<p style=\"text-align: justify\">Va ser el Marc, dem\u00e0 pots ser qualsevol de nosaltres. Aix\u00ed doncs, organitzar-se entorn un sindicat s\u2019esdev\u00e9 imprescindible.<\/p>\n<p style=\"text-align: justify\">Afilia\u2019t i lluitem juntes!<\/p>\n<h2 style=\"text-align: justify\"><b>Si ens toquen<\/b>\u00a0<b>a <span style=\"color: #ff0000\">una<\/span><\/b><span style=\"color: #ff0000\">\u00a0<\/span><b>ens toquen<\/b>\u00a0<b>a <span style=\"color: #ff0000\">totes<\/span><\/b><b>!<\/b><\/h2>\n<p style=\"text-align: center\">* \u00a0* \u00a0* \u00a0* \u00a0*<\/p>\n<p><img loading=\"lazy\" decoding=\"async\" class=\"alignleft wp-image-226\" src=\"http:\/\/ccoo.app\/diputacio-de-barcelona\/wp-content\/blogs.dir\/6\/files\/sites\/186\/2016\/04\/estem-decidits-acontinuar-lluitant.png\" alt=\"Estem decidits a continuar lluitant !\" width=\"213\" height=\"89\" \/><\/p>\n<p><img loading=\"lazy\" decoding=\"async\" class=\"wp-image-262 alignright\" src=\"http:\/\/ccoo.app\/diputacio-de-barcelona\/wp-content\/blogs.dir\/6\/files\/sites\/186\/2016\/04\/afiliat_ccoo_cat.gif\" alt=\"Tota la informaci\u00f3 de com afiliar-se a CCOO Catalunya i forlmulari d'alta o baxia.\" width=\"90\" height=\"80\" \/><\/p>\n<p><img loading=\"lazy\" decoding=\"async\" class=\"wp-image-227 aligncenter\" src=\"http:\/\/ccoo.app\/diputacio-de-barcelona\/wp-content\/blogs.dir\/6\/files\/sites\/186\/2016\/04\/logo-peu-300x69.png\" alt=\"logo-peu\" width=\"952\" height=\"219\" srcset=\"https:\/\/ccoo.app\/diputacio-de-barcelona\/wp-content\/blogs.dir\/6\/files\/sites\/186\/2016\/04\/logo-peu-300x69.png 300w, https:\/\/ccoo.app\/diputacio-de-barcelona\/wp-content\/blogs.dir\/6\/files\/sites\/186\/2016\/04\/logo-peu.png 557w\" sizes=\"auto, (max-width: 952px) 100vw, 952px\" \/><\/p>\n<p style=\"text-align: center\"><small><\/small><small>Formulari d&#8217;<a href=\"\/afiliat\/\">alta<\/a>, <a href=\"\/afiliat\/\">baixa <\/a>o <a href=\"\/afiliat\/\">modificaci\u00f3 <\/a>de les dades personals o<br \/>\ncontacta&#8217;ns a trav\u00e9s del tel\u00e8fon<strong> 934 022 985<\/strong> o correu: <a href=\"mailto:ccoo@diba.cat\"><strong>ccoo@diba.cat<\/strong><\/a><\/small><\/p>\n","protected":false},"excerpt":{"rendered":"<p>&nbsp; Secci\u00f3 Sindical de la Diputaci\u00f3 de Barcelona CCOO GUANYA LA SENT\u00c8NCIA\u00a0\u00a0QUE DECLARA LA NUL\u00b7LITAT DE L\u2019ACOMIADAMENT PER L\u2019EXIST\u00c8NCIA DE VULNERACI\u00d3 DE DRETS FONAMENTALS https:\/\/www.youtube.com\/watch?v=FJ7HwL2Bf6U La Secci\u00f3 sindical de CCOO &#8230; <\/p>\n<p class=\"read-more-container\"><a title=\"HO HEM ACONSEGUIT! EL MARC HA DE SER READM\u00c8S\" class=\"read-more button\" href=\"https:\/\/ccoo.app\/diputacio-de-barcelona\/ho-hem-aconseguit-el-marc-ha-de-ser-readmes\/#more-1825\" aria-label=\"Leer m\u00e1s sobre HO HEM ACONSEGUIT! EL MARC HA DE SER READM\u00c8S\">Continuar llegint<\/a><\/p>\n","protected":false},"author":4519,"featured_media":1834,"comment_status":"open","ping_status":"open","sticky":false,"template":"","format":"standard","meta":{"footnotes":""},"categories":[38,19],"tags":[],"class_list":["post-1825","post","type-post","status-publish","format-standard","has-post-thumbnail","hentry","category-a-tot-el-personal","category-comunicats","generate-columns","tablet-grid-50","mobile-grid-100","grid-parent","grid-50"],"_links":{"self":[{"href":"https:\/\/ccoo.app\/diputacio-de-barcelona\/wp-json\/wp\/v2\/posts\/1825","targetHints":{"allow":["GET"]}}],"collection":[{"href":"https:\/\/ccoo.app\/diputacio-de-barcelona\/wp-json\/wp\/v2\/posts"}],"about":[{"href":"https:\/\/ccoo.app\/diputacio-de-barcelona\/wp-json\/wp\/v2\/types\/post"}],"author":[{"embeddable":true,"href":"https:\/\/ccoo.app\/diputacio-de-barcelona\/wp-json\/wp\/v2\/users\/4519"}],"replies":[{"embeddable":true,"href":"https:\/\/ccoo.app\/diputacio-de-barcelona\/wp-json\/wp\/v2\/comments?post=1825"}],"version-history":[{"count":1,"href":"https:\/\/ccoo.app\/diputacio-de-barcelona\/wp-json\/wp\/v2\/posts\/1825\/revisions"}],"predecessor-version":[{"id":52202,"href":"https:\/\/ccoo.app\/diputacio-de-barcelona\/wp-json\/wp\/v2\/posts\/1825\/revisions\/52202"}],"wp:featuredmedia":[{"embeddable":true,"href":"https:\/\/ccoo.app\/diputacio-de-barcelona\/wp-json\/wp\/v2\/media\/1834"}],"wp:attachment":[{"href":"https:\/\/ccoo.app\/diputacio-de-barcelona\/wp-json\/wp\/v2\/media?parent=1825"}],"wp:term":[{"taxonomy":"category","embeddable":true,"href":"https:\/\/ccoo.app\/diputacio-de-barcelona\/wp-json\/wp\/v2\/categories?post=1825"},{"taxonomy":"post_tag","embeddable":true,"href":"https:\/\/ccoo.app\/diputacio-de-barcelona\/wp-json\/wp\/v2\/tags?post=1825"}],"curies":[{"name":"wp","href":"https:\/\/api.w.org\/{rel}","templated":true}]}}