{"id":1808,"date":"2017-11-21T13:48:29","date_gmt":"2017-11-21T12:48:29","guid":{"rendered":"https:\/\/diba.ccoo.cat\/?p=1808"},"modified":"2023-02-22T19:14:18","modified_gmt":"2023-02-22T18:14:18","slug":"aclariments-necessaris-en-relacio-amb-la-reunio-dahir-efectuada-amb-el-diputat-i-linterventor","status":"publish","type":"post","link":"https:\/\/ccoo.app\/diputacio-de-barcelona\/aclariments-necessaris-en-relacio-amb-la-reunio-dahir-efectuada-amb-el-diputat-i-linterventor\/","title":{"rendered":"ACLARIMENTS NECESSARIS EN RELACI\u00d3 AMB LA REUNI\u00d3 D\u2019AHIR EFECTUADA AMB EL DIPUTAT I L\u2019INTERVENTOR"},"content":{"rendered":"<p>&nbsp;<\/p>\n<p><img loading=\"lazy\" decoding=\"async\" class=\"wp-image-189\" title=\"Secci\u00f3 Sindical de la Diutaci\u00f3 de Barcelona de la Federaci\u00f3 Sindical de Catalunya\" src=\"http:\/\/ccoo.app\/diputacio-de-barcelona\/wp-content\/blogs.dir\/6\/files\/sites\/186\/2015\/12\/ccoo-fsc-cat.png\" alt=\"Secci\u00f3 Sindical de la Diputaci\u00f3 de Barcelona de la Federaci\u00f3 Sindical de Catalunya\" width=\"469\" height=\"90\" \/><\/p>\n<p class=\"wp-caption-text\">Secci\u00f3 Sindical de la Diputaci\u00f3 de Barcelona<\/p>\n<h3 class=\"widget-title\"><\/h3>\n<h3 style=\"text-align: center\"><strong><span style=\"color: #ff0000\">ACLARIMENTS NECESSARIS EN RELACI\u00d3 AMB LA REUNI\u00d3 D\u2019AHIR EFECTUADA AMB EL DIPUTAT I L\u2019INTERVENTOR<\/span><\/strong><\/h3>\n<p>Davant la confusi\u00f3 que ha generat determinada informaci\u00f3 enviada ahir per part d\u2019un altre sindicat, que des del nostre punt de vista, busca m\u00e9s l\u2019enfrontament que cap altre aspecte constructiu, volem expressar que:<span>\u00a0<\/span><\/p>\n<ul>\n<li>Exigirem que a\u00a0TOTES\u00a0les reunions convocades per la corporaci\u00f3 s\u2019aixequi acta per a que quedi const\u00e0ncia de manera fedat\u00e0ria dels posicionaments de cada sindicat evitant aix\u00ed tergiversacions interessades.<span>\u00a0<\/span><\/li>\n<\/ul>\n<p><span>\u00a0<\/span>Aprofitem per recordar que els nostres acords s\u00f3n vigents perqu\u00e8 la resta de sindicats no vam voler signar la seva suspensi\u00f3.\u00a0<span>\u00a0<\/span><\/p>\n<p>Hem defensat i defensarem els nostres acords m\u00e9s enll\u00e0 del proc\u00e9s negociador obert actualment.\u00a0\u00a0<span>\u00a0<\/span><\/p>\n<p>Qualsevol modificaci\u00f3 de les nostres condicions haur\u00e0 de ser necess\u00e0riament ratificada per tot el personal en assemblea general.<span>\u00a0<\/span><\/p>\n<p style=\"text-align: center\"><b>ELS NOSTRES DRETS NO SE SUSPENEN<\/b><\/p>\n<p style=\"text-align: center\"><b>ES DEFENSEN!<\/b><\/p>\n<p style=\"text-align: center\"><b>MOBILITZACI\u00d3 A CAN SERRA\u00a0 \u00a0 \u00a0 \u00a0\u00a0<\/b><\/p>\n<p style=\"text-align: center\"><b>DIA 30 DE NOVEMBRE 11:00<\/b><\/p>\n<p style=\"text-align: center\"><span>\u00a0<\/span>* \u00a0* \u00a0* \u00a0* \u00a0*<\/p>\n<p><img loading=\"lazy\" decoding=\"async\" class=\"alignleft wp-image-226\" src=\"http:\/\/ccoo.app\/diputacio-de-barcelona\/wp-content\/blogs.dir\/6\/files\/sites\/186\/2016\/04\/estem-decidits-acontinuar-lluitant.png\" alt=\"Estem decidits a continuar lluitant !\" width=\"213\" height=\"89\" \/><\/p>\n<p><img loading=\"lazy\" decoding=\"async\" class=\"wp-image-262 alignright\" src=\"http:\/\/ccoo.app\/diputacio-de-barcelona\/wp-content\/blogs.dir\/6\/files\/sites\/186\/2016\/04\/afiliat_ccoo_cat.gif\" alt=\"Tota la informaci\u00f3 de com afiliar-se a CCOO Catalunya i forlmulari d'alta o baxia.\" width=\"90\" height=\"80\" \/><\/p>\n<p><img loading=\"lazy\" decoding=\"async\" class=\"wp-image-227 aligncenter\" src=\"http:\/\/ccoo.app\/diputacio-de-barcelona\/wp-content\/blogs.dir\/6\/files\/sites\/186\/2016\/04\/logo-peu-300x69.png\" alt=\"logo-peu\" width=\"952\" height=\"219\" srcset=\"https:\/\/ccoo.app\/diputacio-de-barcelona\/wp-content\/blogs.dir\/6\/files\/sites\/186\/2016\/04\/logo-peu-300x69.png 300w, https:\/\/ccoo.app\/diputacio-de-barcelona\/wp-content\/blogs.dir\/6\/files\/sites\/186\/2016\/04\/logo-peu.png 557w\" sizes=\"auto, (max-width: 952px) 100vw, 952px\" \/><\/p>\n<p style=\"text-align: center\"><small><\/small><small>Formulari d&#8217;<a href=\"\/afiliat\/\">alta<\/a>, <a href=\"\/afiliat\/\">baixa <\/a>o <a href=\"\/afiliat\/\">modificaci\u00f3 <\/a>de les dades personals o<br \/>\ncontacta&#8217;ns a trav\u00e9s del tel\u00e8fon<strong> 934 022 985<\/strong> o correu: <a href=\"mailto:ccoo@diba.cat\"><strong>ccoo@diba.cat<\/strong><\/a><\/small><\/p>\n","protected":false},"excerpt":{"rendered":"<p>&nbsp; Secci\u00f3 Sindical de la Diputaci\u00f3 de Barcelona ACLARIMENTS NECESSARIS EN RELACI\u00d3 AMB LA REUNI\u00d3 D\u2019AHIR EFECTUADA AMB EL DIPUTAT I L\u2019INTERVENTOR Davant la confusi\u00f3 que ha generat determinada informaci\u00f3 &#8230; <\/p>\n<p class=\"read-more-container\"><a title=\"ACLARIMENTS NECESSARIS EN RELACI\u00d3 AMB LA REUNI\u00d3 D\u2019AHIR EFECTUADA AMB EL DIPUTAT I L\u2019INTERVENTOR\" class=\"read-more button\" href=\"https:\/\/ccoo.app\/diputacio-de-barcelona\/aclariments-necessaris-en-relacio-amb-la-reunio-dahir-efectuada-amb-el-diputat-i-linterventor\/#more-1808\" aria-label=\"Leer m\u00e1s sobre ACLARIMENTS NECESSARIS EN RELACI\u00d3 AMB LA REUNI\u00d3 D\u2019AHIR EFECTUADA AMB EL DIPUTAT I L\u2019INTERVENTOR\">Continuar llegint<\/a><\/p>\n","protected":false},"author":4519,"featured_media":255,"comment_status":"open","ping_status":"open","sticky":false,"template":"","format":"standard","meta":{"footnotes":""},"categories":[38,19,26,27],"tags":[105,148],"class_list":["post-1808","post","type-post","status-publish","format-standard","has-post-thumbnail","hentry","category-a-tot-el-personal","category-comunicats","category-mgn","category-millores-socials","tag-els-nostres-drets-no-es-suspenen-es-defensen","tag-mesa-general-negociacio","generate-columns","tablet-grid-50","mobile-grid-100","grid-parent","grid-50"],"_links":{"self":[{"href":"https:\/\/ccoo.app\/diputacio-de-barcelona\/wp-json\/wp\/v2\/posts\/1808","targetHints":{"allow":["GET"]}}],"collection":[{"href":"https:\/\/ccoo.app\/diputacio-de-barcelona\/wp-json\/wp\/v2\/posts"}],"about":[{"href":"https:\/\/ccoo.app\/diputacio-de-barcelona\/wp-json\/wp\/v2\/types\/post"}],"author":[{"embeddable":true,"href":"https:\/\/ccoo.app\/diputacio-de-barcelona\/wp-json\/wp\/v2\/users\/4519"}],"replies":[{"embeddable":true,"href":"https:\/\/ccoo.app\/diputacio-de-barcelona\/wp-json\/wp\/v2\/comments?post=1808"}],"version-history":[{"count":1,"href":"https:\/\/ccoo.app\/diputacio-de-barcelona\/wp-json\/wp\/v2\/posts\/1808\/revisions"}],"predecessor-version":[{"id":52204,"href":"https:\/\/ccoo.app\/diputacio-de-barcelona\/wp-json\/wp\/v2\/posts\/1808\/revisions\/52204"}],"wp:featuredmedia":[{"embeddable":true,"href":"https:\/\/ccoo.app\/diputacio-de-barcelona\/wp-json\/wp\/v2\/media\/255"}],"wp:attachment":[{"href":"https:\/\/ccoo.app\/diputacio-de-barcelona\/wp-json\/wp\/v2\/media?parent=1808"}],"wp:term":[{"taxonomy":"category","embeddable":true,"href":"https:\/\/ccoo.app\/diputacio-de-barcelona\/wp-json\/wp\/v2\/categories?post=1808"},{"taxonomy":"post_tag","embeddable":true,"href":"https:\/\/ccoo.app\/diputacio-de-barcelona\/wp-json\/wp\/v2\/tags?post=1808"}],"curies":[{"name":"wp","href":"https:\/\/api.w.org\/{rel}","templated":true}]}}