{"id":1799,"date":"2017-11-09T13:36:52","date_gmt":"2017-11-09T12:36:52","guid":{"rendered":"https:\/\/diba.ccoo.cat\/?p=1799"},"modified":"2023-02-22T19:14:23","modified_gmt":"2023-02-22T18:14:23","slug":"nivell-de-catala-processos-selectius","status":"publish","type":"post","link":"https:\/\/ccoo.app\/diputacio-de-barcelona\/nivell-de-catala-processos-selectius\/","title":{"rendered":"NIVELL DE CATAL\u00c0 PROCESSOS SELECTIUS"},"content":{"rendered":"<p>&nbsp;<\/p>\n<p><img loading=\"lazy\" decoding=\"async\" class=\"wp-image-189\" title=\"Secci\u00f3 Sindical de la Diutaci\u00f3 de Barcelona de la Federaci\u00f3 Sindical de Catalunya\" src=\"http:\/\/ccoo.app\/diputacio-de-barcelona\/wp-content\/blogs.dir\/6\/files\/sites\/186\/2015\/12\/ccoo-fsc-cat.png\" alt=\"Secci\u00f3 Sindical de la Diputaci\u00f3 de Barcelona de la Federaci\u00f3 Sindical de Catalunya\" width=\"469\" height=\"90\" \/><\/p>\n<p class=\"wp-caption-text\">Secci\u00f3 Sindical de la Diputaci\u00f3 de Barcelona<\/p>\n<h3 class=\"widget-title\"><\/h3>\n<h3 style=\"text-align: center\"><strong><span style=\"color: #ff0000\">NIVELL DE CATAL\u00c0 PROCESSOS SELECTIUS<\/span><\/strong><\/h3>\n<p>Alguns de vosaltres ens heu fet algunes consultes referent a la Prova de Catal\u00e0 en el processos selectius. En l\u00ednies generals, les bases de les convocat\u00f2ries fan refer\u00e8ncia als seg\u00fcents elements:<\/p>\n<ul>\n<li><i>Els aspirants han\u00a0<\/i><b><i>d\u2019acreditar que estan en possessi\u00f3 del certificat<\/i><\/b><i>\u00a0de coneixements de llengua catalana del nivell assenyalat.\u00a0<\/i><\/li>\n<li><i>En el cas que els aspirants\u00a0<\/i><b><i>no estiguin en possessi\u00f3<\/i><\/b><i>\u00a0del certificat acreditatiu corresponent,\u00a0<\/i><b><i>l\u2019\u00f2rgan seleccionador avaluar\u00e0 aquests coneixements mitjan\u00e7ant una prova espec\u00edfica<\/i><\/b><i>\u00a0de llengua catalana.\u00a0<\/i><\/li>\n<li><i>La\u00a0<\/i><b><i>qualificaci\u00f3<\/i><\/b><i>\u00a0en aquest exercici ser\u00e0\u00a0<\/i><b><i>d\u2019apte o no apte<\/i><\/b><i>, i quedaran eliminats del proc\u00e9s aquells\/es aspirants que rebin la qualificaci\u00f3 de no apte.\u00a0<\/i><\/li>\n<li><i>No obstant aix\u00f2, estan\u00a0<\/i><b><i>exempts<\/i><\/b><i>\u00a0de fer la prova de catal\u00e0 els\/les aspirants que hagin\u00a0<\/i><b><i>participat i obtingut pla\u00e7a en processos anteriors de selecci\u00f3 de personal<\/i><\/b><i>\u00a0per accedir a la Diputaci\u00f3 de Barcelona, en qu\u00e8 s\u2019hagi establert una\u00a0<\/i><b><i>prova de catal\u00e0<\/i><\/b><i>\u00a0<\/i><b><i>del mateix nivell o superior a l\u2019exigit en la corresponent convocat\u00f2ria<\/i><\/b><i>, o que hagin superat la prova esmentada en altres processos selectius.<\/i><\/li>\n<\/ul>\n<p>A continuaci\u00f3, podeu veure quin \u00e9s el nivell exigit d\u2019acord amb la convocat\u00f2ria a qu\u00e8 us presenteu<\/p>\n<p><span style=\"color: #0000ff\"><a style=\"color: #0000ff\" href=\"http:\/\/www.cpnl.cat\/cursos-catala\/\">http:\/\/www.cpnl.cat\/cursos-catala\/#basic<\/a><\/span><\/p>\n<p>Ens pregunteu qu\u00e8 us trobareu en cas d\u2019haver de fer la Prova de Catal\u00e0.<\/p>\n<p>Doncs b\u00e9,\u00a0<b>en el seg\u00fcents enlla\u00e7os teniu un model de prova per a comprovar el nivell<\/b>\u00a0exigit d\u2019acord amb el que marca la Generalitat de Catalunya.<\/p>\n<p>No volem espantar-vos respecte a aquesta prova. Per\u00f2 tampoc volem que us confieu. Per tant, creiem important que us prepareu pr\u00e8viament i tingueu en compte el que us poden demanar. En els models de prova no us fixeu en la durada de l\u2019examen ni en el nombre d\u2019exercicis exigits, per\u00f2 s\u00ed podeu tenir en compte la classe d\u2019exercici amb qu\u00e8 us podeu trobar.<\/p>\n<p>Heu de tenir present que la prova pot incloure exercicis de:<\/p>\n<ul>\n<li>Comprensi\u00f3 lectora<\/li>\n<li>Expressi\u00f3 escrita<\/li>\n<li>Comprensi\u00f3 oral<\/li>\n<li>Gram\u00e0tica i vocabulari<\/li>\n<\/ul>\n<p>Els que m\u00e9s neguits ens feu arribar sou a qui us exigeixen el Nivell B-1. En els seg\u00fcents enlla\u00e7os teniu la informaci\u00f3 respecte al que us demanaran:<\/p>\n<ul>\n<li><b>NIVELL B1:<\/b><\/li>\n<\/ul>\n<p><span style=\"color: #0000ff\"><a style=\"color: #0000ff\" href=\"http:\/\/llengua.gencat.cat\/ca\/serveis\/acreditacio_coneixements\/certificats_de_catala\/certificats_estructura_i_descripcio_proves\/certificat_de_nivell_elemental_de_catala_a_elemental\/\">http:\/\/llengua.gencat.cat\/ca\/serveis\/acreditacio_coneixements\/certificats_de_catala\/certificats_estructura_i_descripcio_proves\/certificat_de_nivell_elemental_de_catala_a_elemental\/<\/a><\/span><\/p>\n<ul>\n<li><b>PROVA B1:<\/b><\/li>\n<\/ul>\n<p><span style=\"color: #0000ff\"><a style=\"color: #0000ff\" href=\"http:\/\/llengua.gencat.cat\/web\/.content\/documents\/certificats_de_catala\/arxius\/mostrael.pdf\">http:\/\/llengua.gencat.cat\/web\/.content\/documents\/certificats_de_catala\/arxius\/mostrael.pdf<\/a><\/span><\/p>\n<p>Per als que us exigeixen un nivell superior:<\/p>\n<ul>\n<li><b>NIVELL C1:<\/b><\/li>\n<\/ul>\n<p><span style=\"color: #0000ff\"><a style=\"color: #0000ff\" href=\"http:\/\/llengua.gencat.cat\/ca\/serveis\/acreditacio_coneixements\/certificats_de_catala\/certificats_estructura_i_descripcio_proves\/certificat_de_nivell_de_suficiencia_de_catala_c\/\">http:\/\/llengua.gencat.cat\/ca\/serveis\/acreditacio_coneixements\/certificats_de_catala\/certificats_estructura_i_descripcio_proves\/certificat_de_nivell_de_suficiencia_de_catala_c\/<\/a><\/span><\/p>\n<ul>\n<li><b>PROVA C1<\/b><\/li>\n<\/ul>\n<p><span style=\"color: #0000ff\"><a style=\"color: #0000ff\" href=\"http:\/\/llengua.gencat.cat\/web\/.content\/documents\/certificats_de_catala\/arxius\/mostrasuf.pdf\">http:\/\/llengua.gencat.cat\/web\/.content\/documents\/certificats_de_catala\/arxius\/mostrasuf.pdf<\/a><\/span><\/p>\n<p>Altres nivells<span style=\"color: #0000ff\">\u00a0<a style=\"color: #0000ff\" href=\"http:\/\/www.cpnl.cat\/cursos-catala\/manuals.html\">http:\/\/www.cpnl.cat\/cursos-catala\/manuals.html<\/a><\/span><\/p>\n<p>Aix\u00ed doncs,\u00a0<b>no us confieu i prepareu-vos abans<\/b>. Us aconsellem que, si encara hi sou a temps, obtingueu la certificaci\u00f3 pel vostre compte. \u00c9s a dir, \u00e9s molt millor fer un curs i obtenir el certificat pr\u00e8viament que fer front a una prova eliminat\u00f2ria.<\/p>\n<p>Informaci\u00f3 sobre cursos de Catal\u00e0:<\/p>\n<p><span style=\"color: #0000ff\"><a style=\"color: #0000ff\" href=\"http:\/\/www.cpnl.cat\/cursos-catala\/cercador-cursos\/\">http:\/\/www.cpnl.cat\/cursos-catala\/cercador-cursos\/<\/a><\/span><\/p>\n<p>Cursos de la Fundaci\u00f3 Paco Puerto:<\/p>\n<p><span style=\"color: #0000ff\"><a style=\"color: #0000ff\" href=\"https:\/\/fundaciopacopuerto.cat\/cursos\/especialitats\/?especialitats=316\">https:\/\/fundaciopacopuerto.cat\/cursos\/especialitats\/?especialitats=316<\/a><\/span><\/p>\n<p>Cursos online:<\/p>\n<p><span style=\"color: #0000ff\"><a style=\"color: #0000ff\" href=\"http:\/\/www.parla.cat\/pres_catalaenlinia\/AppPHP\/login\/index.php\">http:\/\/www.parla.cat\/pres_catalaenlinia\/AppPHP\/login\/index.php<\/a><\/span><\/p>\n<p><b>M\u00c9S INFORMACI\u00d3\u00a0<\/b><b>ccoo@diba.cat<\/b>\ufffc<\/p>\n<p style=\"text-align: center\">* \u00a0* \u00a0* \u00a0* \u00a0*<\/p>\n<p><img loading=\"lazy\" decoding=\"async\" class=\"alignleft wp-image-226\" src=\"http:\/\/ccoo.app\/diputacio-de-barcelona\/wp-content\/blogs.dir\/6\/files\/sites\/186\/2016\/04\/estem-decidits-acontinuar-lluitant.png\" alt=\"Estem decidits a continuar lluitant !\" width=\"213\" height=\"89\" \/><\/p>\n<p><img loading=\"lazy\" decoding=\"async\" class=\"wp-image-262 alignright\" src=\"http:\/\/ccoo.app\/diputacio-de-barcelona\/wp-content\/blogs.dir\/6\/files\/sites\/186\/2016\/04\/afiliat_ccoo_cat.gif\" alt=\"Tota la informaci\u00f3 de com afiliar-se a CCOO Catalunya i forlmulari d'alta o baxia.\" width=\"90\" height=\"80\" \/><\/p>\n<p><img loading=\"lazy\" decoding=\"async\" class=\"wp-image-227 aligncenter\" src=\"http:\/\/ccoo.app\/diputacio-de-barcelona\/wp-content\/blogs.dir\/6\/files\/sites\/186\/2016\/04\/logo-peu-300x69.png\" alt=\"logo-peu\" width=\"952\" height=\"219\" srcset=\"https:\/\/ccoo.app\/diputacio-de-barcelona\/wp-content\/blogs.dir\/6\/files\/sites\/186\/2016\/04\/logo-peu-300x69.png 300w, https:\/\/ccoo.app\/diputacio-de-barcelona\/wp-content\/blogs.dir\/6\/files\/sites\/186\/2016\/04\/logo-peu.png 557w\" sizes=\"auto, (max-width: 952px) 100vw, 952px\" \/><\/p>\n<p style=\"text-align: center\"><small><\/small><small>Formulari d&#8217;<a href=\"\/afiliat\/\">alta<\/a>, <a href=\"\/afiliat\/\">baixa <\/a>o <a href=\"\/afiliat\/\">modificaci\u00f3 <\/a>de les dades personals o<br \/>\ncontacta&#8217;ns a trav\u00e9s del tel\u00e8fon<strong> 934 022 985<\/strong> o correu: <a href=\"mailto:ccoo@diba.cat\"><strong>ccoo@diba.cat<\/strong><\/a><\/small><\/p>\n","protected":false},"excerpt":{"rendered":"<p>&nbsp; Secci\u00f3 Sindical de la Diputaci\u00f3 de Barcelona NIVELL DE CATAL\u00c0 PROCESSOS SELECTIUS Alguns de vosaltres ens heu fet algunes consultes referent a la Prova de Catal\u00e0 en el processos &#8230; <\/p>\n<p class=\"read-more-container\"><a title=\"NIVELL DE CATAL\u00c0 PROCESSOS SELECTIUS\" class=\"read-more button\" href=\"https:\/\/ccoo.app\/diputacio-de-barcelona\/nivell-de-catala-processos-selectius\/#more-1799\" aria-label=\"Leer m\u00e1s sobre NIVELL DE CATAL\u00c0 PROCESSOS SELECTIUS\">Continuar llegint<\/a><\/p>\n","protected":false},"author":4519,"featured_media":255,"comment_status":"open","ping_status":"open","sticky":false,"template":"","format":"standard","meta":{"footnotes":""},"categories":[38,19,20],"tags":[169],"class_list":["post-1799","post","type-post","status-publish","format-standard","has-post-thumbnail","hentry","category-a-tot-el-personal","category-comunicats","category-cursos","tag-pamo","generate-columns","tablet-grid-50","mobile-grid-100","grid-parent","grid-50"],"_links":{"self":[{"href":"https:\/\/ccoo.app\/diputacio-de-barcelona\/wp-json\/wp\/v2\/posts\/1799","targetHints":{"allow":["GET"]}}],"collection":[{"href":"https:\/\/ccoo.app\/diputacio-de-barcelona\/wp-json\/wp\/v2\/posts"}],"about":[{"href":"https:\/\/ccoo.app\/diputacio-de-barcelona\/wp-json\/wp\/v2\/types\/post"}],"author":[{"embeddable":true,"href":"https:\/\/ccoo.app\/diputacio-de-barcelona\/wp-json\/wp\/v2\/users\/4519"}],"replies":[{"embeddable":true,"href":"https:\/\/ccoo.app\/diputacio-de-barcelona\/wp-json\/wp\/v2\/comments?post=1799"}],"version-history":[{"count":1,"href":"https:\/\/ccoo.app\/diputacio-de-barcelona\/wp-json\/wp\/v2\/posts\/1799\/revisions"}],"predecessor-version":[{"id":52207,"href":"https:\/\/ccoo.app\/diputacio-de-barcelona\/wp-json\/wp\/v2\/posts\/1799\/revisions\/52207"}],"wp:featuredmedia":[{"embeddable":true,"href":"https:\/\/ccoo.app\/diputacio-de-barcelona\/wp-json\/wp\/v2\/media\/255"}],"wp:attachment":[{"href":"https:\/\/ccoo.app\/diputacio-de-barcelona\/wp-json\/wp\/v2\/media?parent=1799"}],"wp:term":[{"taxonomy":"category","embeddable":true,"href":"https:\/\/ccoo.app\/diputacio-de-barcelona\/wp-json\/wp\/v2\/categories?post=1799"},{"taxonomy":"post_tag","embeddable":true,"href":"https:\/\/ccoo.app\/diputacio-de-barcelona\/wp-json\/wp\/v2\/tags?post=1799"}],"curies":[{"name":"wp","href":"https:\/\/api.w.org\/{rel}","templated":true}]}}