{"id":1794,"date":"2017-11-11T13:26:40","date_gmt":"2017-11-11T12:26:40","guid":{"rendered":"https:\/\/diba.ccoo.cat\/?p=1794"},"modified":"2023-02-22T19:14:21","modified_gmt":"2023-02-22T18:14:21","slug":"diputacio-de-barcelona-mes-de-2-mesos-de-negociacio-a-la-trituradora","status":"publish","type":"post","link":"https:\/\/ccoo.app\/diputacio-de-barcelona\/diputacio-de-barcelona-mes-de-2-mesos-de-negociacio-a-la-trituradora\/","title":{"rendered":"DIPUTACI\u00d3 DE BARCELONA : M\u00c9S DE 2 MESOS\u00a0DE NEGOCIACI\u00d3 A LA TRITURADORA"},"content":{"rendered":"<p>&nbsp;<\/p>\n<p><img loading=\"lazy\" decoding=\"async\" class=\"wp-image-189\" title=\"Secci\u00f3 Sindical de la Diutaci\u00f3 de Barcelona de la Federaci\u00f3 Sindical de Catalunya\" src=\"http:\/\/ccoo.app\/diputacio-de-barcelona\/wp-content\/blogs.dir\/6\/files\/sites\/186\/2015\/12\/ccoo-fsc-cat.png\" alt=\"Secci\u00f3 Sindical de la Diputaci\u00f3 de Barcelona de la Federaci\u00f3 Sindical de Catalunya\" width=\"469\" height=\"90\" \/><\/p>\n<h3 class=\"widget-title\"><\/h3>\n<h3 style=\"text-align: center\"><strong><span style=\"color: #ff0000\"><span class=\"TextRun SCXW109019129\" lang=\"CA-ES\" xml:lang=\"CA-ES\"><span class=\"NormalTextRun SCXW109019129\">DIPUTACI\u00d3 DE BARCELONA : M\u00c9S DE 2 MESOS<\/span><\/span><span class=\"TextRun SCXW109019129\" lang=\"CA-ES\" xml:lang=\"CA-ES\"><span class=\"NormalTextRun SCXW109019129\">\u00a0DE NEGOCIACI\u00d3 A LA TRITURADORA<\/span><\/span><\/span><\/strong><\/h3>\n<h3 style=\"text-align: center\"><strong><span style=\"color: #ff0000\"><span class=\"TextRun SCXW109019129\" lang=\"CA-ES\" xml:lang=\"CA-ES\"><span class=\"NormalTextRun SCXW109019129\">INCRE\u00cfBLE!\u00a0<\/span><\/span><span class=\"TextRun SCXW109019129\" lang=\"CA-ES\" xml:lang=\"CA-ES\"><span class=\"NormalTextRun SCXW109019129\">TORNEM A LA CASELLA DE SORTIDA<\/span><\/span><\/span><\/strong><\/h3>\n<p style=\"text-align: center\"><span style=\"color: #ff0000\">-13 NOVEMBRE DE 2017-<\/span><\/p>\n<h2><b>Despr\u00e9s de\u00a0<\/b><b>m\u00e9s de 2 mesos<\/b><b>\u00a0de negociaci\u00f3 i d&#8217;un intens treball per la part sindical, tornem a estar com al principi.<\/b><\/h2>\n<h2><b>Que ha passat fins ara?<\/b><\/h2>\n<ul>\n<li>Recordem que al mes de setembre se&#8217;ns convoca a una\u00a0MGN\u00a0extraordin\u00e0ria i urgent de la qual tots sabeu el seu desenlla\u00e7.<\/li>\n<\/ul>\n<p>En aquella Mesa CCOO vam dir\u00a0<b>NO<\/b>\u00a0a signar la suspensi\u00f3 de la vig\u00e8ncia dels nostres acords (8 i 13 de setembre)\u00a0en el que vam entendre com un clar xantatge.<\/p>\n<ul>\n<li>Davant l\u2019amena\u00e7a de suspensi\u00f3 unilateral per part de la Diputaci\u00f3, vam organitzar resposta ferma\u00a0i lluita: assemblea general de treballadors\/res (19 de setembre), la qual va\u00a0concloure\u00a0amb un gran \u00e8xit de participaci\u00f3 i un mandat\u00a0<b>clar<\/b>\u00a0per emprendre un calendari de mobilitzaci\u00f3 sense descartar anar a la vaga.<\/li>\n<li>Es va convocar una primera mobilitzaci\u00f3 davant MINERVA (22 de setembre). \u00c8xit d\u2019assist\u00e8ncia i \u00e8xit d\u2019all\u00f2 que mitjan\u00e7ant la pressi\u00f3 es va aconseguir: calendari m\u00e9s intens mai vist abans amb 8 reunions de\u00a0MGN\u00a0en un sol mes.<\/li>\n<li>Aquestes mobilitzacions no van tenir continu\u00eftat\u00a0entenent que la part corporativa posava sobre la Mesa noves propostes raonables\u00a0i que el ritme de treball era positiu. A m\u00e9s, enten\u00edem que existia\u00a0bona fe\u00a0negocial. En aquests moments tenim\u00a0seriosos\u00a0dubtes\u00a0al respecte.<\/li>\n<\/ul>\n<h2>Quines s\u00f3n les NOVETATS INDIGNANTS? :<\/h2>\n<p>Al mes d\u2019octubre s\u2019havia avan\u00e7at a bon ritme; al comunicat del dia 6 de novembre us vam dir: \u201cla negociaci\u00f3 avan\u00e7a raonablement b\u00e9 tot i que res est\u00e0 tancat\u201d. Tot i aix\u00f2,\u00a0tamb\u00e9\u00a0us d\u00e8iem que est\u00e0vem amo\u00efnats perqu\u00e8 no s\u2019acabaven de tancar definitivament els temes.<\/p>\n<p>Doncs b\u00e9, no ens pod\u00edem imaginar el que a la reuni\u00f3\u00a0de\u00a0MGN\u00a0del passat dia 10 ens va\u00a0comunicar\u00a0la\u00a0DiBa: el que s\u2019estava negociant fins ara (<i>INCENTIUS PER\u00a0<\/i><i>A LA JUBILACI\u00d3 i PREMIS PER ANYS DE SERVEI<\/i>\u00a0) quedava\u00a0<b>invalidat<\/b>\u00a0i en no res.<\/p>\n<p>La corporaci\u00f3 diu que les noves f\u00f3rmules negociades fins ara\u00a0no tenen viabilitat jur\u00eddica. Sembla que la\u00a0DSRH\u00a0ha fet consultes a altres departaments de la corporaci\u00f3 i diuen que s\u00f3n inviables. ARA s\u00f3n\u00a0inviables?\u00a0Doncs despr\u00e9s de negociar-ho durant\u00a0m\u00e9s de\u00a0dos mesos: si!\u00a0\u00c9s a dir, ja podem tirar a la paperera les propostes d\u2019acord que pr\u00e0cticament ja ten\u00edem enllestides.<\/p>\n<h2><b>Aix\u00f2<\/b><b>\u00a0\u00e9<\/b><b>s una aut\u00e8<\/b><b>ntica presa de p\u00e8l!<\/b><\/h2>\n<p>Forma part de les seves estrat\u00e8gies de negociaci\u00f3?\u00a0Quan s&#8217;acabar\u00e0 aquest model de Negociaci\u00f3 de la nostra Corporaci\u00f3 impositiu, i que pret\u00e9n dilatar constantment en el temps tots els temes pendents a negociar?<\/p>\n<p>No ens podem permetre perdre m\u00e9s temps!!!<\/p>\n<h2>Qu\u00e8 far\u00e0 CCOO:<\/h2>\n<p>Davant aquest nou\u00a0gir, CCOO no descartem cap eina sindical per aconseguir els nostres objectius:<\/p>\n<ul>\n<li><b>ACCI\u00d3 JUR\u00cdDICA<\/b>.\u00a0<b>ELS NOSTRES ACORDS S\u00d3N VIGENTS<\/b>. Per tant, al no tramitar els expedients, la Diputaci\u00f3 de Barcelona no est\u00e0 complint amb aquests acords.\u00a0<i>De facto<\/i>, \u00e9s una suspensi\u00f3 \u201cil\u00b7legal\u201d.<\/li>\n<li><b>MOBILITZACI\u00d3.<\/b>\u00a0Creiem important tornar a l\u2019escenari de mobilitzaci\u00f3 d\u2019acord amb el mandat de l\u2019Assemblea General del dia\u00a019 de setembre.\u00a0<b>La nostra proposta \u00e9s organitzar la mobilitzaci\u00f3 pel dia 30 de novembre, dia de Ple Corporatiu.<\/b>\u00a0(Encara s\u2019haur\u00e0 de consensuar amb la resta de\u00a0\u00a0representaci\u00f3 sindical).<\/li>\n<\/ul>\n<ul>\n<li><b>M\u00c9S NEGOCIACI\u00d3<\/b>. Seguim apostant per la negociaci\u00f3. S\u2019ha de continuar cercant f\u00f3rmules per a poder arribar a nous acords quan abans millor. Hem exigit un calendari intens per a poder tancar aquests temes abans del Ple d\u2019aquest mes. Per nosaltres no quedar\u00e0.<\/li>\n<\/ul>\n<p>De fet, no podem oblidar que aquest tema est\u00e0 provocant que d\u2019altres quedin relegats. Tot i aix\u00f2, hem exigit que la CARRERA PROFESSIONAL, despr\u00e9s de molts mesos tractant-se en una comissi\u00f3 t\u00e8cnica, torni a la\u00a0MGN. Sobretot, perqu\u00e8 no acceptem sota cap condici\u00f3 perdre la partida pressupost\u00e0ria d\u2019aquest any 2017. S\u2019ha acordat que anir\u00e0 a l\u2019ordre del dia de la propera reuni\u00f3\u00a0de\u00a0MGN\u00a0(15.11.17).<\/p>\n<h2><b>CONCLUSIONS:<\/b><\/h2>\n<p>Exigim que s\u2019executin els acords plenament vigents respecte aquests dos temes! Si tenen alguna proposta que els millori, que la posin per escrit i la validin jur\u00eddicament!<\/p>\n<p>M\u00e9s enll\u00e0 del que us hem dit en aquest comunicat, dir-vos que estigueu atents\/es a pr\u00f2ximes convocat\u00f2ries. Nom\u00e9s amb el vostre suport, ho aconseguirem, i ara, m\u00e9s que mai, el necessitem.<\/p>\n<p style=\"text-align: center\"><b>NO\u00a0 A LA SUSPENSI\u00d3 DELS ACORDS!<\/b><\/p>\n<p style=\"text-align: center\"><b>MOBILITZACI\u00d3 I NEGOCIACI\u00d3<\/b><\/p>\n<p style=\"text-align: center\"><b>no renunciem a cap eina sindical!<\/b><\/p>\n<p>&nbsp;<\/p>\n<p style=\"text-align: center\">* \u00a0* \u00a0* \u00a0* \u00a0*<\/p>\n<p><img loading=\"lazy\" decoding=\"async\" class=\"alignleft wp-image-226\" src=\"http:\/\/ccoo.app\/diputacio-de-barcelona\/wp-content\/blogs.dir\/6\/files\/sites\/186\/2016\/04\/estem-decidits-acontinuar-lluitant.png\" alt=\"Estem decidits a continuar lluitant !\" width=\"213\" height=\"89\" \/><\/p>\n<p><img loading=\"lazy\" decoding=\"async\" class=\"wp-image-262 alignright\" src=\"http:\/\/ccoo.app\/diputacio-de-barcelona\/wp-content\/blogs.dir\/6\/files\/sites\/186\/2016\/04\/afiliat_ccoo_cat.gif\" alt=\"Tota la informaci\u00f3 de com afiliar-se a CCOO Catalunya i forlmulari d'alta o baxia.\" width=\"90\" height=\"80\" \/><\/p>\n<p><img loading=\"lazy\" decoding=\"async\" class=\"wp-image-227 aligncenter\" src=\"http:\/\/ccoo.app\/diputacio-de-barcelona\/wp-content\/blogs.dir\/6\/files\/sites\/186\/2016\/04\/logo-peu-300x69.png\" alt=\"logo-peu\" width=\"952\" height=\"219\" srcset=\"https:\/\/ccoo.app\/diputacio-de-barcelona\/wp-content\/blogs.dir\/6\/files\/sites\/186\/2016\/04\/logo-peu-300x69.png 300w, https:\/\/ccoo.app\/diputacio-de-barcelona\/wp-content\/blogs.dir\/6\/files\/sites\/186\/2016\/04\/logo-peu.png 557w\" sizes=\"auto, (max-width: 952px) 100vw, 952px\" \/><\/p>\n<p style=\"text-align: center\"><small><\/small><small>Formulari d&#8217;<a href=\"\/afiliat\/\">alta<\/a>, <a href=\"\/afiliat\/\">baixa <\/a>o <a href=\"\/afiliat\/\">modificaci\u00f3 <\/a>de les dades personals o<br \/>\ncontacta&#8217;ns a trav\u00e9s del tel\u00e8fon<strong> 934 022 985<\/strong> o correu: <a href=\"mailto:ccoo@diba.cat\"><strong>ccoo@diba.cat<\/strong><\/a><\/small><\/p>\n","protected":false},"excerpt":{"rendered":"<p>&nbsp; DIPUTACI\u00d3 DE BARCELONA : M\u00c9S DE 2 MESOS\u00a0DE NEGOCIACI\u00d3 A LA TRITURADORA INCRE\u00cfBLE!\u00a0TORNEM A LA CASELLA DE SORTIDA -13 NOVEMBRE DE 2017- Despr\u00e9s de\u00a0m\u00e9s de 2 mesos\u00a0de negociaci\u00f3 i &#8230; <\/p>\n<p class=\"read-more-container\"><a title=\"DIPUTACI\u00d3 DE BARCELONA : M\u00c9S DE 2 MESOS\u00a0DE NEGOCIACI\u00d3 A LA TRITURADORA\" class=\"read-more button\" href=\"https:\/\/ccoo.app\/diputacio-de-barcelona\/diputacio-de-barcelona-mes-de-2-mesos-de-negociacio-a-la-trituradora\/#more-1794\" aria-label=\"Leer m\u00e1s sobre DIPUTACI\u00d3 DE BARCELONA : M\u00c9S DE 2 MESOS\u00a0DE NEGOCIACI\u00d3 A LA TRITURADORA\">Continuar llegint<\/a><\/p>\n","protected":false},"author":4519,"featured_media":255,"comment_status":"open","ping_status":"open","sticky":false,"template":"","format":"standard","meta":{"footnotes":""},"categories":[38,40,16,19,26,27,33],"tags":[105,148],"class_list":["post-1794","post","type-post","status-publish","format-standard","has-post-thumbnail","hentry","category-a-tot-el-personal","category-carrera-horitzontal","category-carrera-professional","category-comunicats","category-mgn","category-millores-socials","category-propostes-sindicals","tag-els-nostres-drets-no-es-suspenen-es-defensen","tag-mesa-general-negociacio","generate-columns","tablet-grid-50","mobile-grid-100","grid-parent","grid-50"],"_links":{"self":[{"href":"https:\/\/ccoo.app\/diputacio-de-barcelona\/wp-json\/wp\/v2\/posts\/1794","targetHints":{"allow":["GET"]}}],"collection":[{"href":"https:\/\/ccoo.app\/diputacio-de-barcelona\/wp-json\/wp\/v2\/posts"}],"about":[{"href":"https:\/\/ccoo.app\/diputacio-de-barcelona\/wp-json\/wp\/v2\/types\/post"}],"author":[{"embeddable":true,"href":"https:\/\/ccoo.app\/diputacio-de-barcelona\/wp-json\/wp\/v2\/users\/4519"}],"replies":[{"embeddable":true,"href":"https:\/\/ccoo.app\/diputacio-de-barcelona\/wp-json\/wp\/v2\/comments?post=1794"}],"version-history":[{"count":1,"href":"https:\/\/ccoo.app\/diputacio-de-barcelona\/wp-json\/wp\/v2\/posts\/1794\/revisions"}],"predecessor-version":[{"id":52206,"href":"https:\/\/ccoo.app\/diputacio-de-barcelona\/wp-json\/wp\/v2\/posts\/1794\/revisions\/52206"}],"wp:featuredmedia":[{"embeddable":true,"href":"https:\/\/ccoo.app\/diputacio-de-barcelona\/wp-json\/wp\/v2\/media\/255"}],"wp:attachment":[{"href":"https:\/\/ccoo.app\/diputacio-de-barcelona\/wp-json\/wp\/v2\/media?parent=1794"}],"wp:term":[{"taxonomy":"category","embeddable":true,"href":"https:\/\/ccoo.app\/diputacio-de-barcelona\/wp-json\/wp\/v2\/categories?post=1794"},{"taxonomy":"post_tag","embeddable":true,"href":"https:\/\/ccoo.app\/diputacio-de-barcelona\/wp-json\/wp\/v2\/tags?post=1794"}],"curies":[{"name":"wp","href":"https:\/\/api.w.org\/{rel}","templated":true}]}}