{"id":1782,"date":"2017-11-02T12:52:16","date_gmt":"2017-11-02T11:52:16","guid":{"rendered":"https:\/\/diba.ccoo.cat\/?p=1782"},"modified":"2023-02-22T19:14:27","modified_gmt":"2023-02-22T18:14:27","slug":"pamo2017","status":"publish","type":"post","link":"https:\/\/ccoo.app\/diputacio-de-barcelona\/pamo2017\/","title":{"rendered":"PAMO 2017"},"content":{"rendered":"<p>&nbsp;<\/p>\n<p><img loading=\"lazy\" decoding=\"async\" class=\"wp-image-189\" title=\"Secci\u00f3 Sindical de la Diutaci\u00f3 de Barcelona de la Federaci\u00f3 Sindical de Catalunya\" src=\"http:\/\/ccoo.app\/diputacio-de-barcelona\/wp-content\/blogs.dir\/6\/files\/sites\/186\/2015\/12\/ccoo-fsc-cat.png\" alt=\"Secci\u00f3 Sindical de la Diputaci\u00f3 de Barcelona de la Federaci\u00f3 Sindical de Catalunya\" width=\"469\" height=\"90\" \/><\/p>\n<p class=\"wp-caption-text\">Secci\u00f3 Sindical de la Diputaci\u00f3 de Barcelona<\/p>\n<h1 style=\"text-align: center\">\u00a0<strong><span style=\"color: #ff0000\"><span class=\"TextRun Underlined SCXW198223134\" lang=\"CA-ES\" xml:lang=\"CA-ES\"><span class=\"NormalTextRun SCXW198223134\">PAMO<\/span><\/span><span class=\"TextRun Underlined SCXW198223134\" lang=\"CA-ES\" xml:lang=\"CA-ES\"><span class=\"NormalTextRun SCXW198223134\">\u00a02017<\/span><\/span><\/span><\/strong><\/h1>\n<p>Pel 2017, la incorporaci\u00f3 de nou personal est\u00e0 subjecte als l\u00edmits seg\u00fcents:<\/p>\n<p>&nbsp;<\/p>\n<ol>\n<li>LPGE\u00a02017 fixa una\u00a0<b><i>taxa de reposici\u00f3<\/i><\/b>\u00a0que permet cobrir fins a un 100% de les places vacants de l\u2019any 2016 en determinats col\u00b7lectius i del 50% en la resta.<\/li>\n<\/ol>\n<p>&nbsp;<\/p>\n<ol>\n<li>La\u00a0<b><i>taxa addicional per a l\u2019estabilitzaci\u00f3 de l\u2019ocupaci\u00f3 temporal<\/i><\/b>\u00a0que inclou fins al 90% de les places dotades pressupost\u00e0riament i hagin estat ocupades ininterrompudament almenys en els tres anys anteriors a 31 de desembre del 2016. Tamb\u00e9 en aquest cas nom\u00e9s en alguns col\u00b7lectius concrets.<\/li>\n<\/ol>\n<p>&nbsp;<\/p>\n<ol>\n<li><b>Disposici\u00f3 transit\u00f2ria 4\u00aa de\u00a0<\/b><b>l\u2019EBEP<\/b>\u00a0permet fixar\u00a0una taxa addicional per a la\u00a0<b><i>consolidaci\u00f3 de l\u2019ocupaci\u00f3 temporal<\/i><\/b>\u00a0d\u2019aquelles places que estiguin dotades pressupost\u00e0riament i que abans de l\u20191 de gener de 2005 hagin vingut estants ocupades ininterrompudament.<\/li>\n<\/ol>\n<p>&nbsp;<\/p>\n<ol>\n<li>A m\u00e9s, s\u2019ha d\u2019afegir m\u00e9s places d\u2019acord amb els compromisos adquirits als\u00a0<b>PAMOs<\/b><b>\u00a02014 i 2015\u00a0<\/b>(Reclassificaci\u00f3).<\/li>\n<\/ol>\n<p>&nbsp;<\/p>\n<ol>\n<li>Es poden convocar noves places per a\u00a0<b>Promoci\u00f3 Interna<\/b>. S\u2019ha de tenir en compte que aquestes places no resta nombre de places fixades per a la taxa de reposici\u00f3 (punt 1).<\/li>\n<\/ol>\n<p>Veure fitxa sindical\u00a0LPGE\u00a02017<\/p>\n<p><span style=\"color: #0000ff\"><a style=\"color: #0000ff\" href=\"https:\/\/docs.google.com\/a\/ccoo.cat\/viewer?a=v&amp;pid=sites&amp;srcid=Y2Nvby5jYXR8ZnNjX3NlY3Rvcl9sb2NhbHxneDo0OTcyYzg3Y2YxZDZjNGRi\">https:\/\/docs.google.com\/a\/ccoo.cat\/viewer?a=v&amp;pid=sites&amp;srcid=Y2Nvby5jYXR8ZnNjX3NlY3Rvcl9sb2NhbHxneDo0OTcyYzg3Y2YxZDZjNGRi<\/a><\/span><\/p>\n<p><b>PROPOSTA DE LA DIPUTACI\u00d3 DE BARCELONA<\/b><\/p>\n<p>&nbsp;<\/p>\n<table>\n<tbody>\n<tr>\n<td>\n<ol>\n<li>TAXA DE REPOSICI\u00d3<\/li>\n<\/ol>\n<\/td>\n<td>92<\/td>\n<\/tr>\n<tr>\n<td>\n<ol>\n<li>TAXA ADDICIONAL PER A L\u2019ESTABILITZACI\u00d3 DE L\u2019OCUPACI\u00d3 TEMPORAL<\/li>\n<\/ol>\n<\/td>\n<td>&nbsp;<\/p>\n<p>402<\/td>\n<\/tr>\n<tr>\n<td>\n<ol>\n<li>DISPOSICI\u00d3 TRANSIT\u00d2RIA 4\u00aa (CONSOLIDACI\u00d3 DE L\u2019OCUPACI\u00d3 TEMPORAL)<\/li>\n<\/ol>\n<\/td>\n<td>&nbsp;<\/p>\n<p>56<\/td>\n<\/tr>\n<tr>\n<td>\n<ol>\n<li>PAMO\u00a02014\/2015<\/li>\n<\/ol>\n<\/td>\n<td>44<\/td>\n<\/tr>\n<tr>\n<td>\n<ol>\n<li>PROMOCI\u00d3 INTERNA<\/li>\n<\/ol>\n<\/td>\n<td>23<\/td>\n<\/tr>\n<tr>\n<td><b>TOTAL DE PLACES\u00a0<\/b><b>PAMO<\/b><b>\u00a02017<\/b><\/td>\n<td>&nbsp;<\/p>\n<p><b>617<\/b><\/td>\n<\/tr>\n<\/tbody>\n<\/table>\n<p><b>Valoraci\u00f3 i consideracions de CCOO:<\/b><\/p>\n<p>Tot i que encara el\u00a0PAMO\u00a02017 \u00e9s una proposta (i per tant el nombre de places pot canviar), aquestes\u00a0s\u00f3n en\u00a0resum\u00a0les places que contindr\u00e0.\u00a0<b>Tenir en compte que aquest\u00a0<\/b><b>PAMO<\/b><b>\u00a02017 s\u2019executar\u00e0 conjuntament amb el\u00a0<\/b><b>PAMO<\/b><b>\u00a02016.<\/b><\/p>\n<p>Aquesta OFERTA PUBLICA suposa rebaixar els nivells d\u2019interinitat\u00a0al voltant\u00a0\u00a0 d\u2019un 50%, la qual cosa valorem molt positivament. No ens podem oblidar que el gran nombre de places que es convocaran s\u00f3n fruit de la\u00a0<i>Taxa addicional per a l\u2019estabilitzaci\u00f3 de l\u2019ocupaci\u00f3 temporal<\/i>\u00a0negociada entre d\u2019altres sindicats per CCOO (1er sindicat a la funci\u00f3 publica) a l\u2019Acord \u201c<i>para la\u00a0<\/i><i>mejora<\/i><i>\u00a0del\u00a0<\/i><i>Empleo<\/i><i>\u00a0P\u00fablico<\/i>\u201d.<\/p>\n<p>http:\/\/www.fsc.ccoo.es\/cms.php?cd_cms_pag=13319&#038;cd_cms_elcon_from=&#038;cd_cms_elconmaster_to=126&#038;cd_cms_conte=238969&#038;opc_id=489ae92c94e37aa07fdc4b9a938889de<\/p>\n<p>Respecte al punt 1 de l\u2019anterior requadre (Taxa de Reposici\u00f3), es poden convocar fins a 92 places a Oferta Publica per aquest concepte.<\/p>\n<p>El criteri que entenem que ha tenir present la proposta \u00e9s:<\/p>\n<ul>\n<li>M\u00e9s places tenint en compte l\u2019antiguitat de la pla\u00e7a ocupada i els col\u00b7lectius amb nombre d\u2019interins m\u00e9s nombrosos.<\/li>\n<li>M\u00e9s places als subgrups on la interinitat \u00e9s m\u00e9s alta.<\/li>\n<\/ul>\n<p>En aquest punt,\u00a0<b>volem reiterar la nostra reivindicaci\u00f3 que s\u2019elimini absolutament les \u201ctaxes de reposici\u00f3\u201d imposades pel govern de l\u2019Estat Espanyol.\u00a0<\/b>Fixeu-vos que aquesta taxa suposa que pel\u00a0PAMO\u00a02017 a la Diputaci\u00f3, de 105 empleats que van deixar de prestar serveis al 2016 (jubilacions, defuncions etc&#8230;) nom\u00e9s podem incloure 92 noves places a la Oferta Publica 2017. Per tant, en aquest apartat, 13 places nom\u00e9s \u00e9s podran cobrir amb nomenaments interins temporals i\/o indefinits.<\/p>\n<p>Respecte a les reclassificacions pendents del\u00a0PAMO\u00a02014 i 2015, s\u2019incorporaran 44 noves places. Aquestes inclouen,\u00a0entre\u00a0d\u2019altres, la del personal administratiu corresponent al 25 % del 2017 i a l\u2019any 2015 que no va incloure cap pla\u00e7a tot i que l\u2019Acord ho preveia.<\/p>\n<p>Com ja us hem dit,\u00a0aquestes xifres\u00a0encara\u00a0poden patir modificacions.<\/p>\n<p>Seguirem treballant, per acabar amb la temporalitat en les administracions publiques com \u00fanic cam\u00ed per millora la qualitat i servei d\u2019aquestes.<\/p>\n<p><b>Reivindiquem, lluitem i arribem a acords.<\/b><\/p>\n<p style=\"text-align: center\">* \u00a0* \u00a0* \u00a0* \u00a0*<\/p>\n<p><img loading=\"lazy\" decoding=\"async\" class=\"alignleft wp-image-226\" src=\"http:\/\/ccoo.app\/diputacio-de-barcelona\/wp-content\/blogs.dir\/6\/files\/sites\/186\/2016\/04\/estem-decidits-acontinuar-lluitant.png\" alt=\"Estem decidits a continuar lluitant !\" width=\"213\" height=\"89\" \/><\/p>\n<p><img loading=\"lazy\" decoding=\"async\" class=\"wp-image-262 alignright\" src=\"http:\/\/ccoo.app\/diputacio-de-barcelona\/wp-content\/blogs.dir\/6\/files\/sites\/186\/2016\/04\/afiliat_ccoo_cat.gif\" alt=\"Tota la informaci\u00f3 de com afiliar-se a CCOO Catalunya i forlmulari d'alta o baxia.\" width=\"90\" height=\"80\" \/><\/p>\n<p><img loading=\"lazy\" decoding=\"async\" class=\"wp-image-227 aligncenter\" src=\"http:\/\/ccoo.app\/diputacio-de-barcelona\/wp-content\/blogs.dir\/6\/files\/sites\/186\/2016\/04\/logo-peu-300x69.png\" alt=\"logo-peu\" width=\"952\" height=\"219\" srcset=\"https:\/\/ccoo.app\/diputacio-de-barcelona\/wp-content\/blogs.dir\/6\/files\/sites\/186\/2016\/04\/logo-peu-300x69.png 300w, https:\/\/ccoo.app\/diputacio-de-barcelona\/wp-content\/blogs.dir\/6\/files\/sites\/186\/2016\/04\/logo-peu.png 557w\" sizes=\"auto, (max-width: 952px) 100vw, 952px\" \/><\/p>\n<p style=\"text-align: center\"><small><\/small><small>Formulari d&#8217;<a href=\"\/afiliat\/\">alta<\/a>, <a href=\"\/afiliat\/\">baixa <\/a>o <a href=\"\/afiliat\/\">modificaci\u00f3 <\/a>de les dades personals o<br \/>\ncontacta&#8217;ns a trav\u00e9s del tel\u00e8fon<strong> 934 022 985<\/strong> o correu: <a href=\"mailto:ccoo@diba.cat\"><strong>ccoo@diba.cat<\/strong><\/a><\/small><\/p>\n","protected":false},"excerpt":{"rendered":"<p>&nbsp; Secci\u00f3 Sindical de la Diputaci\u00f3 de Barcelona \u00a0PAMO\u00a02017 Pel 2017, la incorporaci\u00f3 de nou personal est\u00e0 subjecte als l\u00edmits seg\u00fcents: &nbsp; LPGE\u00a02017 fixa una\u00a0taxa de reposici\u00f3\u00a0que permet cobrir fins &#8230; <\/p>\n<p class=\"read-more-container\"><a title=\"PAMO 2017\" class=\"read-more button\" href=\"https:\/\/ccoo.app\/diputacio-de-barcelona\/pamo2017\/#more-1782\" aria-label=\"Leer m\u00e1s sobre PAMO 2017\">Continuar llegint<\/a><\/p>\n","protected":false},"author":4519,"featured_media":255,"comment_status":"open","ping_status":"open","sticky":false,"template":"","format":"standard","meta":{"footnotes":""},"categories":[38,19,26],"tags":[148,169],"class_list":["post-1782","post","type-post","status-publish","format-standard","has-post-thumbnail","hentry","category-a-tot-el-personal","category-comunicats","category-mgn","tag-mesa-general-negociacio","tag-pamo","generate-columns","tablet-grid-50","mobile-grid-100","grid-parent","grid-50"],"_links":{"self":[{"href":"https:\/\/ccoo.app\/diputacio-de-barcelona\/wp-json\/wp\/v2\/posts\/1782","targetHints":{"allow":["GET"]}}],"collection":[{"href":"https:\/\/ccoo.app\/diputacio-de-barcelona\/wp-json\/wp\/v2\/posts"}],"about":[{"href":"https:\/\/ccoo.app\/diputacio-de-barcelona\/wp-json\/wp\/v2\/types\/post"}],"author":[{"embeddable":true,"href":"https:\/\/ccoo.app\/diputacio-de-barcelona\/wp-json\/wp\/v2\/users\/4519"}],"replies":[{"embeddable":true,"href":"https:\/\/ccoo.app\/diputacio-de-barcelona\/wp-json\/wp\/v2\/comments?post=1782"}],"version-history":[{"count":1,"href":"https:\/\/ccoo.app\/diputacio-de-barcelona\/wp-json\/wp\/v2\/posts\/1782\/revisions"}],"predecessor-version":[{"id":52209,"href":"https:\/\/ccoo.app\/diputacio-de-barcelona\/wp-json\/wp\/v2\/posts\/1782\/revisions\/52209"}],"wp:featuredmedia":[{"embeddable":true,"href":"https:\/\/ccoo.app\/diputacio-de-barcelona\/wp-json\/wp\/v2\/media\/255"}],"wp:attachment":[{"href":"https:\/\/ccoo.app\/diputacio-de-barcelona\/wp-json\/wp\/v2\/media?parent=1782"}],"wp:term":[{"taxonomy":"category","embeddable":true,"href":"https:\/\/ccoo.app\/diputacio-de-barcelona\/wp-json\/wp\/v2\/categories?post=1782"},{"taxonomy":"post_tag","embeddable":true,"href":"https:\/\/ccoo.app\/diputacio-de-barcelona\/wp-json\/wp\/v2\/tags?post=1782"}],"curies":[{"name":"wp","href":"https:\/\/api.w.org\/{rel}","templated":true}]}}