{"id":1778,"date":"2017-11-15T13:06:43","date_gmt":"2017-11-15T12:06:43","guid":{"rendered":"https:\/\/diba.ccoo.cat\/?p=1778"},"modified":"2023-02-22T19:14:19","modified_gmt":"2023-02-22T18:14:19","slug":"exigim-un-canvi-de-model-de-negociacio","status":"publish","type":"post","link":"https:\/\/ccoo.app\/diputacio-de-barcelona\/exigim-un-canvi-de-model-de-negociacio\/","title":{"rendered":"EXIGIM UN CANVI DE MODEL DE NEGOCIACI\u00d3"},"content":{"rendered":"<p>&nbsp;<\/p>\n<p><img loading=\"lazy\" decoding=\"async\" class=\"wp-image-189\" title=\"Secci\u00f3 Sindical de la Diutaci\u00f3 de Barcelona de la Federaci\u00f3 Sindical de Catalunya\" src=\"http:\/\/ccoo.app\/diputacio-de-barcelona\/wp-content\/blogs.dir\/6\/files\/sites\/186\/2015\/12\/ccoo-fsc-cat.png\" alt=\"Secci\u00f3 Sindical de la Diputaci\u00f3 de Barcelona de la Federaci\u00f3 Sindical de Catalunya\" width=\"469\" height=\"90\" \/><\/p>\n<p class=\"wp-caption-text\">Secci\u00f3 Sindical de la Diputaci\u00f3 de Barcelona<\/p>\n<h3 style=\"text-align: center\"><\/h3>\n<h3 style=\"text-align: center\"><strong>EXIGIM UN CANVI URGENT DE MODEL DE NEGOCIACI\u00d3<\/strong><strong>CCOO <\/strong><\/h3>\n<p style=\"text-align: center\"><span style=\"color: #ff0000\">-15\u00a0NOVEMBRE DE 2017-<\/span><\/p>\n<h3 style=\"text-align: center\"><strong>CCOO NO ASSISTIR\u00c0 A LA REUNI\u00d3 DE MESA D\u2019AVUI<\/strong><\/h3>\n<p style=\"text-align: left\"><strong><span style=\"color: #ff0000\"><br \/>\n<\/span><\/strong>Divendres a la darrera Mesa de Negociaci\u00f3 se\u2019ns diu que tot el que hem negociat en els \u00faltims mesos queda EN NO R\u00c9S (veure document adjunt).<\/p>\n<p>Com a resultat, s\u2019ha de tornar a renegociar l\u2019INCENTIU PER A JUBILACI\u00d3 I ELS PREMIS PER ANYS DE TREBALL.<\/p>\n<p>Fem evident a la reuni\u00f3 que el tema CARRERA PROFESSIONAL HORITZONTAL ha de tornar tamb\u00e9 a l\u2019ordre del dia de la Mesa General de Negociaci\u00f3 (MGN) perqu\u00e8 no estem disposats a perdre la partida pressupostaria del 2017.<\/p>\n<p>Es consensua l\u2019ordre del dia per avui dia 15 de novembre:<\/p>\n<ul>\n<li>INCENTIUS PER A LA JUBILACI\u00d3<\/li>\n<li>CARRERA PROFESSIONAL HORITZONTAL<\/li>\n<\/ul>\n<p>S\u2019acorda tractar el tema PREMIS PER ANYS DE SERVEI a la pr\u00f2xima reuni\u00f3.<\/p>\n<p>Llavors exigim tenir de tot plegat PROPOSTES PER ESCRIT amb temps suficient per estudiar-les i que aquestes comptin amb TOTS els avals jur\u00eddics de la corporaci\u00f3.<\/p>\n<p><strong>QU\u00c8 HA PASSAT ARA?<\/strong><\/p>\n<p>Rebem un email de la corporaci\u00f3 a les <u>16:37 d\u2019ahir a la tarda<\/u>, amb l\u2019ordre del dia seg\u00fcent:<\/p>\n<ul>\n<li>INCENTIUS PER A LA JUBILACI\u00d3 (Sense cap nova proposta)<\/li>\n<li>PREMIS PER ANYS DE SERVEI (Amb una proposta per escrit)<\/li>\n<\/ul>\n<p>Per tant,<\/p>\n<ul>\n<li>NO es respecte l\u2019ordre del dia consensuat<\/li>\n<li>NO ens envien cap nova proposta pel tema INCENTIUS PER A LA JUBILACI\u00d3<\/li>\n<li>Ens envien NOM\u00c9S amb unes <u>poques hores d\u2019antelaci\u00f3<\/u> una proposta per a PREMIS.<\/li>\n<\/ul>\n<p>CCOO NO ASSISTIR\u00c0 A AQUESTA REUNI\u00d3 DE MESA D\u2019AVUI<\/p>\n<p>Ens volien fer signar la suspensi\u00f3 de la vig\u00e8ncia dels nostres Acords. A continuaci\u00f3, ens tenen m\u00e9s de dos mesos negociant per a res. Com us hem explicat, no compleixen amb l\u2019ordre del dia establert per avui, i ens envien una proposta radicalment diferent als acords que ten\u00edem fins ara NOM\u00c9S AMB UNES HORES D\u2019ANTELACI\u00d3.<\/p>\n<p><strong>D\u2019aix\u00f2 se\u2019n pot dir bona fe negocial?<\/strong><\/p>\n<p>Per tant hem informat a la Direcci\u00f3 de RRHH, que <strong><u>CCOO DiBa no hi ser\u00e0 avui a la Mesa<\/u><\/strong> \u00a0ja que dedicarem el temps a estudiar la proposta rebuda fa nom\u00e9s unes hores.<\/p>\n<p>Aix\u00ed mateix, hem exigit rebre les propostes escrites de la resta de temes que tractarem a la pr\u00f2xima Mesa de Negociaci\u00f3, i en concret, les que fan refer\u00e8ncia a INCENTIUS PER JUBILACI\u00d3 I CARRERA PROFESSIONAL.<\/p>\n<p><strong>EXIGIM UN CANVI URGENT DEL MODEL DE NEGOCIACI\u00d3<\/strong><\/p>\n<p><strong>No ens podem permetre perdre m\u00e9s temps<\/strong>, ni jugar amb els drets dels treballadors, m\u00e9s quan estem parlant d&#8217;assumptes tan seriosos com \u00e9s el de la jubilaci\u00f3 laboral dels nostres companys i companyes.<\/p>\n<p>Entenem que el model de negociaci\u00f3 tal com est\u00e0 conformat actualment <strong><u>est\u00e0 esgotat<\/u>, i<u> requereix urgentment d&#8217;un canvi<\/u><\/strong>. CCOO som un sindicat de di\u00e0leg i apostem sempre per la negociaci\u00f3 i la bona fe negocial, per\u00f2 exigim un model de negociaci\u00f3 <strong><u>EFECTIU I AMB GARANTIES. <\/u><\/strong><\/p>\n<p>El model actual ha quedat clarament en entredit despr\u00e8s del que ha passat en les darreres reunions de Mesa de Negociaci\u00f3 que us hem explicat en els \u00faltims comunicats. L\u2019actual model \u00e9s obsolet, poc efectiu i per tant est\u00e0 esgotat.<\/p>\n<p>Entenem que un model efectiu de negociaci\u00f3 s&#8217;ha de basar en el seg\u00fcent circuit:<\/p>\n<ol>\n<li>Les propostes negociades han de tenir les oportunes <strong>GARANTIES DE VIABILITAT<\/strong> per anar avan\u00e7ant amb plena seguretat que all\u00f2 que es vagi negociant no ser\u00e0 anul\u00b7lat per la intervenci\u00f3 extempor\u00e0nia de tercers.<\/li>\n<\/ol>\n<p>No podem permetre el que ha succe\u00eft amb la proposta de jubilaci\u00f3 anticipada, m\u00e9s de 2 mesos de negociaci\u00f3 i treball a la trituradora.<\/p>\n<p style=\"padding-left: 30px\">2. Enviament de la documentaci\u00f3 o proposta corporativa <strong>EN FORMA I TEMPS SUFICIENT<\/strong> pel seu estudi.<\/p>\n<p>No podem permetre anar a una taula de negociaci\u00f3 sense cap proposta i\/o documentaci\u00f3 enviada, o enviada unes poques hores abans.<\/p>\n<p style=\"padding-left: 30px\">3. Retorn de les propostes per part sindical a la Corporaci\u00f3.<\/p>\n<p style=\"padding-left: 30px\">4. Convocat\u00f2ria de la Mesa General de Negociaci\u00f3 de mat\u00e8ries comunes, per al debat i negociaci\u00f3 de les propostes rebudes.<\/p>\n<p><strong>\u00a0<\/strong><\/p>\n<p style=\"text-align: center\"><strong>PER RESPECTE AL PERSONAL I ALS SEUS REPRESENTANTS<\/strong><\/p>\n<p style=\"text-align: center\"><strong>NI PRESA DE P\u00c8L<\/strong><\/p>\n<p style=\"text-align: center\"><strong>NI SUSPENSI\u00d3 DELS ACORDS<\/strong><\/p>\n<p style=\"text-align: center\"><strong><span style=\"color: #ff0000\">S\u00cd A LA NEGOCIACI\u00d3<\/span> <\/strong><strong><u>EFECTIVA I AMB GARANTIES<\/u><\/strong><\/p>\n<p style=\"text-align: center\">* \u00a0* \u00a0* \u00a0* \u00a0*<\/p>\n<p><img loading=\"lazy\" decoding=\"async\" class=\"alignleft wp-image-226\" src=\"http:\/\/ccoo.app\/diputacio-de-barcelona\/wp-content\/blogs.dir\/6\/files\/sites\/186\/2016\/04\/estem-decidits-acontinuar-lluitant.png\" alt=\"Estem decidits a continuar lluitant !\" width=\"213\" height=\"89\" \/><\/p>\n<p><img loading=\"lazy\" decoding=\"async\" class=\"wp-image-262 alignright\" src=\"http:\/\/ccoo.app\/diputacio-de-barcelona\/wp-content\/blogs.dir\/6\/files\/sites\/186\/2016\/04\/afiliat_ccoo_cat.gif\" alt=\"Tota la informaci\u00f3 de com afiliar-se a CCOO Catalunya i forlmulari d'alta o baxia.\" width=\"90\" height=\"80\" \/><\/p>\n<p><img loading=\"lazy\" decoding=\"async\" class=\"wp-image-227 aligncenter\" src=\"http:\/\/ccoo.app\/diputacio-de-barcelona\/wp-content\/blogs.dir\/6\/files\/sites\/186\/2016\/04\/logo-peu-300x69.png\" alt=\"logo-peu\" width=\"952\" height=\"219\" srcset=\"https:\/\/ccoo.app\/diputacio-de-barcelona\/wp-content\/blogs.dir\/6\/files\/sites\/186\/2016\/04\/logo-peu-300x69.png 300w, https:\/\/ccoo.app\/diputacio-de-barcelona\/wp-content\/blogs.dir\/6\/files\/sites\/186\/2016\/04\/logo-peu.png 557w\" sizes=\"auto, (max-width: 952px) 100vw, 952px\" \/><\/p>\n<p style=\"text-align: center\"><small><\/small><small>Formulari d&#8217;<a href=\"\/afiliat\/\">alta<\/a>, <a href=\"\/afiliat\/\">baixa <\/a>o <a href=\"\/afiliat\/\">modificaci\u00f3 <\/a>de les dades personals o<br \/>\ncontacta&#8217;ns a trav\u00e9s del tel\u00e8fon<strong> 934 022 985<\/strong> o correu: <a href=\"mailto:ccoo@diba.cat\"><strong>ccoo@diba.cat<\/strong><\/a><\/small><\/p>\n","protected":false},"excerpt":{"rendered":"<p>&nbsp; Secci\u00f3 Sindical de la Diputaci\u00f3 de Barcelona EXIGIM UN CANVI URGENT DE MODEL DE NEGOCIACI\u00d3CCOO -15\u00a0NOVEMBRE DE 2017- CCOO NO ASSISTIR\u00c0 A LA REUNI\u00d3 DE MESA D\u2019AVUI Divendres a &#8230; <\/p>\n<p class=\"read-more-container\"><a title=\"EXIGIM UN CANVI DE MODEL DE NEGOCIACI\u00d3\" class=\"read-more button\" href=\"https:\/\/ccoo.app\/diputacio-de-barcelona\/exigim-un-canvi-de-model-de-negociacio\/#more-1778\" aria-label=\"Leer m\u00e1s sobre EXIGIM UN CANVI DE MODEL DE NEGOCIACI\u00d3\">Continuar llegint<\/a><\/p>\n","protected":false},"author":4519,"featured_media":255,"comment_status":"open","ping_status":"open","sticky":false,"template":"","format":"standard","meta":{"footnotes":""},"categories":[38,19,26],"tags":[105,148],"class_list":["post-1778","post","type-post","status-publish","format-standard","has-post-thumbnail","hentry","category-a-tot-el-personal","category-comunicats","category-mgn","tag-els-nostres-drets-no-es-suspenen-es-defensen","tag-mesa-general-negociacio","generate-columns","tablet-grid-50","mobile-grid-100","grid-parent","grid-50"],"_links":{"self":[{"href":"https:\/\/ccoo.app\/diputacio-de-barcelona\/wp-json\/wp\/v2\/posts\/1778","targetHints":{"allow":["GET"]}}],"collection":[{"href":"https:\/\/ccoo.app\/diputacio-de-barcelona\/wp-json\/wp\/v2\/posts"}],"about":[{"href":"https:\/\/ccoo.app\/diputacio-de-barcelona\/wp-json\/wp\/v2\/types\/post"}],"author":[{"embeddable":true,"href":"https:\/\/ccoo.app\/diputacio-de-barcelona\/wp-json\/wp\/v2\/users\/4519"}],"replies":[{"embeddable":true,"href":"https:\/\/ccoo.app\/diputacio-de-barcelona\/wp-json\/wp\/v2\/comments?post=1778"}],"version-history":[{"count":1,"href":"https:\/\/ccoo.app\/diputacio-de-barcelona\/wp-json\/wp\/v2\/posts\/1778\/revisions"}],"predecessor-version":[{"id":52205,"href":"https:\/\/ccoo.app\/diputacio-de-barcelona\/wp-json\/wp\/v2\/posts\/1778\/revisions\/52205"}],"wp:featuredmedia":[{"embeddable":true,"href":"https:\/\/ccoo.app\/diputacio-de-barcelona\/wp-json\/wp\/v2\/media\/255"}],"wp:attachment":[{"href":"https:\/\/ccoo.app\/diputacio-de-barcelona\/wp-json\/wp\/v2\/media?parent=1778"}],"wp:term":[{"taxonomy":"category","embeddable":true,"href":"https:\/\/ccoo.app\/diputacio-de-barcelona\/wp-json\/wp\/v2\/categories?post=1778"},{"taxonomy":"post_tag","embeddable":true,"href":"https:\/\/ccoo.app\/diputacio-de-barcelona\/wp-json\/wp\/v2\/tags?post=1778"}],"curies":[{"name":"wp","href":"https:\/\/api.w.org\/{rel}","templated":true}]}}