{"id":1774,"date":"2017-10-31T10:49:20","date_gmt":"2017-10-31T09:49:20","guid":{"rendered":"https:\/\/diba.ccoo.cat\/?p=1774"},"modified":"2023-02-22T19:14:28","modified_gmt":"2023-02-22T18:14:28","slug":"info-personal-xbm-octubre-2017","status":"publish","type":"post","link":"https:\/\/ccoo.app\/diputacio-de-barcelona\/info-personal-xbm-octubre-2017\/","title":{"rendered":"Info Personal XBM Octubre 2017"},"content":{"rendered":"<p>&nbsp;<\/p>\n<p><img loading=\"lazy\" decoding=\"async\" class=\"wp-image-189\" title=\"Secci\u00f3 Sindical de la Diutaci\u00f3 de Barcelona de la Federaci\u00f3 Sindical de Catalunya\" src=\"http:\/\/ccoo.app\/diputacio-de-barcelona\/wp-content\/blogs.dir\/6\/files\/sites\/186\/2015\/12\/ccoo-fsc-cat.png\" alt=\"Secci\u00f3 Sindical de la Diputaci\u00f3 de Barcelona de la Federaci\u00f3 Sindical de Catalunya\" width=\"469\" height=\"90\" \/><\/p>\n<p class=\"wp-caption-text\">Secci\u00f3 Sindical de la Diputaci\u00f3 de Barcelona<\/p>\n<h3 style=\"text-align: center\"><\/h3>\n<h3 class=\"widget-title\"><\/h3>\n<h3 style=\"text-align: center\"><strong><span style=\"color: #ff0000\">INFO PERSONAL XBM OCTUBRE 2017<\/span><\/strong><\/h3>\n<p style=\"text-align: center\"><span style=\"color: #ff0000\">-30\u00a0OCTUBRE DE\u00a02017-<\/span><\/p>\n<p style=\"text-align: center\"><strong><span style=\"color: #ff0000\">Borses Personal XBM<br \/>\n<\/span><span style=\"color: #ff0000\">S-13\/17: T\u00e8cnic\/a Aux. Bibliologia-Conductor\/a Bibliob\u00fas<\/span>\u00a0<\/strong><br \/>\n<strong><span style=\"color: #ff0000\">S-15\/17: T\u00e8cnic\/a Mitj\u00e0\/ana Bibliologia\u00a0<\/span><\/strong><\/p>\n<p>Davant la imminent, si \u00e9s que no s\u2019ha produ\u00eft ja, constituci\u00f3 dels tribunals de les borses S-13\/17: T\u00e8cnic\/a Aux. Bibliologia-Conductor\/a Bibliob\u00fas i S-15\/17: T\u00e8cnic\/a Mitj\u00e0\/ana Bibliologia. A recordar i destacar:<\/p>\n<ul>\n<li>La data de publicaci\u00f3 d\u2019aspirants admesos i exclosos va ser a primers d\u2019agost, entenem que s\u2019hauria de considerar un mes inh\u00e0bil per ser per\u00edode vacacional i tornem a demanar a Diba que no es repeteixi<\/li>\n<li>No hi ha data confirmada per a la celebraci\u00f3 de les proves<\/li>\n<li>Encara restem pendents que s\u2019aprovi un Reglament de Borses de Treball que doni garanties d\u2019igualtat, capacitat i m\u00e8rit a tothom i que respecti l\u2019ordre de prelaci\u00f3 sense fer entrevistes FORA del proc\u00e9s selectiu. La \u201cnegociaci\u00f3\u201d es va acabar al mar\u00e7, sense la signatura de cap secci\u00f3 sindical amb representaci\u00f3 en MGN, i, segons va informar la Direcci\u00f3 de Serveis de Recursos Humans en aquell moment, el Ple l\u2019aprovaria unilateralment; tamb\u00e9 desconeixem la data prevista d\u2019aprovaci\u00f3 de l\u2019esmentat reglament, per tant, s\u00f3n vigents els anteriors acords.<\/li>\n<\/ul>\n<p>Des de CCOO vam recordar en la darrera Mesa (dijous passat) el comprom\u00eds del Diputat d\u2019Hisenda, RRHH, Processos i Societat de la Informaci\u00f3, Sr. Garcia Ca\u00f1izares, de reformular la seva proposta amb l\u2019objectiu d\u2019apropar-la a les nostres exig\u00e8ncies.<\/p>\n<ul>\n<li style=\"text-align: justify\">Si les bibliotec\u00e0ries\/ris hem de fer prova te\u00f2rico-pr\u00e0ctica \u00e9s per voluntat de la corporaci\u00f3: l\u2019acta de la MGN del 4\/03\/2004 recull:<\/li>\n<\/ul>\n<p>Validesa durant 5 anys dels processos selectius superats, inclosa la oferta p\u00fablica:<\/p>\n<p>Mantenir en les diferents borses de les quals formin part i fins a la seva jubilaci\u00f3, les persones majors de 55 anys, sempre que acumulin un m\u00ednim de 8 anys de serveis efectius prestats a la corporaci\u00f3 i que acreditin un m\u00ednim de 3 anys en el desenvolupament dels llocs de treball corresponents a les borses. Ser\u00e0 d&#8217;aplicaci\u00f3 als grups D i E podent-se fer extensiu a personal \u00a0T. A. Educador, T. M. Bibliologia i T. M. Sanitat.<\/p>\n<ul>\n<li>No \u00e9s el cas dels TAB-Conductor\/a de Bibliob\u00fas<\/li>\n<li>Tampoc s\u2019ha fet p\u00fablic quin tipus de prova te\u00f2rico-pr\u00e0ctica es far\u00e0: desenvolupar un tema? Dos? Tipus test? La darrera borsa de TABs a Biblioteques de Barcelona s\u00ed especifica a les seves bases qu\u00e8 es trobaran els\/les aspirants a les diferents proves:<\/li>\n<\/ul>\n<p><a href=\"http:\/\/ajuntament.barcelona.cat\/biblioteques\/sites\/default\/files\/bases_definitives_borsa_tab_2017.pdf\">http:\/\/ajuntament.barcelona.cat\/biblioteques\/sites\/default\/files\/bases_definitives_borsa_tab_2017.pdf<\/a><\/p>\n<p>Volem un model de bases de les convocat\u00f2ries semblant al de moltes administracions properes que deixi poc marge a la discrecionalitat i aposten per la transpar\u00e8ncia.<\/p>\n<p>Tribunal: 3\/5 parts dels\/les titulars s\u00f3n de lliure designaci\u00f3<\/p>\n<p align=\"LEFT\">L\u2019\u00f2rgan de selecci\u00f3 corresponent el constituiran els vocals que s\u2019indiquen tot seguit:<\/p>\n<p><span style=\"font-family: georgia,palatino,serif;font-size: 12pt\"><span style=\"font-family: Courier New\">&#8211; <\/span><\/span>Gerent de Serveis de Biblioteques o persona que la substitueixi.<\/p>\n<p>&#8211;\u00a0 Cap de l\u2019Oficina de Serveis a la Xarxa de Biblioteques o persona que el\/la substitueixi.<\/p>\n<p>&#8211; Dos vocals t\u00e8cnics designats a proposta de la Direcci\u00f3 dels Serveis de Recursos Humans.<\/p>\n<p>&#8211; Cap de l\u2019Oficina d\u2019Acc\u00e9s i Gesti\u00f3 de la Contractaci\u00f3 o persona que la substitueixi,<\/p>\n<p>que actuar\u00e0 com a secret\u00e0ria.<\/p>\n<ul>\n<li>M\u00e8rits: per no haver de c\u00f3rrer a buscar papers i certificats un cop publicada la llista d\u2019aprovats i suspesos (esperem que d\u2019aquests no n\u2019hi hagi cap) us recomanem que comproveu que el vostre curr\u00edculum formatiu estigui actualitzat al vostre espai personal. Tamb\u00e9 ens preguntem qu\u00e8 s\u2019ent\u00e9n per \u201cAltres m\u00e8rits\u201d i per qu\u00e8 no queda recollit a les bases:<\/li>\n<\/ul>\n<p align=\"LEFT\">Altres m\u00e8rits espec\u00edfics d\u2019aquesta convocat\u00f2ria adequats al lloc convocat, fins <span style=\"font-family: Helvetica;font-size: medium\">a <\/span><b><span style=\"font-family: Helvetica-Bold;font-size: medium\">2 punts<\/span><\/b><span style=\"font-family: Helvetica;font-size: medium\">.<\/span><\/p>\n<p align=\"LEFT\">En aquest apartat l\u2019\u00f2rgan seleccionador valorar\u00e0 tots aquells m\u00e8rits que consideri pertinents.<\/p>\n<p>&nbsp;<\/p>\n<p>&nbsp;<\/p>\n<p style=\"text-align: center\">* \u00a0* \u00a0* \u00a0* \u00a0*<\/p>\n<p><img loading=\"lazy\" decoding=\"async\" class=\"alignleft wp-image-226\" src=\"http:\/\/ccoo.app\/diputacio-de-barcelona\/wp-content\/blogs.dir\/6\/files\/sites\/186\/2016\/04\/estem-decidits-acontinuar-lluitant.png\" alt=\"Estem decidits a continuar lluitant !\" width=\"213\" height=\"89\" \/><\/p>\n<p><img loading=\"lazy\" decoding=\"async\" class=\"wp-image-262 alignright\" src=\"http:\/\/ccoo.app\/diputacio-de-barcelona\/wp-content\/blogs.dir\/6\/files\/sites\/186\/2016\/04\/afiliat_ccoo_cat.gif\" alt=\"Tota la informaci\u00f3 de com afiliar-se a CCOO Catalunya i forlmulari d'alta o baxia.\" width=\"90\" height=\"80\" \/><\/p>\n<p><img loading=\"lazy\" decoding=\"async\" class=\"wp-image-227 aligncenter\" src=\"http:\/\/ccoo.app\/diputacio-de-barcelona\/wp-content\/blogs.dir\/6\/files\/sites\/186\/2016\/04\/logo-peu-300x69.png\" alt=\"logo-peu\" width=\"952\" height=\"219\" srcset=\"https:\/\/ccoo.app\/diputacio-de-barcelona\/wp-content\/blogs.dir\/6\/files\/sites\/186\/2016\/04\/logo-peu-300x69.png 300w, https:\/\/ccoo.app\/diputacio-de-barcelona\/wp-content\/blogs.dir\/6\/files\/sites\/186\/2016\/04\/logo-peu.png 557w\" sizes=\"auto, (max-width: 952px) 100vw, 952px\" \/><\/p>\n<p style=\"text-align: center\"><small><\/small><small>Formulari d&#8217;<a href=\"\/afiliat\/\">alta<\/a>, <a href=\"\/afiliat\/\">baixa <\/a>o <a href=\"\/afiliat\/\">modificaci\u00f3 <\/a>de les dades personals o<br \/>\ncontacta&#8217;ns a trav\u00e9s del tel\u00e8fon<strong> 934 022 985<\/strong> o correu: <a href=\"mailto:ccoo@diba.cat\"><strong>ccoo@diba.cat<\/strong><\/a><\/small><\/p>\n","protected":false},"excerpt":{"rendered":"<p>&nbsp; Secci\u00f3 Sindical de la Diputaci\u00f3 de Barcelona INFO PERSONAL XBM OCTUBRE 2017 -30\u00a0OCTUBRE DE\u00a02017- Borses Personal XBM S-13\/17: T\u00e8cnic\/a Aux. Bibliologia-Conductor\/a Bibliob\u00fas\u00a0 S-15\/17: T\u00e8cnic\/a Mitj\u00e0\/ana Bibliologia\u00a0 Davant la imminent, &#8230; <\/p>\n<p class=\"read-more-container\"><a title=\"Info Personal XBM Octubre 2017\" class=\"read-more button\" href=\"https:\/\/ccoo.app\/diputacio-de-barcelona\/info-personal-xbm-octubre-2017\/#more-1774\" aria-label=\"Leer m\u00e1s sobre Info Personal XBM Octubre 2017\">Continuar llegint<\/a><\/p>\n","protected":false},"author":4519,"featured_media":255,"comment_status":"open","ping_status":"open","sticky":false,"template":"","format":"standard","meta":{"footnotes":""},"categories":[19,24,37],"tags":[67],"class_list":["post-1774","post","type-post","status-publish","format-standard","has-post-thumbnail","hentry","category-comunicats","category-interins","category-xbm","tag-borses","generate-columns","tablet-grid-50","mobile-grid-100","grid-parent","grid-50"],"_links":{"self":[{"href":"https:\/\/ccoo.app\/diputacio-de-barcelona\/wp-json\/wp\/v2\/posts\/1774","targetHints":{"allow":["GET"]}}],"collection":[{"href":"https:\/\/ccoo.app\/diputacio-de-barcelona\/wp-json\/wp\/v2\/posts"}],"about":[{"href":"https:\/\/ccoo.app\/diputacio-de-barcelona\/wp-json\/wp\/v2\/types\/post"}],"author":[{"embeddable":true,"href":"https:\/\/ccoo.app\/diputacio-de-barcelona\/wp-json\/wp\/v2\/users\/4519"}],"replies":[{"embeddable":true,"href":"https:\/\/ccoo.app\/diputacio-de-barcelona\/wp-json\/wp\/v2\/comments?post=1774"}],"version-history":[{"count":1,"href":"https:\/\/ccoo.app\/diputacio-de-barcelona\/wp-json\/wp\/v2\/posts\/1774\/revisions"}],"predecessor-version":[{"id":52211,"href":"https:\/\/ccoo.app\/diputacio-de-barcelona\/wp-json\/wp\/v2\/posts\/1774\/revisions\/52211"}],"wp:featuredmedia":[{"embeddable":true,"href":"https:\/\/ccoo.app\/diputacio-de-barcelona\/wp-json\/wp\/v2\/media\/255"}],"wp:attachment":[{"href":"https:\/\/ccoo.app\/diputacio-de-barcelona\/wp-json\/wp\/v2\/media?parent=1774"}],"wp:term":[{"taxonomy":"category","embeddable":true,"href":"https:\/\/ccoo.app\/diputacio-de-barcelona\/wp-json\/wp\/v2\/categories?post=1774"},{"taxonomy":"post_tag","embeddable":true,"href":"https:\/\/ccoo.app\/diputacio-de-barcelona\/wp-json\/wp\/v2\/tags?post=1774"}],"curies":[{"name":"wp","href":"https:\/\/api.w.org\/{rel}","templated":true}]}}