{"id":1764,"date":"2017-10-02T13:02:22","date_gmt":"2017-10-02T12:02:22","guid":{"rendered":"https:\/\/diba.ccoo.cat\/?p=1764"},"modified":"2023-02-22T19:14:31","modified_gmt":"2023-02-22T18:14:31","slug":"info-aturada-de-pais-dimarts-3-doctubre","status":"publish","type":"post","link":"https:\/\/ccoo.app\/diputacio-de-barcelona\/info-aturada-de-pais-dimarts-3-doctubre\/","title":{"rendered":"INFO ATURADA DE PA\u00cdS Dimarts 3 d&#8217;octubre"},"content":{"rendered":"<p>&nbsp;<\/p>\n<p><img loading=\"lazy\" decoding=\"async\" class=\"wp-image-189\" title=\"Secci\u00f3 Sindical de la Diutaci\u00f3 de Barcelona de la Federaci\u00f3 Sindical de Catalunya\" src=\"http:\/\/ccoo.app\/diputacio-de-barcelona\/wp-content\/blogs.dir\/6\/files\/sites\/186\/2015\/12\/ccoo-fsc-cat.png\" alt=\"Secci\u00f3 Sindical de la Diputaci\u00f3 de Barcelona de la Federaci\u00f3 Sindical de Catalunya\" width=\"469\" height=\"90\" \/><\/p>\n<p class=\"wp-caption-text\">Secci\u00f3 Sindical de la Diputaci\u00f3 de Barcelona<\/p>\n<h3 class=\"widget-title\"><\/h3>\n<h3 style=\"text-align: center\"><strong><span style=\"color: #ff0000\">INFO ATURADA DE PA\u00cdS <\/span><\/strong><\/h3>\n<h3 style=\"text-align: center\"><strong><span style=\"color: #ff0000\">Dimarts 3 d&#8217;octubre<\/span><\/strong><\/h3>\n<p>&nbsp;<\/p>\n<p><b><i>L\u2019Aturada de Pa\u00eds<\/i><\/b>\u00a0\u00e9s una convocat\u00f2ria que interpel\u00b7la no nom\u00e9s a treballadors i treballadores, sin\u00f3\u00a0<b>tamb\u00e9 a institucions<\/b>, aut\u00f2noms, empreses, associacions i el conjunt de la ciutadania de Catalunya.<\/p>\n<p>Heu de saber que aquest mat\u00ed hem traslladat aquest missatge clar a la nostra instituci\u00f3, la Diputaci\u00f3 de Barcelona.<\/p>\n<p>En aquest sentit, tenim const\u00e0ncia que ajuntaments del nostre entorn aturaran totes les seves activitats dem\u00e0 dimarts.<\/p>\n<p>No obstant aix\u00f2, lamentablement, us comuniquen que en aquests moments encara restem pendents de con\u00e8ixer el posicionament de la Diputaci\u00f3 de Barcelona al respecte.<\/p>\n<p>Estem convocats a una reuni\u00f3 aquesta tarda.<\/p>\n<p>Per tant, respecte a\u00a0<i>l\u2019Aturada de Pa\u00eds<\/i>\u00a0proposada per la\u00a0<i>Taula per la Democr\u00e0cia<\/i>, us emplacem a estar pendents del comunicat que enviarem aquesta tarda als correus electr\u00f2nics corporatius o a les xarxes socials.<\/p>\n<p style=\"text-align: center\">* \u00a0* \u00a0* \u00a0* \u00a0*<\/p>\n<p><img loading=\"lazy\" decoding=\"async\" class=\"alignleft wp-image-226\" src=\"http:\/\/ccoo.app\/diputacio-de-barcelona\/wp-content\/blogs.dir\/6\/files\/sites\/186\/2016\/04\/estem-decidits-acontinuar-lluitant.png\" alt=\"Estem decidits a continuar lluitant !\" width=\"213\" height=\"89\" \/><\/p>\n<p><img loading=\"lazy\" decoding=\"async\" class=\"wp-image-262 alignright\" src=\"http:\/\/ccoo.app\/diputacio-de-barcelona\/wp-content\/blogs.dir\/6\/files\/sites\/186\/2016\/04\/afiliat_ccoo_cat.gif\" alt=\"Tota la informaci\u00f3 de com afiliar-se a CCOO Catalunya i forlmulari d'alta o baxia.\" width=\"90\" height=\"80\" \/><\/p>\n<p><img loading=\"lazy\" decoding=\"async\" class=\"wp-image-227 aligncenter\" src=\"http:\/\/ccoo.app\/diputacio-de-barcelona\/wp-content\/blogs.dir\/6\/files\/sites\/186\/2016\/04\/logo-peu-300x69.png\" alt=\"logo-peu\" width=\"952\" height=\"219\" srcset=\"https:\/\/ccoo.app\/diputacio-de-barcelona\/wp-content\/blogs.dir\/6\/files\/sites\/186\/2016\/04\/logo-peu-300x69.png 300w, https:\/\/ccoo.app\/diputacio-de-barcelona\/wp-content\/blogs.dir\/6\/files\/sites\/186\/2016\/04\/logo-peu.png 557w\" sizes=\"auto, (max-width: 952px) 100vw, 952px\" \/><\/p>\n<p style=\"text-align: center\"><small><\/small><small>Formulari d&#8217;<a href=\"\/afiliat\/\">alta<\/a>, <a href=\"\/afiliat\/\">baixa <\/a>o <a href=\"\/afiliat\/\">modificaci\u00f3 <\/a>de les dades personals o<br \/>\ncontacta&#8217;ns a trav\u00e9s del tel\u00e8fon<strong> 934 022 985<\/strong> o correu: <a href=\"mailto:ccoo@diba.cat\"><strong>ccoo@diba.cat<\/strong><\/a><\/small><\/p>\n","protected":false},"excerpt":{"rendered":"<p>&nbsp; Secci\u00f3 Sindical de la Diputaci\u00f3 de Barcelona INFO ATURADA DE PA\u00cdS Dimarts 3 d&#8217;octubre &nbsp; L\u2019Aturada de Pa\u00eds\u00a0\u00e9s una convocat\u00f2ria que interpel\u00b7la no nom\u00e9s a treballadors i treballadores, sin\u00f3\u00a0tamb\u00e9 &#8230; <\/p>\n<p class=\"read-more-container\"><a title=\"INFO ATURADA DE PA\u00cdS Dimarts 3 d&#8217;octubre\" class=\"read-more button\" href=\"https:\/\/ccoo.app\/diputacio-de-barcelona\/info-aturada-de-pais-dimarts-3-doctubre\/#more-1764\" aria-label=\"Leer m\u00e1s sobre INFO ATURADA DE PA\u00cdS Dimarts 3 d&#8217;octubre\">Continuar llegint<\/a><\/p>\n","protected":false},"author":4519,"featured_media":255,"comment_status":"open","ping_status":"open","sticky":false,"template":"","format":"standard","meta":{"footnotes":""},"categories":[38,19],"tags":[],"class_list":["post-1764","post","type-post","status-publish","format-standard","has-post-thumbnail","hentry","category-a-tot-el-personal","category-comunicats","generate-columns","tablet-grid-50","mobile-grid-100","grid-parent","grid-50"],"_links":{"self":[{"href":"https:\/\/ccoo.app\/diputacio-de-barcelona\/wp-json\/wp\/v2\/posts\/1764","targetHints":{"allow":["GET"]}}],"collection":[{"href":"https:\/\/ccoo.app\/diputacio-de-barcelona\/wp-json\/wp\/v2\/posts"}],"about":[{"href":"https:\/\/ccoo.app\/diputacio-de-barcelona\/wp-json\/wp\/v2\/types\/post"}],"author":[{"embeddable":true,"href":"https:\/\/ccoo.app\/diputacio-de-barcelona\/wp-json\/wp\/v2\/users\/4519"}],"replies":[{"embeddable":true,"href":"https:\/\/ccoo.app\/diputacio-de-barcelona\/wp-json\/wp\/v2\/comments?post=1764"}],"version-history":[{"count":1,"href":"https:\/\/ccoo.app\/diputacio-de-barcelona\/wp-json\/wp\/v2\/posts\/1764\/revisions"}],"predecessor-version":[{"id":52213,"href":"https:\/\/ccoo.app\/diputacio-de-barcelona\/wp-json\/wp\/v2\/posts\/1764\/revisions\/52213"}],"wp:featuredmedia":[{"embeddable":true,"href":"https:\/\/ccoo.app\/diputacio-de-barcelona\/wp-json\/wp\/v2\/media\/255"}],"wp:attachment":[{"href":"https:\/\/ccoo.app\/diputacio-de-barcelona\/wp-json\/wp\/v2\/media?parent=1764"}],"wp:term":[{"taxonomy":"category","embeddable":true,"href":"https:\/\/ccoo.app\/diputacio-de-barcelona\/wp-json\/wp\/v2\/categories?post=1764"},{"taxonomy":"post_tag","embeddable":true,"href":"https:\/\/ccoo.app\/diputacio-de-barcelona\/wp-json\/wp\/v2\/tags?post=1764"}],"curies":[{"name":"wp","href":"https:\/\/api.w.org\/{rel}","templated":true}]}}