{"id":1758,"date":"2017-09-27T12:49:49","date_gmt":"2017-09-27T11:49:49","guid":{"rendered":"https:\/\/diba.ccoo.cat\/?p=1758"},"modified":"2023-02-22T19:14:33","modified_gmt":"2023-02-22T18:14:33","slug":"informacio-al-col%c2%b7lectiu-de-bibliotecaris-i-bibliotecaries-i-personal-diba-vinculat-directament-a-la-xarxa-de-biblioteques-i-bibliobusos-de-la-provincia-sota-la-gestio-de-la-diputacio-de-barcel","status":"publish","type":"post","link":"https:\/\/ccoo.app\/diputacio-de-barcelona\/informacio-al-col%c2%b7lectiu-de-bibliotecaris-i-bibliotecaries-i-personal-diba-vinculat-directament-a-la-xarxa-de-biblioteques-i-bibliobusos-de-la-provincia-sota-la-gestio-de-la-diputacio-de-barcel\/","title":{"rendered":"INFORMACI\u00d3 AL COL\u00b7LECTIU DE BIBLIOTECARIS I BIBLIOTEC\u00c0RIES, I PERSONAL DIBA VINCULAT DIRECTAMENT  A LA XARXA DE BIBLIOTEQUES I BIBLIOBUSOS DE LA PROV\u00cdNCIA SOTA LA GESTI\u00d3 DE LA DIPUTACI\u00d3 DE BARCELONA"},"content":{"rendered":"<p>&nbsp;<\/p>\n<p><img loading=\"lazy\" decoding=\"async\" class=\"wp-image-189\" title=\"Secci\u00f3 Sindical de la Diutaci\u00f3 de Barcelona de la Federaci\u00f3 Sindical de Catalunya\" src=\"http:\/\/ccoo.app\/diputacio-de-barcelona\/wp-content\/blogs.dir\/6\/files\/sites\/186\/2015\/12\/ccoo-fsc-cat.png\" alt=\"Secci\u00f3 Sindical de la Diputaci\u00f3 de Barcelona de la Federaci\u00f3 Sindical de Catalunya\" width=\"469\" height=\"90\" \/><\/p>\n<p class=\"wp-caption-text\">Secci\u00f3 Sindical de la Diputaci\u00f3 de Barcelona<\/p>\n<h3 style=\"text-align: left\"><strong><span style=\"color: #ff0000\">INFORMACI\u00d3 AL COL\u00b7LECTIU DE BIBLIOTECARIS I BIBLIOTEC\u00c0RIES, I PERSONAL DIBA VINCULAT DIRECTAMENT A LA XARXA DE BIBLIOTEQUES I BIBLIOBUSOS DE LA PROV\u00cdNCIA SOTA LA GESTI\u00d3 DE LA DIPUTACI\u00d3 DE BARCELONA. MESA\u00a0GENERAL DE NEGOCIACI\u00d3<\/span><\/strong><\/h3>\n<p style=\"text-align: center\"><span style=\"color: #ff0000\">-27 SETEMBRE DE 2017-<\/span><\/p>\n<h2 style=\"text-align: center\"><strong><span style=\"color: #ff0000\"><span class=\"TextRun SCXW100465081\" lang=\"CA-ES\" style=\"color: #000000\" xml:lang=\"CA-ES\"><span class=\"NormalTextRun SCXW100465081\">REFER\u00c8NDUM 1- O<\/span><\/span><br \/>\n<\/span><\/strong><\/h2>\n<p>CCOO\u00a0reafirma la seva posici\u00f3 hist\u00f2rica de defensa de la naci\u00f3 catalana, i del dret de Catalunya a decidir el seu propi futur aix\u00ed com la relaci\u00f3 que vol tenir amb l\u2019Estat espanyol.<\/p>\n<p>Des de CCOO denunciem de forma contundent l\u2019actitud repressora del govern del Partit Popular contra l\u2019expressi\u00f3 democr\u00e0tica dels anhels de naci\u00f3 i d\u2019autodeterminaci\u00f3 del poble de Catalunya, sota l\u2019exig\u00e8ncia de donar solucions pol\u00edtiques als problemes pol\u00edtics.<\/p>\n<p>Al mateix temps tenim la responsabilitat, com a sindicat, de cercar solucions a les\u00a0possibles\u00a0dificultats\u00a0que es podrien donar\u00a0en relaci\u00f3 al desenvolupament de l\u20191 d\u2019octubre.<\/p>\n<p>Es per aix\u00f2 que\u00a0hem demanat que la Diputaci\u00f3 de Barcelona, aix\u00ed com\u00a0s\u2019ha fet a\u00a0la resta d\u2019administracions p\u00fabliques de Catalunya i de les empreses afectades,\u00a0<b>eximi de qualsevol responsabilitat<\/b>\u00a0derivada de la preparaci\u00f3, organitzaci\u00f3 i execuci\u00f3 de l\u20191-O als treballadors i a les treballadores\u00a0de Diputaci\u00f3\u00a0que es\u00a0\u201cpoguessin\u201d\u00a0veure afectats\u00a0d\u2019alguna manera.<\/p>\n<p>En aquest sentit demanem que s\u2019assumeixi\u00a0el seg\u00fcent comprom\u00eds:<\/p>\n<p><b>Q<\/b><b>ualsevol instrucci\u00f3 o ordre referida al desenvolupament de l\u20191-O ha de ser comunicada\u00a0<\/b><b>per escrit<\/b><b>\u00a0als empleats i empleades p\u00fabli<\/b><b>que<\/b><b>s que les han de dur a terme.<\/b><\/p>\n<p>Si\u00a0teniu dubtes al respecte, feu\u00a0la\u00a0vostra\u00a0consulta al<\/p>\n<p><span style=\"color: #0000ff\"><a href=\"https:\/\/docs.google.com\/forms\/d\/e\/1FAIpQLSciIske1UGJZZ71ax8K2v8HcCkNmLYTv4gqEfqnROyojHKyrQ\/viewform\">servei d&#8217;assessorament sindical 1-O<\/a>\u00a0<\/span><\/p>\n<p>&nbsp;<\/p>\n<p style=\"text-align: center\">* \u00a0* \u00a0* \u00a0* \u00a0*<\/p>\n<p><img loading=\"lazy\" decoding=\"async\" class=\"alignleft wp-image-226\" src=\"http:\/\/ccoo.app\/diputacio-de-barcelona\/wp-content\/blogs.dir\/6\/files\/sites\/186\/2016\/04\/estem-decidits-acontinuar-lluitant.png\" alt=\"Estem decidits a continuar lluitant !\" width=\"213\" height=\"89\" \/><\/p>\n<p><img loading=\"lazy\" decoding=\"async\" class=\"wp-image-262 alignright\" src=\"http:\/\/ccoo.app\/diputacio-de-barcelona\/wp-content\/blogs.dir\/6\/files\/sites\/186\/2016\/04\/afiliat_ccoo_cat.gif\" alt=\"Tota la informaci\u00f3 de com afiliar-se a CCOO Catalunya i forlmulari d'alta o baxia.\" width=\"90\" height=\"80\" \/><\/p>\n<p><img loading=\"lazy\" decoding=\"async\" class=\"wp-image-227 aligncenter\" src=\"http:\/\/ccoo.app\/diputacio-de-barcelona\/wp-content\/blogs.dir\/6\/files\/sites\/186\/2016\/04\/logo-peu-300x69.png\" alt=\"logo-peu\" width=\"952\" height=\"219\" srcset=\"https:\/\/ccoo.app\/diputacio-de-barcelona\/wp-content\/blogs.dir\/6\/files\/sites\/186\/2016\/04\/logo-peu-300x69.png 300w, https:\/\/ccoo.app\/diputacio-de-barcelona\/wp-content\/blogs.dir\/6\/files\/sites\/186\/2016\/04\/logo-peu.png 557w\" sizes=\"auto, (max-width: 952px) 100vw, 952px\" \/><\/p>\n<p style=\"text-align: center\"><small><\/small><small>Formulari d&#8217;<a href=\"\/afiliat\/\">alta<\/a>, <a href=\"\/afiliat\/\">baixa <\/a>o <a href=\"\/afiliat\/\">modificaci\u00f3 <\/a>de les dades personals o<br \/>\ncontacta&#8217;ns a trav\u00e9s del tel\u00e8fon<strong> 934 022 985<\/strong> o correu: <a href=\"mailto:ccoo@diba.cat\"><strong>ccoo@diba.cat<\/strong><\/a><\/small><\/p>\n","protected":false},"excerpt":{"rendered":"<p>&nbsp; Secci\u00f3 Sindical de la Diputaci\u00f3 de Barcelona INFORMACI\u00d3 AL COL\u00b7LECTIU DE BIBLIOTECARIS I BIBLIOTEC\u00c0RIES, I PERSONAL DIBA VINCULAT DIRECTAMENT A LA XARXA DE BIBLIOTEQUES I BIBLIOBUSOS DE LA PROV\u00cdNCIA &#8230; <\/p>\n<p class=\"read-more-container\"><a title=\"INFORMACI\u00d3 AL COL\u00b7LECTIU DE BIBLIOTECARIS I BIBLIOTEC\u00c0RIES, I PERSONAL DIBA VINCULAT DIRECTAMENT  A LA XARXA DE BIBLIOTEQUES I BIBLIOBUSOS DE LA PROV\u00cdNCIA SOTA LA GESTI\u00d3 DE LA DIPUTACI\u00d3 DE BARCELONA\" class=\"read-more button\" href=\"https:\/\/ccoo.app\/diputacio-de-barcelona\/informacio-al-col%c2%b7lectiu-de-bibliotecaris-i-bibliotecaries-i-personal-diba-vinculat-directament-a-la-xarxa-de-biblioteques-i-bibliobusos-de-la-provincia-sota-la-gestio-de-la-diputacio-de-barcel\/#more-1758\" aria-label=\"Leer m\u00e1s sobre INFORMACI\u00d3 AL COL\u00b7LECTIU DE BIBLIOTECARIS I BIBLIOTEC\u00c0RIES, I PERSONAL DIBA VINCULAT DIRECTAMENT  A LA XARXA DE BIBLIOTEQUES I BIBLIOBUSOS DE LA PROV\u00cdNCIA SOTA LA GESTI\u00d3 DE LA DIPUTACI\u00d3 DE BARCELONA\">Continuar llegint<\/a><\/p>\n","protected":false},"author":4519,"featured_media":255,"comment_status":"open","ping_status":"open","sticky":false,"template":"","format":"standard","meta":{"footnotes":""},"categories":[19,37],"tags":[239],"class_list":["post-1758","post","type-post","status-publish","format-standard","has-post-thumbnail","hentry","category-comunicats","category-xbm","tag-xarxa-de-bibioteques-xbm","generate-columns","tablet-grid-50","mobile-grid-100","grid-parent","grid-50"],"_links":{"self":[{"href":"https:\/\/ccoo.app\/diputacio-de-barcelona\/wp-json\/wp\/v2\/posts\/1758","targetHints":{"allow":["GET"]}}],"collection":[{"href":"https:\/\/ccoo.app\/diputacio-de-barcelona\/wp-json\/wp\/v2\/posts"}],"about":[{"href":"https:\/\/ccoo.app\/diputacio-de-barcelona\/wp-json\/wp\/v2\/types\/post"}],"author":[{"embeddable":true,"href":"https:\/\/ccoo.app\/diputacio-de-barcelona\/wp-json\/wp\/v2\/users\/4519"}],"replies":[{"embeddable":true,"href":"https:\/\/ccoo.app\/diputacio-de-barcelona\/wp-json\/wp\/v2\/comments?post=1758"}],"version-history":[{"count":1,"href":"https:\/\/ccoo.app\/diputacio-de-barcelona\/wp-json\/wp\/v2\/posts\/1758\/revisions"}],"predecessor-version":[{"id":52215,"href":"https:\/\/ccoo.app\/diputacio-de-barcelona\/wp-json\/wp\/v2\/posts\/1758\/revisions\/52215"}],"wp:featuredmedia":[{"embeddable":true,"href":"https:\/\/ccoo.app\/diputacio-de-barcelona\/wp-json\/wp\/v2\/media\/255"}],"wp:attachment":[{"href":"https:\/\/ccoo.app\/diputacio-de-barcelona\/wp-json\/wp\/v2\/media?parent=1758"}],"wp:term":[{"taxonomy":"category","embeddable":true,"href":"https:\/\/ccoo.app\/diputacio-de-barcelona\/wp-json\/wp\/v2\/categories?post=1758"},{"taxonomy":"post_tag","embeddable":true,"href":"https:\/\/ccoo.app\/diputacio-de-barcelona\/wp-json\/wp\/v2\/tags?post=1758"}],"curies":[{"name":"wp","href":"https:\/\/api.w.org\/{rel}","templated":true}]}}