{"id":1752,"date":"2017-10-02T12:33:05","date_gmt":"2017-10-02T11:33:05","guid":{"rendered":"https:\/\/diba.ccoo.cat\/?p=1752"},"modified":"2023-02-22T19:14:32","modified_gmt":"2023-02-22T18:14:32","slug":"nova-info-aturada-de-pais","status":"publish","type":"post","link":"https:\/\/ccoo.app\/diputacio-de-barcelona\/nova-info-aturada-de-pais\/","title":{"rendered":"NOVA INFO ATURADA DE PA\u00cdS Dimarts 3 d&#8217;octubre"},"content":{"rendered":"<p>&nbsp;<\/p>\n<p><img loading=\"lazy\" decoding=\"async\" class=\"wp-image-189\" title=\"Secci\u00f3 Sindical de la Diutaci\u00f3 de Barcelona de la Federaci\u00f3 Sindical de Catalunya\" src=\"http:\/\/ccoo.app\/diputacio-de-barcelona\/wp-content\/blogs.dir\/6\/files\/sites\/186\/2015\/12\/ccoo-fsc-cat.png\" alt=\"Secci\u00f3 Sindical de la Diputaci\u00f3 de Barcelona de la Federaci\u00f3 Sindical de Catalunya\" width=\"469\" height=\"90\" \/><\/p>\n<p class=\"wp-caption-text\">Secci\u00f3 Sindical de la Diputaci\u00f3 de Barcelona<\/p>\n<h3 class=\"widget-title\"><\/h3>\n<h3 style=\"text-align: center\"><strong><span style=\"color: #ff0000\">NOVA INFO ATURADA DE PA\u00cdS<\/span><\/strong><\/h3>\n<h3 style=\"text-align: center\"><span style=\"color: #ff0000\">Dimarts 3 d&#8217;octubre<\/span><\/h3>\n<p>Aquesta tarda\u00a0<b>hem tingut reuni\u00f3<\/b>\u00a0amb el Coordinador i la Directora de Recursos Humans per demanar el posicionament de la Diputaci\u00f3 davant\u00a0<b><i>L\u2019ATURADA DE PA\u00cdS<\/i><\/b>\u00a0per\u00a0a\u00a0dem\u00e0 dimarts 3 d\u2019octubre\u00a0proposada per la\u00a0<i>Taula per la Democr\u00e0cia de la que CCOO i UGT son membres.<\/i><\/p>\n<p>Recordeu que \u00e9s una convocat\u00f2ria que interpel\u00b7la no nom\u00e9s a treballadors i treballadores, sin\u00f3\u00a0<b>tamb\u00e9 a institucions<\/b>, aut\u00f2noms, empreses, associacions i el conjunt de la ciutadania de Catalunya.<\/p>\n<p>La resposta\u00a0que se\u2019ns ha donat \u00e9s que \u201cla Diputaci\u00f3 s\u2019adhereix a\u00a0aquesta aturada c\u00edvica i per tant,\u00a0es suspenen els actes institucionals.\u00a0Ara b\u00e9,\u00a0<b>aix\u00f2 no significa que\u00a0<\/b><b>s\u2019aturar\u00e0\u00a0<\/b><b>l\u2019activitat<\/b><b>\u00a0<\/b><b>corporativa\u00a0<\/b><b>i\u00a0<\/b><b>tampoc que\u00a0<\/b><b>es tancaran\u00a0<\/b><b>els centres de treball<\/b><b>.<\/b><\/p>\n<p>De fet, ens han explicat que\u00a0<b>no troben l\u2019encaix jur\u00eddic per a donar permisos al personal per a la jornada<\/b><b>\u00a0de mobilitzacions.<\/b><\/p>\n<p>Ens\u00a0<b>sorpr\u00e8n<\/b>\u00a0que en d\u2019altres Administracions, per exemple a\u00a0la generalitat\u00a0o en molts\u00a0ajuntaments, s\u00ed\u00a0que facilitaran la participaci\u00f3 a l\u2019Aturada de Pa\u00eds\u00a0proposada.<\/p>\n<p>En qualsevol cas, recordar-vos que dem\u00e0 tamb\u00e9 hi ha convocada\u00a0una vaga general per la CGT entre altres sindicats\u00a0que\u00a0dona la possibilitat\u00a0per a\u00a0qui\u00a0ho desitgi no anar a treballar.<\/p>\n<p>Qui decideixi secundar la vaga ho pot fer sense av\u00eds previ (sempre\u00a0que\u00a0no hagi sigut notificat per escrit que forma part de serveis m\u00ednims).<\/p>\n<p>Nom\u00e9s recordeu-vos que dem\u00e0, entre moltes altres mobilitzacions, hi haur\u00e0 una concentraci\u00f3 a les 12h a la seu de Can Serra (Rbla\u00a0Catalunya, 126).<\/p>\n<p style=\"text-align: center\"><b>Sortim al carrer, donem una resposta p<\/b><b>ac\u00edfica, contundent i democr\u00e0tica.\u00a0<\/b><b>\u00a0\u00a0\u00a0\u00a0\u00a0\u00a0\u00a0\u00a0\u00a0\u00a0\u00a0\u00a0\u00a0\u00a0\u00a0\u00a0\u00a0\u00a0\u00a0\u00a0<\/b><\/p>\n<p style=\"text-align: center\"><b>No tolerarem cap m\u00e9s agressi\u00f3.\u00a0<\/b><b>\u00a0<\/b><b>Exigim la immediata retirada dels cossos policials.<\/b><\/p>\n<p style=\"text-align: center\"><b>ATUREM EL PA\u00cdS<\/b><\/p>\n<p style=\"text-align: center\">* \u00a0* \u00a0* \u00a0* \u00a0*<\/p>\n<p><img loading=\"lazy\" decoding=\"async\" class=\"alignleft wp-image-226\" src=\"http:\/\/ccoo.app\/diputacio-de-barcelona\/wp-content\/blogs.dir\/6\/files\/sites\/186\/2016\/04\/estem-decidits-acontinuar-lluitant.png\" alt=\"Estem decidits a continuar lluitant !\" width=\"213\" height=\"89\" \/><\/p>\n<p><img loading=\"lazy\" decoding=\"async\" class=\"wp-image-262 alignright\" src=\"http:\/\/ccoo.app\/diputacio-de-barcelona\/wp-content\/blogs.dir\/6\/files\/sites\/186\/2016\/04\/afiliat_ccoo_cat.gif\" alt=\"Tota la informaci\u00f3 de com afiliar-se a CCOO Catalunya i forlmulari d'alta o baxia.\" width=\"90\" height=\"80\" \/><\/p>\n<p><img loading=\"lazy\" decoding=\"async\" class=\"wp-image-227 aligncenter\" src=\"http:\/\/ccoo.app\/diputacio-de-barcelona\/wp-content\/blogs.dir\/6\/files\/sites\/186\/2016\/04\/logo-peu-300x69.png\" alt=\"logo-peu\" width=\"952\" height=\"219\" srcset=\"https:\/\/ccoo.app\/diputacio-de-barcelona\/wp-content\/blogs.dir\/6\/files\/sites\/186\/2016\/04\/logo-peu-300x69.png 300w, https:\/\/ccoo.app\/diputacio-de-barcelona\/wp-content\/blogs.dir\/6\/files\/sites\/186\/2016\/04\/logo-peu.png 557w\" sizes=\"auto, (max-width: 952px) 100vw, 952px\" \/><\/p>\n<p style=\"text-align: center\"><small><\/small><small>Formulari d&#8217;<a href=\"\/afiliat\/\">alta<\/a>, <a href=\"\/afiliat\/\">baixa <\/a>o <a href=\"\/afiliat\/\">modificaci\u00f3 <\/a>de les dades personals o<br \/>\ncontacta&#8217;ns a trav\u00e9s del tel\u00e8fon<strong> 934 022 985<\/strong> o correu: <a href=\"mailto:ccoo@diba.cat\"><strong>ccoo@diba.cat<\/strong><\/a><\/small><\/p>\n","protected":false},"excerpt":{"rendered":"<p>&nbsp; Secci\u00f3 Sindical de la Diputaci\u00f3 de Barcelona NOVA INFO ATURADA DE PA\u00cdS Dimarts 3 d&#8217;octubre Aquesta tarda\u00a0hem tingut reuni\u00f3\u00a0amb el Coordinador i la Directora de Recursos Humans per demanar &#8230; <\/p>\n<p class=\"read-more-container\"><a title=\"NOVA INFO ATURADA DE PA\u00cdS Dimarts 3 d&#8217;octubre\" class=\"read-more button\" href=\"https:\/\/ccoo.app\/diputacio-de-barcelona\/nova-info-aturada-de-pais\/#more-1752\" aria-label=\"Leer m\u00e1s sobre NOVA INFO ATURADA DE PA\u00cdS Dimarts 3 d&#8217;octubre\">Continuar llegint<\/a><\/p>\n","protected":false},"author":4519,"featured_media":255,"comment_status":"open","ping_status":"open","sticky":false,"template":"","format":"standard","meta":{"footnotes":""},"categories":[38,19],"tags":[],"class_list":["post-1752","post","type-post","status-publish","format-standard","has-post-thumbnail","hentry","category-a-tot-el-personal","category-comunicats","generate-columns","tablet-grid-50","mobile-grid-100","grid-parent","grid-50"],"_links":{"self":[{"href":"https:\/\/ccoo.app\/diputacio-de-barcelona\/wp-json\/wp\/v2\/posts\/1752","targetHints":{"allow":["GET"]}}],"collection":[{"href":"https:\/\/ccoo.app\/diputacio-de-barcelona\/wp-json\/wp\/v2\/posts"}],"about":[{"href":"https:\/\/ccoo.app\/diputacio-de-barcelona\/wp-json\/wp\/v2\/types\/post"}],"author":[{"embeddable":true,"href":"https:\/\/ccoo.app\/diputacio-de-barcelona\/wp-json\/wp\/v2\/users\/4519"}],"replies":[{"embeddable":true,"href":"https:\/\/ccoo.app\/diputacio-de-barcelona\/wp-json\/wp\/v2\/comments?post=1752"}],"version-history":[{"count":1,"href":"https:\/\/ccoo.app\/diputacio-de-barcelona\/wp-json\/wp\/v2\/posts\/1752\/revisions"}],"predecessor-version":[{"id":52214,"href":"https:\/\/ccoo.app\/diputacio-de-barcelona\/wp-json\/wp\/v2\/posts\/1752\/revisions\/52214"}],"wp:featuredmedia":[{"embeddable":true,"href":"https:\/\/ccoo.app\/diputacio-de-barcelona\/wp-json\/wp\/v2\/media\/255"}],"wp:attachment":[{"href":"https:\/\/ccoo.app\/diputacio-de-barcelona\/wp-json\/wp\/v2\/media?parent=1752"}],"wp:term":[{"taxonomy":"category","embeddable":true,"href":"https:\/\/ccoo.app\/diputacio-de-barcelona\/wp-json\/wp\/v2\/categories?post=1752"},{"taxonomy":"post_tag","embeddable":true,"href":"https:\/\/ccoo.app\/diputacio-de-barcelona\/wp-json\/wp\/v2\/tags?post=1752"}],"curies":[{"name":"wp","href":"https:\/\/api.w.org\/{rel}","templated":true}]}}