{"id":1744,"date":"2017-09-12T12:08:41","date_gmt":"2017-09-12T11:08:41","guid":{"rendered":"https:\/\/diba.ccoo.cat\/?p=1744"},"modified":"2023-02-22T19:14:37","modified_gmt":"2023-02-22T18:14:37","slug":"el-major-atac-mai-patit-als-drets-fonamentals-del-personal-de-la-diputacio-de-barcelona","status":"publish","type":"post","link":"https:\/\/ccoo.app\/diputacio-de-barcelona\/el-major-atac-mai-patit-als-drets-fonamentals-del-personal-de-la-diputacio-de-barcelona\/","title":{"rendered":"EL MAJOR ATAC MAI PATIT ALS DRETS FONAMENTALS DEL PERSONAL DE LA DIPUTACI\u00d3 DE BARCELONA"},"content":{"rendered":"<p>&nbsp;<\/p>\n<p><img loading=\"lazy\" decoding=\"async\" class=\"wp-image-189\" title=\"Secci\u00f3 Sindical de la Diutaci\u00f3 de Barcelona de la Federaci\u00f3 Sindical de Catalunya\" src=\"http:\/\/ccoo.app\/diputacio-de-barcelona\/wp-content\/blogs.dir\/6\/files\/sites\/186\/2015\/12\/ccoo-fsc-cat.png\" alt=\"Secci\u00f3 Sindical de la Diputaci\u00f3 de Barcelona de la Federaci\u00f3 Sindical de Catalunya\" width=\"469\" height=\"90\" \/><\/p>\n<p class=\"wp-caption-text\">Secci\u00f3 Sindical de la Diputaci\u00f3 de Barcelona<\/p>\n<h3 class=\"widget-title\"><\/h3>\n<h3 style=\"text-align: center\"><strong><span style=\"color: #ff0000\">EL MAJOR ATAC MAI PATIT ALS DRETS FONAMENTALS DEL PERSONAL DE LA DIPUTACI\u00d3 DE BARCELONALA<\/span><\/strong><\/h3>\n<p style=\"text-align: center\"><span style=\"color: #ff0000\">-12 SETEMBRE DE 2017-<\/span><\/p>\n<p>El divendres 8 de setembre, se&#8217;ns convoca a una Mesa de Negociaci\u00f3 amb car\u00e0cter urgent i extraordinari, amb un \u00fanic punt a l&#8217;ordre del dia.<\/p>\n<ul>\n<li>Informe 11\/2017 de la Sindicatura de Comptes de Catalunya sobre Despeses de Personal, exercici 2013, Diputacions de Catalunya.<\/li>\n<\/ul>\n<p><span style=\"color: #0000ff\"><a href=\"http:\/\/www.sindicatura.cat\/reportssearcher\/2017_11_ca.pdf\">http:\/\/www.sindicatura.cat\/reportssearcher\/2017_11_ca.pdf<\/a><\/span><\/p>\n<p>Es tracta d\u2019un informe de fiscalitzaci\u00f3 relatiu a les despeses de personal de les 4 diputacions de Catalunya.<\/p>\n<p>De l\u2019esmentat\u00a0informe, la corporaci\u00f3\u00a0destaca 4 punts que considera primordials:<\/p>\n<ul>\n<li>Jornada laboral: tot el que fa refer\u00e8ncia a la mitja hora\u00a0di\u00e0ria\u00a0de formaci\u00f3 i conciliaci\u00f3.<\/li>\n<li>Paga\u00a0d\u2019assidu\u00eftat.<\/li>\n<li>Millora\u00a0social\u00a0per\u00a0anys de servei\u00a0(pagaments per anys de servei de 25, 30 i 35\u00a0anys).<\/li>\n<li>Jubilaci\u00f3 anticipada incentivada:\u00a0incentius\u00a0per jubilaci\u00f3 anticipada.<\/li>\n<\/ul>\n<p>I emparat amb el seu contingut\u00a0<b>ens comunica de la seva intenci\u00f3 de realitzar una suspensi\u00f3 imminent\u00a0<\/b>que s\u2019aprovaria en\u00a0el Ple del dia 28 de setembre.<\/p>\n<p>S\u2019ha de tenir en compte que\u00a0<i>l\u2019I<\/i><i>nforme de la Sindicatura de Comptes<\/i>\u00a0de Catalunya, no\u00a0\u00e9s\u00a0vinculant i\u00a0entenem que des d\u2019un punt de vista jur\u00eddic \u00e9s molt q\u00fcestionable. Per exemple, respecte a la\u00a0<i>Millora social per anys de servei<\/i>\u00a0i a la llum de moltes sent\u00e8ncies, especialment la del 20 de desembre de 2013 del Tribunal Suprem, ha quedat clar que es tracta d\u2019una mesura social\u00a0dintre\u00a0del marc legal.<\/p>\n<p>Aix\u00ed mateix,\u00a0aquest Informe\u00a0(el document provisional previ a poder fer al\u00b7legacions)\u00a0va ser\u00a0rebut per a la\u00a0Corporaci\u00f3\u00a0durant el mes de febrer\u00a0i llavors no se\u2019ns va facilitar\u00a0copia als sindicats per fer un\u00a0an\u00e0lisi\u00a0en detall i temps suficient.<\/p>\n<p><strong>SITUACI\u00d3 ACTUAL\u00a0<\/strong><\/p>\n<p><i>L<\/i><i>&#8216;I<\/i><i>nforme\u00a0<\/i><i>de la Sindicatura<\/i>\u00a0de contingut certament dens (unes 150 p\u00e0gines) \u00e9s una \u00abauditoria\u00bb completa que\u00a0es\u00a0realitza respecte de les despeses de personal de les\u00a04\u00a0Diputacions catalanes,\u00a0que\u00a0<b>no nom\u00e9s q\u00fcestiona\u00a0<\/b><b>els\u00a0<\/b><b>quatre\u00a0<\/b><b>punts anteriorment esmentats<\/b><b>\u00a0sin\u00f3 molt<\/b><b>s<\/b><b>\u00a0altres<\/b><b>.\u00a0<\/b><\/p>\n<p>Com ja s\u2019ha dit, aquest informe \u00e9s interpretatiu i no vinculant, \u00e9s a dir, no hi ha\u00a0cap\u00a0den\u00fancia ni sent\u00e8ncia que q\u00fcestioni la\u00a0legalitat dels acords signats i\u00a0per tant entenem que nom\u00e9s \u00e9s pot considerar como una\u00a0recomanaci\u00f3 per solucionar les q\u00fcestions que puguin estar fora de normativa.<\/p>\n<p>Per part de la Corporaci\u00f3 se&#8217;ns proposen\u00a0<b>DUES OPCIONS<\/b>\u00a0al respecte:<\/p>\n<ol>\n<li style=\"text-align: left\"><b>Signar un\u00a0<\/b><b>A<\/b><b>cord\u00a0<\/b><b>en seu de Mesa de Negociaci\u00f3\u00a0<\/b><b>on la part sindical accepti\u00a0<\/b><b>volunt\u00e0riament\u00a0<\/b><b>la suspensi\u00f3<\/b>\u00a0d&#8217;aquests drets per\u00a0comen\u00e7ar una nova negociaci\u00f3 de tots els acords,\u00a0comen\u00e7ant\u00a0de zero, obviant tot el que ten\u00edem assolit\u00a0i sense cap tipus de garanties.<\/li>\n<\/ol>\n<p>\u00c9s a dir, ser\u00a0c\u00f2mplices\u00a0amb la corporaci\u00f3 de la suspensi\u00f3 dels drets i Acords\u00a0a canvi d\u2019establir un proc\u00e9s negociador incert i limitat pr\u00e8viament per la corporaci\u00f3.<\/p>\n<p>Caldria preguntar-se: negociar qu\u00e8? M\u00e9s retallades? I amb el benepl\u00e0cit sindical?<\/p>\n<p>Tenim clar\u00a0que la resposta \u00e9s\u00a0evident\u00a0i poc favorable als nostres drets, es tracta\u00a0<b>d\u2019<\/b><b>una retallada\u00a0<\/b><b>m\u00e9s.<\/b><\/p>\n<p>En aquest sentit\u00a0CCOO\u00a0es va manifestar contundentment:\u00a0<b>NO ACCEPTAREM SIGNAR UN ACORD DE REN\u00daNCIA DELS ACORDS JA NEGOCIATS I SIGNATS AMB ANTERIORITAT<\/b>,\u00a0i que tant d&#8217;esfor\u00e7 ha\u00a0suposat\u00a0als treballadors\/es i a la part social-sindical.<\/p>\n<p><strong>2<\/strong>.\u00a0 <b>L&#8217;altra opci\u00f3 que ve en forma d&#8217;amena\u00e7a<\/b>\u00a0\u00e9s, que si no hi ha\u00a0Acord sindical, es\u00a0suspenen els drets de manera unilateral,\u00a0<b>sense cap possibilitat de negociaci\u00f3 i\u00a0<\/b><b>di\u00e0leg<\/b><b>,<\/b>\u00a0i per tant la p\u00e8rdua total dels drets pactats.<\/p>\n<p>Quin\u00a0tipus de negociaci\u00f3 \u00e9s aquesta\u00a0on\u00a0ens\u00a0estan amena\u00e7ant i condicionant la negociaci\u00f3 de manera unilateral?\u00a0L&#8217;EBEP \u00e9s clar en aquest sentit i exigeix \u200b\u200bl&#8217;obligatorietat de negociar per part de les dues parts: corporaci\u00f3 i sindicats.<\/p>\n<p><b>CONCLUSIONS:<\/b><b>\u00a0<\/b><b>S\u00cd O S\u00cd, SUSPENDRAN ELS ACORDS<\/b><\/p>\n<p>Els nostres Acords han passat sempre tots els filtres \u201clegals\u201d. Han\u00a0sigut\u00a0enviats a l\u2019Autoritat Laboral\u00a0i a l\u2019Administraci\u00f3 de l\u2019Estat a m\u00e9s de passar per la pr\u00f2pia\u00a0<i>Intervenci\u00f3 interna<\/i>\u00a0de la Diputaci\u00f3. Mai s\u2019ha plantejat cap reparament en relaci\u00f3 amb la legalitat del contingut dels nostres Acords. Per exemple, l\u2019Administraci\u00f3 de l\u2019Estat podia haver-los anul\u00b7lat o impugnats. No s\u2019ha rebut cap requeriment i menys en els punts que en aquest moment es volen suspendre.<\/p>\n<p>Respecte a les valoracions que fa la Sindicatura, estem conven\u00e7uts que jur\u00eddicament els nostres Acords s\u00f3n defensables. Hi ha\u00a0moltes\u00a0sent\u00e8ncies\u00a0que ens donen la\u00a0ra\u00f3, i moltes administracions que tenen, per exemple,\u00a0alguna mena\u00a0<i>de Millora per anys de servei<\/i>\u00a0en els seus Acords (83% de la demarcaci\u00f3 de Barcelona).<\/p>\n<p><b>Per tant, no podem acceptar la l\u00f2gica corporativa de retallar drets sense lluita<\/b><b>r<\/b><b>\u00a0de manera valenta en defensa dels\u00a0<\/b><b>nostres\u00a0<\/b><b><i>Acord<\/i><\/b><b><i>s<\/i><\/b><b><i>\u00a0<\/i><\/b><b><i>i\u00a0<\/i><\/b><b>treballar<\/b><b>\u00a0a la vegada per \u201cblindar-los jur\u00eddicament\u201d.<\/b><b>\u00a0<\/b><\/p>\n<p>No ens resignarem a perdre sense lluitar\u00a0el\u00a0que tant esfor\u00e7\u00a0ha\u00a0costat\u00a0assolir\u00a0als treballadors\/es i sindicats. Afegint que s\u2019ha negociat\u00a0sempre en mig de retallades, de \u201c<i>decretazos\u201d<\/i>\u00a0i d\u2019una\u00a0\u00a0crisi que ha sigut una excusa m\u00e9s per carregar-se els serveis p\u00fablics.\u00a0Sempre han volgut fer-nos pagar la seva mala gesti\u00f3 pol\u00edtica, econ\u00f2mica\u00a0i social,\u00a0i\u00a0ho tenim\u00a0clar:\u00a0<b>diem NO! Ja n\u2019hi ha prou!<\/b><\/p>\n<p>Per CCOO\u00a0DiBa\u00a0aquest significa l&#8217;atac m\u00e9s\u00a0sagnant\u00a0mai patit despr\u00e9s de les retallades del Decret-Llei 20\/2012 del govern de Rajoy. M\u00e9s dur encara,\u00a0ja que incideixen sobre les pr\u00f2pies retallades ja sofertes, i m\u00e9s greu ja que va m\u00e9s enll\u00e0 d&#8217;aquestes, atacant directament\u00a0la negociaci\u00f3 col\u00b7lectiva.<\/p>\n<p>Els Acords s\u2019han\u00a0assolit en un context de retallades (5% a les pagues extres,\u00a0a la\u00a0gran p\u00e8rdua de poder adquisitiu, p\u00e8rdua del 100% de les baixes per incapacitat,\u00a0anul\u00b7laci\u00f3 de la carrera professional\u00a0per part de la Diputaci\u00f3, i de\u00a0molts m\u00e9s altres drets perduts&#8230;) amb un gran esfor\u00e7 de les parts implicades.\u00a0Acords avalats tots ells per els serveis jur\u00eddics\u00a0i els habilitats nacionals\u00a0d\u2019aquesta corporaci\u00f3.<\/p>\n<p>Ara que el ministeri d\u2019Hisenda anuncia una recuperaci\u00f3 de drets econ\u00f2mics i laborals, la Diputaci\u00f3 de Barcelona (amb normativa del 2012) vol\u00a0executar el major atac a la negociaci\u00f3 col\u00b7lectiva mai vist en aquesta corporaci\u00f3.<\/p>\n<p style=\"text-align: center\"><span style=\"font-size: 14pt\"><b>CCO<\/b><b>O\u00a0DiBa\u00a0diem:\u00a0<\/b>\u00a0<\/span><\/p>\n<p style=\"text-align: left\"><b>NO\u00a0 A LA S<\/b><b>USPENSI\u00d3\u00a0<\/b><b>UNILATERAL\u00a0<\/b><b>DELS ACORDS<\/b><b>!<\/b><b>\u00a0<\/b><b>\u00a0N<\/b><b>i ara ni mai.\u00a0<\/b><b>\u00a0\u00a0\u00a0\u00a0\u00a0\u00a0\u00a0\u00a0\u00a0\u00a0\u00a0\u00a0\u00a0\u00a0\u00a0\u00a0\u00a0\u00a0\u00a0\u00a0\u00a0\u00a0\u00a0\u00a0\u00a0\u00a0\u00a0\u00a0\u00a0\u00a0\u00a0\u00a0\u00a0\u00a0\u00a0\u00a0\u00a0\u00a0\u00a0\u00a0\u00a0\u00a0\u00a0\u00a0\u00a0\u00a0\u00a0\u00a0\u00a0\u00a0\u00a0\u00a0\u00a0\u00a0\u00a0\u00a0\u00a0\u00a0\u00a0\u00a0\u00a0\u00a0\u00a0\u00a0\u00a0\u00a0\u00a0<\/b><\/p>\n<p style=\"text-align: left\"><b>S\u00cd A LA NEGOCIACI\u00d3 dintre d\u2019un marc de confian\u00e7a m\u00fatua.\u00a0<\/b><\/p>\n<p>Animem a tot el personal a assistir a l\u2019Assemblea per\u00a0a\u00a0poder explicar tots els detalls sobre les retallades anunciades.\u00a0Es imprescindible\u00a0organitzar la resposta i preparar\u00a0les accions per\u00a0defensar els nostres drets.<\/p>\n<p><b>Es una assemblea autoritzada<\/b>. Codi 0562 (Gesti\u00f3 per ra\u00f3 del servei).<\/p>\n<p style=\"text-align: center\">* \u00a0* \u00a0* \u00a0* \u00a0*<\/p>\n<p><img loading=\"lazy\" decoding=\"async\" class=\"alignleft wp-image-226\" src=\"http:\/\/ccoo.app\/diputacio-de-barcelona\/wp-content\/blogs.dir\/6\/files\/sites\/186\/2016\/04\/estem-decidits-acontinuar-lluitant.png\" alt=\"Estem decidits a continuar lluitant !\" width=\"213\" height=\"89\" \/><\/p>\n<p><img loading=\"lazy\" decoding=\"async\" class=\"wp-image-262 alignright\" src=\"http:\/\/ccoo.app\/diputacio-de-barcelona\/wp-content\/blogs.dir\/6\/files\/sites\/186\/2016\/04\/afiliat_ccoo_cat.gif\" alt=\"Tota la informaci\u00f3 de com afiliar-se a CCOO Catalunya i forlmulari d'alta o baxia.\" width=\"90\" height=\"80\" \/><\/p>\n<p><img loading=\"lazy\" decoding=\"async\" class=\"wp-image-227 aligncenter\" src=\"http:\/\/ccoo.app\/diputacio-de-barcelona\/wp-content\/blogs.dir\/6\/files\/sites\/186\/2016\/04\/logo-peu-300x69.png\" alt=\"logo-peu\" width=\"952\" height=\"219\" srcset=\"https:\/\/ccoo.app\/diputacio-de-barcelona\/wp-content\/blogs.dir\/6\/files\/sites\/186\/2016\/04\/logo-peu-300x69.png 300w, https:\/\/ccoo.app\/diputacio-de-barcelona\/wp-content\/blogs.dir\/6\/files\/sites\/186\/2016\/04\/logo-peu.png 557w\" sizes=\"auto, (max-width: 952px) 100vw, 952px\" \/><\/p>\n<p style=\"text-align: center\"><small><\/small><small>Formulari d&#8217;<a href=\"\/afiliat\/\">alta<\/a>, <a href=\"\/afiliat\/\">baixa <\/a>o <a href=\"\/afiliat\/\">modificaci\u00f3 <\/a>de les dades personals o<br \/>\ncontacta&#8217;ns a trav\u00e9s del tel\u00e8fon<strong> 934 022 985<\/strong> o correu: <a href=\"mailto:ccoo@diba.cat\"><strong>ccoo@diba.cat<\/strong><\/a><\/small><\/p>\n","protected":false},"excerpt":{"rendered":"<p>&nbsp; Secci\u00f3 Sindical de la Diputaci\u00f3 de Barcelona EL MAJOR ATAC MAI PATIT ALS DRETS FONAMENTALS DEL PERSONAL DE LA DIPUTACI\u00d3 DE BARCELONALA -12 SETEMBRE DE 2017- El divendres 8 &#8230; <\/p>\n<p class=\"read-more-container\"><a title=\"EL MAJOR ATAC MAI PATIT ALS DRETS FONAMENTALS DEL PERSONAL DE LA DIPUTACI\u00d3 DE BARCELONA\" class=\"read-more button\" href=\"https:\/\/ccoo.app\/diputacio-de-barcelona\/el-major-atac-mai-patit-als-drets-fonamentals-del-personal-de-la-diputacio-de-barcelona\/#more-1744\" aria-label=\"Leer m\u00e1s sobre EL MAJOR ATAC MAI PATIT ALS DRETS FONAMENTALS DEL PERSONAL DE LA DIPUTACI\u00d3 DE BARCELONA\">Continuar llegint<\/a><\/p>\n","protected":false},"author":4519,"featured_media":255,"comment_status":"open","ping_status":"open","sticky":false,"template":"","format":"standard","meta":{"footnotes":""},"categories":[38,19,26,27],"tags":[132,148],"class_list":["post-1744","post","type-post","status-publish","format-standard","has-post-thumbnail","hentry","category-a-tot-el-personal","category-comunicats","category-mgn","category-millores-socials","tag-jubilacions","tag-mesa-general-negociacio","generate-columns","tablet-grid-50","mobile-grid-100","grid-parent","grid-50"],"_links":{"self":[{"href":"https:\/\/ccoo.app\/diputacio-de-barcelona\/wp-json\/wp\/v2\/posts\/1744","targetHints":{"allow":["GET"]}}],"collection":[{"href":"https:\/\/ccoo.app\/diputacio-de-barcelona\/wp-json\/wp\/v2\/posts"}],"about":[{"href":"https:\/\/ccoo.app\/diputacio-de-barcelona\/wp-json\/wp\/v2\/types\/post"}],"author":[{"embeddable":true,"href":"https:\/\/ccoo.app\/diputacio-de-barcelona\/wp-json\/wp\/v2\/users\/4519"}],"replies":[{"embeddable":true,"href":"https:\/\/ccoo.app\/diputacio-de-barcelona\/wp-json\/wp\/v2\/comments?post=1744"}],"version-history":[{"count":1,"href":"https:\/\/ccoo.app\/diputacio-de-barcelona\/wp-json\/wp\/v2\/posts\/1744\/revisions"}],"predecessor-version":[{"id":52218,"href":"https:\/\/ccoo.app\/diputacio-de-barcelona\/wp-json\/wp\/v2\/posts\/1744\/revisions\/52218"}],"wp:featuredmedia":[{"embeddable":true,"href":"https:\/\/ccoo.app\/diputacio-de-barcelona\/wp-json\/wp\/v2\/media\/255"}],"wp:attachment":[{"href":"https:\/\/ccoo.app\/diputacio-de-barcelona\/wp-json\/wp\/v2\/media?parent=1744"}],"wp:term":[{"taxonomy":"category","embeddable":true,"href":"https:\/\/ccoo.app\/diputacio-de-barcelona\/wp-json\/wp\/v2\/categories?post=1744"},{"taxonomy":"post_tag","embeddable":true,"href":"https:\/\/ccoo.app\/diputacio-de-barcelona\/wp-json\/wp\/v2\/tags?post=1744"}],"curies":[{"name":"wp","href":"https:\/\/api.w.org\/{rel}","templated":true}]}}