{"id":1737,"date":"2017-09-15T11:46:52","date_gmt":"2017-09-15T10:46:52","guid":{"rendered":"https:\/\/diba.ccoo.cat\/?p=1737"},"modified":"2023-02-22T19:14:35","modified_gmt":"2023-02-22T18:14:35","slug":"assemblea-general-de-treballadors-i-treballadores","status":"publish","type":"post","link":"https:\/\/ccoo.app\/diputacio-de-barcelona\/assemblea-general-de-treballadors-i-treballadores\/","title":{"rendered":"ASSEMBLEA GENERAL DE TREBALLADORS I TREBALLADORES"},"content":{"rendered":"<p>&nbsp;<\/p>\n<p><img loading=\"lazy\" decoding=\"async\" class=\"wp-image-189\" title=\"Secci\u00f3 Sindical de la Diutaci\u00f3 de Barcelona de la Federaci\u00f3 Sindical de Catalunya\" src=\"http:\/\/ccoo.app\/diputacio-de-barcelona\/wp-content\/blogs.dir\/6\/files\/sites\/186\/2015\/12\/ccoo-fsc-cat.png\" alt=\"Secci\u00f3 Sindical de la Diputaci\u00f3 de Barcelona de la Federaci\u00f3 Sindical de Catalunya\" width=\"469\" height=\"90\" \/><\/p>\n<p class=\"wp-caption-text\">Secci\u00f3 Sindical de la Diputaci\u00f3 de Barcelona<\/p>\n<h1 style=\"text-align: center\"><span style=\"color: #ff0000\">ASSEMBLEA GENERAL DE TREBALLADORS I TREBALLADORES\u00a0<\/span><\/h1>\n<p>Les Seccions Sindicals de CCOO\u00a0i de\u00a0la\u00a0CGT\u00a0fem una crida a tothom a participar a l\u2019<strong>ASSEMBLEA GENERAL DE TREBALLADORS I TREBALLADORES<\/strong> convocada per al proper\u00a0<strong>dimarts 19 de setembre al Recinte de l&#8217;Escola Industrial (Edifici 25, Aula S7)<\/strong>.<\/p>\n<p>Hi podeu assistir en qualsevol dels dos torns que s&#8217;ha establert per a la mateixa:\u00a0<strong>Mat\u00ed (12.30h a 14.30h) o tarda (15.30h a 17.00h)<\/strong>.<\/p>\n<p>Aix\u00ed mateix, convidem a la representaci\u00f3 d&#8217;UGT a assistir a l&#8217;Assemblea, si aix\u00ed ho desitja, per a exposar tamb\u00e9 la seva postura en relaci\u00f3 al tema que se sotmetr\u00e0 a decisi\u00f3 dels treballadors i treballadores.<\/p>\n<p>L&#8217;objecte de l&#8217;assemblea \u00e9s d\u2019una banda explicar la situaci\u00f3 sobrevinguda despr\u00e9s dels l\u2019Informes de la Sindicatura de Comptes i d\u2019Intervenci\u00f3, i per una altra banda\u00a0<strong>sotmetre a consideraci\u00f3 de la plantilla un pla de mobilitzacions immediat per a fer front a la pretensi\u00f3 de la Diba en relaci\u00f3 a suspendre els nostres drets i condicions de treball<\/strong>.<\/p>\n<p>Considerem que tot plegat no \u00e9s sin\u00f3 la culminaci\u00f3 del model de relacions laborals autoritari que ja fa temps que es vol imposar a la Diputaci\u00f3, i que\u00a0<strong>ha arribat l&#8217;hora de comen\u00e7ar a dir prou<\/strong>.<\/p>\n<p>La vostra assist\u00e8ncia \u00e9s molt important. Recordeu que l&#8217;Assemblea \u00e9s autoritzada i que podeu justificar la vostra pres\u00e8ncia fent un full d&#8217;incid\u00e8ncies, amb el\u00a0<strong>codi 0562<\/strong>\u00a0(Gestions per compte del Servei).<\/p>\n<p><strong>Seccions Sindicals\u00a0de CCOO\u00a0i de la CGT\u00a0a la Diputaci\u00f3 de Barcelona.<\/strong><\/p>\n<p style=\"text-align: center\">\u00a0* \u00a0* \u00a0* \u00a0* \u00a0*<\/p>\n<p><img loading=\"lazy\" decoding=\"async\" class=\"alignleft wp-image-226\" src=\"http:\/\/ccoo.app\/diputacio-de-barcelona\/wp-content\/blogs.dir\/6\/files\/sites\/186\/2016\/04\/estem-decidits-acontinuar-lluitant.png\" alt=\"Estem decidits a continuar lluitant !\" width=\"213\" height=\"89\" \/><\/p>\n<p><img loading=\"lazy\" decoding=\"async\" class=\"wp-image-262 alignright\" src=\"http:\/\/ccoo.app\/diputacio-de-barcelona\/wp-content\/blogs.dir\/6\/files\/sites\/186\/2016\/04\/afiliat_ccoo_cat.gif\" alt=\"Tota la informaci\u00f3 de com afiliar-se a CCOO Catalunya i forlmulari d'alta o baxia.\" width=\"90\" height=\"80\" \/><\/p>\n<p><img loading=\"lazy\" decoding=\"async\" class=\"wp-image-227 aligncenter\" src=\"http:\/\/ccoo.app\/diputacio-de-barcelona\/wp-content\/blogs.dir\/6\/files\/sites\/186\/2016\/04\/logo-peu-300x69.png\" alt=\"logo-peu\" width=\"952\" height=\"219\" srcset=\"https:\/\/ccoo.app\/diputacio-de-barcelona\/wp-content\/blogs.dir\/6\/files\/sites\/186\/2016\/04\/logo-peu-300x69.png 300w, https:\/\/ccoo.app\/diputacio-de-barcelona\/wp-content\/blogs.dir\/6\/files\/sites\/186\/2016\/04\/logo-peu.png 557w\" sizes=\"auto, (max-width: 952px) 100vw, 952px\" \/><\/p>\n<p style=\"text-align: center\"><small><\/small><small>Formulari d&#8217;<a href=\"\/afiliat\/\">alta<\/a>, <a href=\"\/afiliat\/\">baixa <\/a>o <a href=\"\/afiliat\/\">modificaci\u00f3 <\/a>de les dades personals o<br \/>\ncontacta&#8217;ns a trav\u00e9s del tel\u00e8fon<strong> 934 022 985<\/strong> o correu: <a href=\"mailto:ccoo@diba.cat\"><strong>ccoo@diba.cat<\/strong><\/a><\/small><\/p>\n","protected":false},"excerpt":{"rendered":"<p>&nbsp; Secci\u00f3 Sindical de la Diputaci\u00f3 de Barcelona ASSEMBLEA GENERAL DE TREBALLADORS I TREBALLADORES\u00a0 Les Seccions Sindicals de CCOO\u00a0i de\u00a0la\u00a0CGT\u00a0fem una crida a tothom a participar a l\u2019ASSEMBLEA GENERAL DE &#8230; <\/p>\n<p class=\"read-more-container\"><a title=\"ASSEMBLEA GENERAL DE TREBALLADORS I TREBALLADORES\" class=\"read-more button\" href=\"https:\/\/ccoo.app\/diputacio-de-barcelona\/assemblea-general-de-treballadors-i-treballadores\/#more-1737\" aria-label=\"Leer m\u00e1s sobre ASSEMBLEA GENERAL DE TREBALLADORS I TREBALLADORES\">Continuar llegint<\/a><\/p>\n","protected":false},"author":4519,"featured_media":255,"comment_status":"open","ping_status":"open","sticky":false,"template":"","format":"standard","meta":{"footnotes":""},"categories":[38,19,26,27,33],"tags":[108,132,148],"class_list":["post-1737","post","type-post","status-publish","format-standard","has-post-thumbnail","hentry","category-a-tot-el-personal","category-comunicats","category-mgn","category-millores-socials","category-propostes-sindicals","tag-escola-industrial","tag-jubilacions","tag-mesa-general-negociacio","generate-columns","tablet-grid-50","mobile-grid-100","grid-parent","grid-50"],"_links":{"self":[{"href":"https:\/\/ccoo.app\/diputacio-de-barcelona\/wp-json\/wp\/v2\/posts\/1737","targetHints":{"allow":["GET"]}}],"collection":[{"href":"https:\/\/ccoo.app\/diputacio-de-barcelona\/wp-json\/wp\/v2\/posts"}],"about":[{"href":"https:\/\/ccoo.app\/diputacio-de-barcelona\/wp-json\/wp\/v2\/types\/post"}],"author":[{"embeddable":true,"href":"https:\/\/ccoo.app\/diputacio-de-barcelona\/wp-json\/wp\/v2\/users\/4519"}],"replies":[{"embeddable":true,"href":"https:\/\/ccoo.app\/diputacio-de-barcelona\/wp-json\/wp\/v2\/comments?post=1737"}],"version-history":[{"count":1,"href":"https:\/\/ccoo.app\/diputacio-de-barcelona\/wp-json\/wp\/v2\/posts\/1737\/revisions"}],"predecessor-version":[{"id":52217,"href":"https:\/\/ccoo.app\/diputacio-de-barcelona\/wp-json\/wp\/v2\/posts\/1737\/revisions\/52217"}],"wp:featuredmedia":[{"embeddable":true,"href":"https:\/\/ccoo.app\/diputacio-de-barcelona\/wp-json\/wp\/v2\/media\/255"}],"wp:attachment":[{"href":"https:\/\/ccoo.app\/diputacio-de-barcelona\/wp-json\/wp\/v2\/media?parent=1737"}],"wp:term":[{"taxonomy":"category","embeddable":true,"href":"https:\/\/ccoo.app\/diputacio-de-barcelona\/wp-json\/wp\/v2\/categories?post=1737"},{"taxonomy":"post_tag","embeddable":true,"href":"https:\/\/ccoo.app\/diputacio-de-barcelona\/wp-json\/wp\/v2\/tags?post=1737"}],"curies":[{"name":"wp","href":"https:\/\/api.w.org\/{rel}","templated":true}]}}