{"id":1726,"date":"2017-09-26T12:40:08","date_gmt":"2017-09-26T11:40:08","guid":{"rendered":"https:\/\/diba.ccoo.cat\/?p=1726"},"modified":"2023-02-22T19:14:34","modified_gmt":"2023-02-22T18:14:34","slug":"la-unitat-forca-i-lluita-de-la-plantilla-avancem","status":"publish","type":"post","link":"https:\/\/ccoo.app\/diputacio-de-barcelona\/la-unitat-forca-i-lluita-de-la-plantilla-avancem\/","title":{"rendered":"LA UNITAT, FOR\u00c7A I LLUITA\u00a0DE LA PLANTILLA. AVANCEM!"},"content":{"rendered":"<p>&nbsp;<\/p>\n<p><img loading=\"lazy\" decoding=\"async\" class=\"wp-image-189\" title=\"Secci\u00f3 Sindical de la Diutaci\u00f3 de Barcelona de la Federaci\u00f3 Sindical de Catalunya\" src=\"http:\/\/ccoo.app\/diputacio-de-barcelona\/wp-content\/blogs.dir\/6\/files\/sites\/186\/2015\/12\/ccoo-fsc-cat.png\" alt=\"Secci\u00f3 Sindical de la Diputaci\u00f3 de Barcelona de la Federaci\u00f3 Sindical de Catalunya\" width=\"469\" height=\"90\" \/><\/p>\n<p class=\"wp-caption-text\">Secci\u00f3 Sindical de la Diputaci\u00f3 de Barcelona<\/p>\n<h3 class=\"widget-title\"><\/h3>\n<h3 style=\"text-align: center\"><strong><span style=\"color: #ff0000\">LA UNITAT, FOR\u00c7A I LLUITA\u00a0DE LA PLANTILLA<br \/>\nAVANCEM!<\/span><\/strong><\/h3>\n<p style=\"text-align: center\"><span style=\"color: #ff0000\">-26 SETEMBRE DE 2017-<\/span><\/p>\n<p>&nbsp;<\/p>\n<p>Recordem que a la primera Mesa de Negociaci\u00f3 la proposta inicial de la Corporaci\u00f3\u00a0era ben clara:<\/p>\n<p>Que els sindicats\u00a0<strong>signessin una suspensi\u00f3<\/strong>\u00a0total de vig\u00e8ncia dels nostres acords. Nom\u00e9s complint amb aquesta\u00a0<strong>condici\u00f3<\/strong>\u00a0s\u2019obriria una\u00a0<strong>renegociaci\u00f3<\/strong>\u00a0dels mateixos\u00a0<strong>des de zero i sense cap garantia de recuperaci\u00f3\u00a0<\/strong>d\u2019aquests acords.<\/p>\n<p>A m\u00e9s,\u00a0<strong>condicionada<\/strong>\u00a0a que si no s\u2019arribava a cap acord,\u00a0 la Diputaci\u00f3\u00a0<strong>suspendria definitivament i de manera unilateral aquests acords<\/strong>.<\/p>\n<p><strong>Un xantatge en tota regla que nom\u00e9s un sindicat es va mostrar decidit a signar.<\/strong><\/p>\n<p style=\"text-align: center\"><span style=\"font-size: 18pt\"><strong>LA MOBILITZACI\u00d3 A\u00a0MINERVA\u00a0ACONSEGUEIX RESULTATS<\/strong><\/span><\/p>\n<p><strong>Volem agrair molt profundament\u00a0 a tots i totes les companyes de la\u00a0DiBa\u00a0l\u2019esfor\u00e7, implicaci\u00f3 i suport massiu demostrat a la mobilitzaci\u00f3 de divendres a Minerva.<\/strong><\/p>\n<p><strong>Sense el vostre suport no seria possible una correlaci\u00f3 de forces que possibilit\u00e9s una negociaci\u00f3 digna i en igualtat de condicions envers les postures i pressions corporatives<\/strong><\/p>\n<p><strong>A la proposta inicial de la Corporaci\u00f3\u00a0nom\u00e9s 2 de 3 sindicats vam ser contundents, i vam dir NO.<\/strong>\u00a0Ara b\u00e9, a CCOO no som gent ufana. \u00c9rem conscients que la nostra for\u00e7a,\u00a0<strong>la nostra capacitat de canviar les estrat\u00e8gies corporatives nom\u00e9s passava\u00a0mobilitzant el personal\u00a0davant d&#8217;aquest greu atac al nostres acords.<\/strong><\/p>\n<p>I quan vam fer un crit a la participaci\u00f3, ens vam trobar amb una resposta i una\u00a0<strong>assist\u00e8ncia a l&#8217;assemblea impressionant.<\/strong>\u00a0Dues sessions, una al mat\u00ed i l&#8217;altra de tarda, plenes de gom a gom! Companys i companyes decidits a mobilitzar-se i lluitar pels seus drets.<\/p>\n<p>I la\u00a0<strong>primera mobilitzaci\u00f3<\/strong>\u00a0proposada nom\u00e9s amb 24 hores d\u2019antelaci\u00f3\u00a0<strong>va ser tot un \u00e8xit trobant-nos a MINERVA una gran demostraci\u00f3 de forces.<\/strong><\/p>\n<p style=\"text-align: center\"><span style=\"font-size: 18pt\"><strong>QUE VA PASSAR A LA REUNI\u00d3 DE LA MESA GENERAL DEL PASSAT DIVENDRES?<\/strong><\/span><\/p>\n<p><strong>Davant l\u2019Informe de la Sindicatura, CCOO vam exigir dues coses:<\/strong><\/p>\n<ul>\n<li>La no suspensi\u00f3 de la vig\u00e8ncia dels nostres Acords: que no comptessin amb la nostra complicitat (no signar\u00edem volunt\u00e0riament cap Acord de suspensi\u00f3) ni acceptar\u00edem una suspensi\u00f3 unilateral per part de la Diba.<\/li>\n<li>Voluntat de treballar amb agilitat i rapidesa l\u2019adequaci\u00f3 dels nostres Acords buscant f\u00f3rmules per encabir-los dins del marc normatiu.<\/li>\n<\/ul>\n<p><strong>A la\u00a0MGN\u00a0del passat divendres ens van informar del seg\u00fcent:<\/strong><\/p>\n<ul>\n<li>La corporaci\u00f3 no incorporar\u00e0, tampoc, per la via d\u2019urg\u00e8ncia a l\u2019ordre del dia del Ple del proper dijous la suspensi\u00f3 dels Acords (aquesta possibilitat encara no s\u2019havia descartat per part de la\u00a0DiBa).<\/li>\n<li>S\u2019obre un per\u00edode extraordinari amb 2 reunions de Mesa General a la setmana per treballar l\u2019adequaci\u00f3 dels nostres Acords (Estem conven\u00e7ut que sense aquesta pressi\u00f3 mai s\u2019hagu\u00e9s aconseguit un calendari tan ampli).<\/li>\n<\/ul>\n<p><span style=\"font-size: 18pt\"><strong>AQUEST CANVI D\u2019ACTITUD DE LA DIBA\u00a0 \u00c9S RESULTAT DIRECTE DE LA MOBILITZACI\u00d3 DEL PERSONAL<\/strong><\/span><\/p>\n<p>Del MAJOR ATAC MAI PATIT PELS NOSTRES DRETS passem al MAJOR CALENDARI DE NEGOCIACI\u00d3 MAI PROPOSAT A LA DIBA (8 al mes d\u2019octubre).\u00a0<strong>Aix\u00f2 nom\u00e9s s\u2019aconsegueix amb la for\u00e7a de tots i totes.\u00a0<\/strong>ARA TOCA TREBALLAR<strong>\u00a0\u00a0\u00a0\u00a0\u00a0\u00a0\u00a0\u00a0\u00a0\u00a0\u00a0\u00a0\u00a0\u00a0\u00a0\u00a0\u00a0\u00a0\u00a0\u00a0\u00a0\u00a0\u00a0\u00a0\u00a0\u00a0<\/strong><\/p>\n<p>Ara tocar treballar totes i tots plegats, sense condicionaments previs, per respondre als\u00a0q\u00fcestionaments\u00a0i dubtes sorgits arran de l\u2019Informe de la Sindicatura.<\/p>\n<p><strong>CCOO tenim propostes<\/strong>\u00a0que estem segurs poden contribuir a resoldre la situaci\u00f3. Ja estem estudiant aquest tema amb\u00a0<strong>els nostres serveis jur\u00eddics<\/strong>\u00a0i a m\u00e9s, gr\u00e0cies al Sector de l\u2019Administraci\u00f3 Local (SAL) de CCOO-Catalunya, estem\u00a0<strong>treballant en xarxa amb totes les seccions sindicals d\u2019ajuntaments<\/strong>\u00a0de la demarcaci\u00f3.<\/p>\n<p style=\"text-align: center\"><span style=\"font-size: 18pt\"><strong>TOT EST\u00c0 PER FER <\/strong><\/span><\/p>\n<p style=\"text-align: center\"><span style=\"font-size: 14pt\"><strong>CONSIDERACIONS\u00a0IMPORTANTS<\/strong><\/span><\/p>\n<p>CCOO volem donar per solucionat aquest tema quan abans millor. S\u2019ha de tenir en compte que tot i que els nostres Acords s\u00f3n plenament vigents,\u00a0<strong>la\u00a0DiBa\u00a0t\u00e9 intenci\u00f3 de paralitzar els expedients fins que no s\u2019arribi a un nou Acord.<\/strong>\u00a0AIX\u00d2 VOL DIR QUE, TOT I QUE EL PERSONAL HAGI DEMANAT L\u2019INCENTIU PER JUBILACI\u00d3 O EL PREMI PER ANYS DE SERVEI,\u00a0<strong>NO EL COBRAR\u00c0 DE MOMENT.<\/strong><\/p>\n<p>La Diputaci\u00f3 va respondre negativament a la nostra petici\u00f3 de que es fessin els pagaments a tothom de manera normal tot i el proc\u00e9s negociador obert.<\/p>\n<p>Aix\u00ed, com que els Acords s\u00f3n vigents,\u00a0<strong>el personal a qui els pertoqui ha de fer les sol\u00b7licituds oportunes<\/strong>. Si\u00a0Intradiba\u00a0no ho permet, recomanem que ho sol\u00b7liciteu mitjan\u00e7ant una inst\u00e0ncia normalitzada. Si ja l\u2019heu demanat i no obteniu resposta,\u00a0<strong>abans d\u2019emprendre qualsevol altra mesura, us demanem que us poseu en contacte amb els sindicats.<\/strong><\/p>\n<p>Ara b\u00e9 i, concretament,\u00a0<strong>respecte al personal que va fer les sol\u00b7licituds abans del 31 de juliol,<\/strong>\u00a0CCOO hem demanat\u00a0<strong>que el Ple de Diputaci\u00f3 faci un decret que permeti fer els pagaments.\u00a0<\/strong>L\u2019Informe de la Sindicatura va entrar per registre en aquesta data, per tant entenem que no pot haver-hi cap objecci\u00f3 \u201clegal\u201d a tirar endavant aquests expedients.<\/p>\n<p>Concloent: des de CCOO entenem que\u00a0s\u2019ha avan\u00e7at per\u00f2 ho\u00a0hem de tenir clar: Encara tot est\u00e0 per fer. Per tant,\u00a0<strong>hem de mantenir\u00a0la pressi\u00f3 i mobilitzaci\u00f3\u00a0fins\u00a0aconseguir\u00a0els\u00a0objectius\u00a0que\u00a0ens hem\u00a0marcat.<\/strong>\u00a0En aquest sentit, esteu atents a les pr\u00f2ximes convocat\u00f2ries.<\/p>\n<p style=\"text-align: center\"><strong>NO\u00a0 A LA SUSPENSI\u00d3 DELS ACORDS!<\/strong><\/p>\n<p style=\"text-align: center\"><strong>MOBILITZACI\u00d3 I NEGOCIACI\u00d3\u00a0<\/strong><\/p>\n<p style=\"text-align: center\"><strong>no renunciem a cap eina sindical!<\/strong><\/p>\n<p style=\"text-align: center\">* \u00a0* \u00a0* \u00a0* \u00a0*<\/p>\n<p><img loading=\"lazy\" decoding=\"async\" class=\"alignleft wp-image-226\" src=\"http:\/\/ccoo.app\/diputacio-de-barcelona\/wp-content\/blogs.dir\/6\/files\/sites\/186\/2016\/04\/estem-decidits-acontinuar-lluitant.png\" alt=\"Estem decidits a continuar lluitant !\" width=\"213\" height=\"89\" \/><\/p>\n<p><img loading=\"lazy\" decoding=\"async\" class=\"wp-image-262 alignright\" src=\"http:\/\/ccoo.app\/diputacio-de-barcelona\/wp-content\/blogs.dir\/6\/files\/sites\/186\/2016\/04\/afiliat_ccoo_cat.gif\" alt=\"Tota la informaci\u00f3 de com afiliar-se a CCOO Catalunya i forlmulari d'alta o baxia.\" width=\"90\" height=\"80\" \/><\/p>\n<p><img loading=\"lazy\" decoding=\"async\" class=\"wp-image-227 aligncenter\" src=\"http:\/\/ccoo.app\/diputacio-de-barcelona\/wp-content\/blogs.dir\/6\/files\/sites\/186\/2016\/04\/logo-peu-300x69.png\" alt=\"logo-peu\" width=\"952\" height=\"219\" srcset=\"https:\/\/ccoo.app\/diputacio-de-barcelona\/wp-content\/blogs.dir\/6\/files\/sites\/186\/2016\/04\/logo-peu-300x69.png 300w, https:\/\/ccoo.app\/diputacio-de-barcelona\/wp-content\/blogs.dir\/6\/files\/sites\/186\/2016\/04\/logo-peu.png 557w\" sizes=\"auto, (max-width: 952px) 100vw, 952px\" \/><\/p>\n<p style=\"text-align: center\"><small><\/small><small>Formulari d&#8217;<a href=\"\/afiliat\/\">alta<\/a>, <a href=\"\/afiliat\/\">baixa <\/a>o <a href=\"\/afiliat\/\">modificaci\u00f3 <\/a>de les dades personals o<br \/>\ncontacta&#8217;ns a trav\u00e9s del tel\u00e8fon<strong> 934 022 985<\/strong> o correu: <a href=\"mailto:ccoo@diba.cat\"><strong>ccoo@diba.cat<\/strong><\/a><\/small><\/p>\n","protected":false},"excerpt":{"rendered":"<p>&nbsp; Secci\u00f3 Sindical de la Diputaci\u00f3 de Barcelona LA UNITAT, FOR\u00c7A I LLUITA\u00a0DE LA PLANTILLA AVANCEM! -26 SETEMBRE DE 2017- &nbsp; Recordem que a la primera Mesa de Negociaci\u00f3 la &#8230; <\/p>\n<p class=\"read-more-container\"><a title=\"LA UNITAT, FOR\u00c7A I LLUITA\u00a0DE LA PLANTILLA. AVANCEM!\" class=\"read-more button\" href=\"https:\/\/ccoo.app\/diputacio-de-barcelona\/la-unitat-forca-i-lluita-de-la-plantilla-avancem\/#more-1726\" aria-label=\"Leer m\u00e1s sobre LA UNITAT, FOR\u00c7A I LLUITA\u00a0DE LA PLANTILLA. AVANCEM!\">Continuar llegint<\/a><\/p>\n","protected":false},"author":4519,"featured_media":1734,"comment_status":"open","ping_status":"open","sticky":false,"template":"","format":"standard","meta":{"footnotes":""},"categories":[38,19,26,27,33],"tags":[132,148],"class_list":["post-1726","post","type-post","status-publish","format-standard","has-post-thumbnail","hentry","category-a-tot-el-personal","category-comunicats","category-mgn","category-millores-socials","category-propostes-sindicals","tag-jubilacions","tag-mesa-general-negociacio","generate-columns","tablet-grid-50","mobile-grid-100","grid-parent","grid-50"],"_links":{"self":[{"href":"https:\/\/ccoo.app\/diputacio-de-barcelona\/wp-json\/wp\/v2\/posts\/1726","targetHints":{"allow":["GET"]}}],"collection":[{"href":"https:\/\/ccoo.app\/diputacio-de-barcelona\/wp-json\/wp\/v2\/posts"}],"about":[{"href":"https:\/\/ccoo.app\/diputacio-de-barcelona\/wp-json\/wp\/v2\/types\/post"}],"author":[{"embeddable":true,"href":"https:\/\/ccoo.app\/diputacio-de-barcelona\/wp-json\/wp\/v2\/users\/4519"}],"replies":[{"embeddable":true,"href":"https:\/\/ccoo.app\/diputacio-de-barcelona\/wp-json\/wp\/v2\/comments?post=1726"}],"version-history":[{"count":1,"href":"https:\/\/ccoo.app\/diputacio-de-barcelona\/wp-json\/wp\/v2\/posts\/1726\/revisions"}],"predecessor-version":[{"id":52216,"href":"https:\/\/ccoo.app\/diputacio-de-barcelona\/wp-json\/wp\/v2\/posts\/1726\/revisions\/52216"}],"wp:featuredmedia":[{"embeddable":true,"href":"https:\/\/ccoo.app\/diputacio-de-barcelona\/wp-json\/wp\/v2\/media\/1734"}],"wp:attachment":[{"href":"https:\/\/ccoo.app\/diputacio-de-barcelona\/wp-json\/wp\/v2\/media?parent=1726"}],"wp:term":[{"taxonomy":"category","embeddable":true,"href":"https:\/\/ccoo.app\/diputacio-de-barcelona\/wp-json\/wp\/v2\/categories?post=1726"},{"taxonomy":"post_tag","embeddable":true,"href":"https:\/\/ccoo.app\/diputacio-de-barcelona\/wp-json\/wp\/v2\/tags?post=1726"}],"curies":[{"name":"wp","href":"https:\/\/api.w.org\/{rel}","templated":true}]}}