{"id":1722,"date":"2017-10-09T09:13:05","date_gmt":"2017-10-09T08:13:05","guid":{"rendered":"https:\/\/diba.ccoo.cat\/?p=1722"},"modified":"2023-02-22T19:14:29","modified_gmt":"2023-02-22T18:14:29","slug":"acors-assemblea-19-de-setembre-2017","status":"publish","type":"post","link":"https:\/\/ccoo.app\/diputacio-de-barcelona\/acors-assemblea-19-de-setembre-2017\/","title":{"rendered":"ACORDS ASSEMBLEA 19 DE SETEMBRE 2017"},"content":{"rendered":"<p>&nbsp;<\/p>\n<p><img loading=\"lazy\" decoding=\"async\" class=\"wp-image-189\" title=\"Secci\u00f3 Sindical de la Diutaci\u00f3 de Barcelona de la Federaci\u00f3 Sindical de Catalunya\" src=\"http:\/\/ccoo.app\/diputacio-de-barcelona\/wp-content\/blogs.dir\/6\/files\/sites\/186\/2015\/12\/ccoo-fsc-cat.png\" alt=\"Secci\u00f3 Sindical de la Diputaci\u00f3 de Barcelona de la Federaci\u00f3 Sindical de Catalunya\" width=\"469\" height=\"90\" \/><\/p>\n<p class=\"wp-caption-text\">Secci\u00f3 Sindical de la Diputaci\u00f3 de Barcelona<\/p>\n<p>&nbsp;<\/p>\n<h3 style=\"text-align: center\"><span style=\"color: #ff0000\">\u00a0ACORDS PRESOS A L&#8217;ASSEMBLEA GENERAL DE TREBALLADORS I TREBALLADORES DE LA DIPUTACI\u00d3\u00a0CELEBRADA AHIR A URGELL<\/span><\/h3>\n<p style=\"text-align: center\"><span style=\"color: #ff0000\">-20 SETEMBRE DE 2017-<\/span><\/p>\n<p style=\"text-align: justify\">Us informem que a l&#8217;Assemblea General realitzada ahir al Recinte de l&#8217;Escola Industrial es van adoptar de forma col\u00b7lectiva DOS acords:<\/p>\n<p style=\"text-align: justify\"><strong>Primer:<\/strong><\/p>\n<p style=\"text-align: justify\">Mandatar als sindicats convocants d&#8217;aquesta Assemblea a tirar endavant de forma immediata un CALENDARI DE MOBILITZACIONS CONJUNTES adre\u00e7at a fer desistir la Diputaci\u00f3 de suspendre els nostres drets i a garantir que els articles de l&#8217;Acord marc i del Conveni posats en q\u00fcesti\u00f3 quedin assegurats.<\/p>\n<p style=\"text-align: justify\">Aquest acord es va prendre pr\u00e0cticament per unanimitat dels i les assistents als dos torns de l&#8217;Assemblea (nom\u00e9s amb dues abstencions al de la tarda).<\/p>\n<p style=\"text-align: justify\"><strong>Segon:<\/strong><\/p>\n<p style=\"text-align: justify\">Mandatar els sindicats convocants d&#8217;aquesta Assemblea a convocar una o diverses JORNADES DE VAGA en el cas que la Diputaci\u00f3 porti al ple de forma unilateral la suspensi\u00f3 d&#8217;articles de l&#8217;Acord Marc i el Conveni sense que hi hagi hagut un acord previ en Mesa de Negociaci\u00f3 per a assegurar els drets regulats en els mateixos.<\/p>\n<p style=\"text-align: justify\">Aquest acord es va prendre per una \u00e0mplia majoria dels i les assistents (un 64,5% de vots a favor d&#8217;aquesta proposta, sumant els vots del mat\u00ed i la tarda).<\/p>\n<p style=\"text-align: justify\"><strong>Per tant, tenim un mandat d&#8217;Assemblea, i el comprom\u00eds de les nostres Seccions Sindicals de tirar-lo endavant. <\/strong><\/p>\n<p style=\"text-align: justify\">Volem donar les gr\u00e0cies i felicitar als companys i companyes per la seva assist\u00e8ncia massiva, participaci\u00f3 a la mateixa i per la implicaci\u00f3 demostrada en la presa de decisions col\u00b7lectiva. Nom\u00e9s la unitat de la plantilla, la unitat de les treballadores i treballadors en lluita, podr\u00e0 fer que la defensa dels nostres drets i condicions de treball sigui efectiva, davant la pretensi\u00f3 de la Diputaci\u00f3 de retallar-los saltant per sobre del dret a la negociaci\u00f3 col\u00b7lectiva.<\/p>\n<figure id=\"attachment_1733\" aria-describedby=\"caption-attachment-1733\" style=\"width: 1014px\" class=\"wp-caption aligncenter\"><img loading=\"lazy\" decoding=\"async\" class=\"wp-image-1733 size-large\" src=\"http:\/\/ccoo.app\/diputacio-de-barcelona\/wp-content\/blogs.dir\/6\/files\/sites\/186\/2017\/10\/assemblea-19-09-2017-2-1024x759.jpg\" alt=\"Assemblea 19-09-2017 \" width=\"1024\" height=\"759\" srcset=\"https:\/\/ccoo.app\/diputacio-de-barcelona\/wp-content\/blogs.dir\/6\/files\/sites\/186\/2017\/10\/assemblea-19-09-2017-2-1024x759.jpg 1024w, https:\/\/ccoo.app\/diputacio-de-barcelona\/wp-content\/blogs.dir\/6\/files\/sites\/186\/2017\/10\/assemblea-19-09-2017-2-300x222.jpg 300w, https:\/\/ccoo.app\/diputacio-de-barcelona\/wp-content\/blogs.dir\/6\/files\/sites\/186\/2017\/10\/assemblea-19-09-2017-2-768x570.jpg 768w, https:\/\/ccoo.app\/diputacio-de-barcelona\/wp-content\/blogs.dir\/6\/files\/sites\/186\/2017\/10\/assemblea-19-09-2017-2.jpg 1153w\" sizes=\"auto, (max-width: 1024px) 100vw, 1024px\" \/><figcaption id=\"caption-attachment-1733\" class=\"wp-caption-text\">Assemblea 19-09-2017 en el moment de la votaci\u00f3.<\/figcaption><\/figure>\n<p style=\"text-align: justify\">\u00c9s hora, doncs, de mobilitzar-se. Fem una crida al suport mutu, a la solidaritat i a restar atents a les convocat\u00f2ries que es facin durant els propers dies i setmanes, i a secundar-les de forma massiva.<\/p>\n<p style=\"text-align: justify\">Aprofitem per fer-vos saber que la Diputaci\u00f3 ens ha convocat el divendres vinent a una nova reuni\u00f3 de Mesa General de Negociaci\u00f3 per a tractar el tema. Us informarem puntualment de qualsevol novetat.<\/p>\n<p style=\"text-align: justify\"><strong>Seccions Sindicals de CCOO i de la CGT a la Diputaci\u00f3 de Barcelona<\/strong><\/p>\n<p style=\"text-align: justify\">20 de setembre de 2017<\/p>\n<h3 style=\"text-align: center\"><\/h3>\n<p style=\"text-align: center\">* \u00a0* \u00a0* \u00a0* \u00a0*<\/p>\n<p><img loading=\"lazy\" decoding=\"async\" class=\"alignleft wp-image-226\" src=\"http:\/\/ccoo.app\/diputacio-de-barcelona\/wp-content\/blogs.dir\/6\/files\/sites\/186\/2016\/04\/estem-decidits-acontinuar-lluitant.png\" alt=\"Estem decidits a continuar lluitant !\" width=\"213\" height=\"89\" \/><\/p>\n<p><img loading=\"lazy\" decoding=\"async\" class=\"wp-image-262 alignright\" src=\"http:\/\/ccoo.app\/diputacio-de-barcelona\/wp-content\/blogs.dir\/6\/files\/sites\/186\/2016\/04\/afiliat_ccoo_cat.gif\" alt=\"Tota la informaci\u00f3 de com afiliar-se a CCOO Catalunya i forlmulari d'alta o baxia.\" width=\"90\" height=\"80\" \/><\/p>\n<p><img loading=\"lazy\" decoding=\"async\" class=\"wp-image-227 aligncenter\" src=\"http:\/\/ccoo.app\/diputacio-de-barcelona\/wp-content\/blogs.dir\/6\/files\/sites\/186\/2016\/04\/logo-peu-300x69.png\" alt=\"logo-peu\" width=\"952\" height=\"219\" srcset=\"https:\/\/ccoo.app\/diputacio-de-barcelona\/wp-content\/blogs.dir\/6\/files\/sites\/186\/2016\/04\/logo-peu-300x69.png 300w, https:\/\/ccoo.app\/diputacio-de-barcelona\/wp-content\/blogs.dir\/6\/files\/sites\/186\/2016\/04\/logo-peu.png 557w\" sizes=\"auto, (max-width: 952px) 100vw, 952px\" \/><\/p>\n<p style=\"text-align: center\"><small><\/small><small>Formulari d&#8217;<a href=\"\/afiliat\/\">alta<\/a>, <a href=\"\/afiliat\/\">baixa <\/a>o <a href=\"\/afiliat\/\">modificaci\u00f3 <\/a>de les dades personals o<br \/>\ncontacta&#8217;ns a trav\u00e9s del tel\u00e8fon<strong> 934 022 985<\/strong> o correu: <a href=\"mailto:ccoo@diba.cat\"><strong>ccoo@diba.cat<\/strong><\/a><\/small><\/p>\n","protected":false},"excerpt":{"rendered":"<p>&nbsp; Secci\u00f3 Sindical de la Diputaci\u00f3 de Barcelona &nbsp; \u00a0ACORDS PRESOS A L&#8217;ASSEMBLEA GENERAL DE TREBALLADORS I TREBALLADORES DE LA DIPUTACI\u00d3\u00a0CELEBRADA AHIR A URGELL -20 SETEMBRE DE 2017- Us informem &#8230; <\/p>\n<p class=\"read-more-container\"><a title=\"ACORDS ASSEMBLEA 19 DE SETEMBRE 2017\" class=\"read-more button\" href=\"https:\/\/ccoo.app\/diputacio-de-barcelona\/acors-assemblea-19-de-setembre-2017\/#more-1722\" aria-label=\"Leer m\u00e1s sobre ACORDS ASSEMBLEA 19 DE SETEMBRE 2017\">Continuar llegint<\/a><\/p>\n","protected":false},"author":4519,"featured_media":1733,"comment_status":"open","ping_status":"open","sticky":false,"template":"","format":"standard","meta":{"footnotes":""},"categories":[38,19,26,33],"tags":[148],"class_list":["post-1722","post","type-post","status-publish","format-standard","has-post-thumbnail","hentry","category-a-tot-el-personal","category-comunicats","category-mgn","category-propostes-sindicals","tag-mesa-general-negociacio","generate-columns","tablet-grid-50","mobile-grid-100","grid-parent","grid-50"],"_links":{"self":[{"href":"https:\/\/ccoo.app\/diputacio-de-barcelona\/wp-json\/wp\/v2\/posts\/1722","targetHints":{"allow":["GET"]}}],"collection":[{"href":"https:\/\/ccoo.app\/diputacio-de-barcelona\/wp-json\/wp\/v2\/posts"}],"about":[{"href":"https:\/\/ccoo.app\/diputacio-de-barcelona\/wp-json\/wp\/v2\/types\/post"}],"author":[{"embeddable":true,"href":"https:\/\/ccoo.app\/diputacio-de-barcelona\/wp-json\/wp\/v2\/users\/4519"}],"replies":[{"embeddable":true,"href":"https:\/\/ccoo.app\/diputacio-de-barcelona\/wp-json\/wp\/v2\/comments?post=1722"}],"version-history":[{"count":1,"href":"https:\/\/ccoo.app\/diputacio-de-barcelona\/wp-json\/wp\/v2\/posts\/1722\/revisions"}],"predecessor-version":[{"id":52212,"href":"https:\/\/ccoo.app\/diputacio-de-barcelona\/wp-json\/wp\/v2\/posts\/1722\/revisions\/52212"}],"wp:featuredmedia":[{"embeddable":true,"href":"https:\/\/ccoo.app\/diputacio-de-barcelona\/wp-json\/wp\/v2\/media\/1733"}],"wp:attachment":[{"href":"https:\/\/ccoo.app\/diputacio-de-barcelona\/wp-json\/wp\/v2\/media?parent=1722"}],"wp:term":[{"taxonomy":"category","embeddable":true,"href":"https:\/\/ccoo.app\/diputacio-de-barcelona\/wp-json\/wp\/v2\/categories?post=1722"},{"taxonomy":"post_tag","embeddable":true,"href":"https:\/\/ccoo.app\/diputacio-de-barcelona\/wp-json\/wp\/v2\/tags?post=1722"}],"curies":[{"name":"wp","href":"https:\/\/api.w.org\/{rel}","templated":true}]}}