{"id":1683,"date":"2017-07-24T09:46:20","date_gmt":"2017-07-24T08:46:20","guid":{"rendered":"https:\/\/diba.ccoo.cat\/?p=1683"},"modified":"2023-02-22T19:14:39","modified_gmt":"2023-02-22T18:14:39","slug":"recordatoris-importants-i-peticions","status":"publish","type":"post","link":"https:\/\/ccoo.app\/diputacio-de-barcelona\/recordatoris-importants-i-peticions\/","title":{"rendered":"RECORDATORIS IMPORTANTS I PETICIONS"},"content":{"rendered":"<div id=\"pl-1683\" class=\"panel-layout\">\n<div id=\"pg-1683-0\" class=\"panel-grid panel-no-style\">\n<div id=\"pgc-1683-0-0\" class=\"panel-grid-cell\">\n<div id=\"panel-1683-0-0-0\" class=\"so-panel widget widget_sow-editor panel-first-child panel-last-child\">\n<div class=\"so-widget-sow-editor so-widget-sow-editor-base\">\n<div class=\"siteorigin-widget-tinymce textwidget\">\n<p>\u00a0<\/p>\n<figure id=\"attachment_189\" aria-describedby=\"caption-attachment-189\" style=\"width: 459px\" class=\"wp-caption aligncenter\"><img loading=\"lazy\" decoding=\"async\" class=\"wp-image-189\" title=\"Secci\u00f3 Sindical de la Diutaci\u00f3 de Barcelona de la Federaci\u00f3 Sindical de Catalunya\" src=\"http:\/\/ccoo.app\/diputacio-de-barcelona\/wp-content\/blogs.dir\/6\/files\/sites\/186\/2015\/12\/ccoo-fsc-cat.png\" alt=\"Secci\u00f3 Sindical de la Diputaci\u00f3 de Barcelona de la Federaci\u00f3 Sindical de Catalunya\" width=\"469\" height=\"90\" \/><figcaption id=\"caption-attachment-189\" class=\"wp-caption-text\">Secci\u00f3 Sindical de la Diputaci\u00f3 de Barcelona<\/figcaption><\/figure>\n<h3 style=\"text-align: center\">\u00a0<\/h3>\n<\/div>\n<\/div>\n<\/div>\n<\/div>\n<\/div>\n<div id=\"pg-1683-1\" class=\"panel-grid panel-no-style\">\n<div id=\"pgc-1683-1-0\" class=\"panel-grid-cell\">\n<div id=\"panel-1683-1-0-0\" class=\"so-panel widget widget_sow-editor panel-first-child panel-last-child\">\n<div class=\"so-widget-sow-editor so-widget-sow-editor-base\">\n<div class=\"siteorigin-widget-tinymce textwidget\">\n<h1 style=\"text-align: center\"><span style=\"color: #ff0000\">RECORDATORIS IMPORTANTS I PETICIONS\u00a0<\/span><\/h1>\n<p><strong>El per\u00edode de preinscripci\u00f3 acaba aquest\u00a0divendres <u>dia\u00a0<\/u><u>21 de juliol<\/u><\/strong><\/p>\n<p><span style=\"color: #3366ff\"><a href=\"http:\/\/intradiba.diba.cat\/web\/noticies\/-\/curs-de-preparacio-per-a-la-provisio-de-places-d-administratiu\">http:\/\/intradiba.diba.cat\/web\/noticies\/-\/curs-de-preparacio-per-a-la-provisio-de-places-d-administratiu<\/a><\/span><\/p>\n<p>\u00a0<\/p>\n<p><strong>Presentaci\u00f3 de sol\u00b7licituds finalitza el\u00a0divendres\u00a0<u>28 de juliol<\/u><\/strong><\/p>\n<p><span style=\"color: #3366ff\"><a href=\"https:\/\/seuelectronica.diba.cat\/tramits-ciutadania\/recursos-humans\/tramits\/trc_005.asp\">https:\/\/seuelectronica.diba.cat\/tramits-ciutadania\/recursos-humans\/tramits\/trc_005.asp<\/a><\/span><\/p>\n<p>\u00a0<\/p>\n<p><strong>Aclariments respecte als\u00a0<\/strong>antecedents per\u00a0delictes de naturalesa sexual i el\u00a0Model de declaraci\u00f3 responsable:\u00a0<span>\u00a0<\/span><\/p>\n<p>Tal com ja us vam dir, a falta de\u00a0la\u00a0certificaci\u00f3 oficial s\u2019accepta la presentaci\u00f3 del document de declaraci\u00f3 responsable. Des de\u00a0DSRH\u00a0ens informen que tot i que el document en principi t\u00e9 una validesa de 30 dies, no s\u2019aplicar\u00e0 aquest termini tenint en compte que ja estem en ple estiu.\u00a0De fet, ens indiquen que especialment pels que ja treballen habitualment s\u2019intentar\u00e0 des de la Diputaci\u00f3\u00a0obtenir les dades d\u2019ofici.<span>\u00a0<\/span><\/p>\n<p>Des de CCOO recomanem que una vegada passat l\u2019estiu, us informeu al respecte per veure que heu de fer. Us\u00a0proporcionem un n\u00famero de tel\u00e8fon directe de Selecci\u00f3 a efectes\u00a0de\u00a0que tota persona interessada pugui aclarir qualsevol dubte\u00a0que tingui d\u2019aquest o d\u2019altres temes relacionats\u00a0(93 404 92 71).<span>\u00a0<\/span><\/p>\n<p>Avui, a la sessi\u00f3 del Ple de la Diputaci\u00f3 de Barcelona s\u2019aprovar\u00e0 el Dictamen sobre l\u2019increment d\u2019un 1 per cent de les retribucions amb efecte a partir de l\u20191 de gener .\u00a0<span>\u00a0<\/span><\/p>\n<p>Recordeu que ho veurem reflectit en la majoria de conceptes a la nomina de setembre. Factors com els festius entre d\u2019altres s\u2019actualitzaran entre el mes d\u2019octubre i novembre.<span>\u00a0<\/span><\/p>\n<p>Recordeu que\u00a0el termini per presentar sol\u00b7licituds adjuntant la justificaci\u00f3 de la despesa acaba el 29 de setembre de 2017.<span>\u00a0<\/span><\/p>\n<p>S\u2019ha de justificar despesa fins a 200\u20ac.<span>\u00a0<\/span><\/p>\n<p>Ahir la Junta de Personal va enviar un comunicat donant m\u00e9s detalls.\u00a0<span>\u00a0<\/span><\/p>\n<p>D\u2019acord amb la sent\u00e8ncia del jutjat contenci\u00f3s administratiu numero 2 de La Corunya que indica que no pot haver discriminaci\u00f3 entre el personal laboral i el personal funcionari, CCOO hem tornat a demanar que d\u2019ofici la Diputaci\u00f3 de Barcelona indemnitzi al personal cada vegada que finalitzi la seva relaci\u00f3 laboral.<span>\u00a0<\/span><\/p>\n<p><span style=\"color: #3366ff\"><a href=\"http:\/\/cemical.diba.cat\/a-fitxers\/indemnizacion_profesor_interinoEX10_07_17.pdf\">http:\/\/cemical.diba.cat\/a-fitxers\/indemnizacion_profesor_interinoEX10_07_17.pdf<\/a>\u00a0<\/span><\/p>\n<p>CCOO promou accions judicials per a la reclamaci\u00f3 de les indemnitzacions no pagades amb una retroactivitat de fins a 4 anys enrere.\u00a0(Article 25 de la Llei 47\/2003, de 26 de novembre).\u00a0Tot i aix\u00f2, hem demanat que la Diputaci\u00f3 no obligui al seu personal temporal a utilitzar la via judicial i reconegui, es a dir pagui, les indemnitzacions corresponents.\u00a0<span>\u00a0<\/span><\/p>\n<p><span>Hem demanat que s\u2019habiliti un acc\u00e9s per a persones en mobilitat redu\u00efda<\/span>\u00a0des de la pla\u00e7a\u00a0Manuel Baldrich (on es troba la parada de bus) fins a l\u2019edifici\u00a0Serradell.<\/p>\n<p>D\u2019aquesta manera, tant usuaris del\u00a0Servei d\u2019Estades Temporals per a Discapacitat Intel\u00b7lectual\u00a0i les seves fam\u00edlies, aix\u00ed com a el personal que hi treballa puguin accedir-hi\u00a0m\u00e9s f\u00e0cilment.\u00a0<span>\u00a0<\/span><\/p>\n<p>Actualment, per exemple la persona que sigui aut\u00f2noma per\u00f2 vagi en cadira de rodes\u00a0i vingui en Metro\u00a0ha de donar\u00a0una gran volta que s\u2019evitaria si es fes una actuaci\u00f3 al lloc que hem indicat<\/p>\n<p style=\"text-align: center\">* \u00a0* \u00a0* \u00a0* \u00a0*<\/p>\n<\/div>\n<\/div>\n<\/div>\n<\/div>\n<\/div>\n<div id=\"pg-1683-2\" class=\"panel-grid panel-no-style\">\n<div id=\"pgc-1683-2-0\" class=\"panel-grid-cell\">\n<div id=\"panel-1683-2-0-0\" class=\"so-panel widget widget_sow-editor panel-first-child panel-last-child\">\n<div class=\"so-widget-sow-editor so-widget-sow-editor-base\">\n<div class=\"siteorigin-widget-tinymce textwidget\">\n<p><img loading=\"lazy\" decoding=\"async\" class=\"alignleft wp-image-226\" src=\"http:\/\/ccoo.app\/diputacio-de-barcelona\/wp-content\/blogs.dir\/6\/files\/sites\/186\/2016\/04\/estem-decidits-acontinuar-lluitant.png\" alt=\"Estem decidits a continuar lluitant !\" width=\"213\" height=\"89\" \/><\/p>\n<p><img loading=\"lazy\" decoding=\"async\" class=\"wp-image-262 alignright\" src=\"http:\/\/ccoo.app\/diputacio-de-barcelona\/wp-content\/blogs.dir\/6\/files\/sites\/186\/2016\/04\/afiliat_ccoo_cat.gif\" alt=\"Tota la informaci\u00f3 de com afiliar-se a CCOO Catalunya i forlmulari d'alta o baxia.\" width=\"90\" height=\"80\" \/><\/p>\n<p><img loading=\"lazy\" decoding=\"async\" class=\"wp-image-227 aligncenter\" src=\"http:\/\/ccoo.app\/diputacio-de-barcelona\/wp-content\/blogs.dir\/6\/files\/sites\/186\/2016\/04\/logo-peu-300x69.png\" alt=\"logo-peu\" width=\"952\" height=\"219\" srcset=\"https:\/\/ccoo.app\/diputacio-de-barcelona\/wp-content\/blogs.dir\/6\/files\/sites\/186\/2016\/04\/logo-peu-300x69.png 300w, https:\/\/ccoo.app\/diputacio-de-barcelona\/wp-content\/blogs.dir\/6\/files\/sites\/186\/2016\/04\/logo-peu.png 557w\" sizes=\"auto, (max-width: 952px) 100vw, 952px\" \/><\/p>\n<p style=\"text-align: center\"><small><\/small><small>Formulari d&#8217;<a href=\"\/afiliat\/\">alta<\/a>, <a href=\"\/afiliat\/\">baixa <\/a>o <a href=\"\/afiliat\/\">modificaci\u00f3 <\/a>de les dades personals o<br \/> contacta&#8217;ns a trav\u00e9s del tel\u00e8fon<strong> 934 022 985<\/strong> o correu: <a href=\"mailto:ccoo@diba.cat\"><strong>ccoo@diba.cat<\/strong><\/a><\/small><\/p>\n<\/div>\n<\/div>\n<\/div>\n<\/div>\n<\/div>\n<\/div>\n","protected":false},"excerpt":{"rendered":"<p>\u00a0 \u00a0 RECORDATORIS IMPORTANTS I PETICIONS\u00a0 El per\u00edode de preinscripci\u00f3 acaba aquest\u00a0divendres dia\u00a021 de juliol http:\/\/intradiba.diba.cat\/web\/noticies\/-\/curs-de-preparacio-per-a-la-provisio-de-places-d-administratiu \u00a0 Presentaci\u00f3 de sol\u00b7licituds finalitza el\u00a0divendres\u00a028 de juliol https:\/\/seuelectronica.diba.cat\/tramits-ciutadania\/recursos-humans\/tramits\/trc_005.asp \u00a0 Aclariments respecte als\u00a0antecedents per\u00a0delictes &#8230; <\/p>\n<p class=\"read-more-container\"><a title=\"RECORDATORIS IMPORTANTS I PETICIONS\" class=\"read-more button\" href=\"https:\/\/ccoo.app\/diputacio-de-barcelona\/recordatoris-importants-i-peticions\/#more-1683\" aria-label=\"Leer m\u00e1s sobre RECORDATORIS IMPORTANTS I PETICIONS\">Continuar llegint<\/a><\/p>\n","protected":false},"author":4519,"featured_media":255,"comment_status":"open","ping_status":"open","sticky":false,"template":"","format":"standard","meta":{"footnotes":""},"categories":[38,16,19,27],"tags":[],"class_list":["post-1683","post","type-post","status-publish","format-standard","has-post-thumbnail","hentry","category-a-tot-el-personal","category-carrera-professional","category-comunicats","category-millores-socials","generate-columns","tablet-grid-50","mobile-grid-100","grid-parent","grid-50"],"_links":{"self":[{"href":"https:\/\/ccoo.app\/diputacio-de-barcelona\/wp-json\/wp\/v2\/posts\/1683","targetHints":{"allow":["GET"]}}],"collection":[{"href":"https:\/\/ccoo.app\/diputacio-de-barcelona\/wp-json\/wp\/v2\/posts"}],"about":[{"href":"https:\/\/ccoo.app\/diputacio-de-barcelona\/wp-json\/wp\/v2\/types\/post"}],"author":[{"embeddable":true,"href":"https:\/\/ccoo.app\/diputacio-de-barcelona\/wp-json\/wp\/v2\/users\/4519"}],"replies":[{"embeddable":true,"href":"https:\/\/ccoo.app\/diputacio-de-barcelona\/wp-json\/wp\/v2\/comments?post=1683"}],"version-history":[{"count":1,"href":"https:\/\/ccoo.app\/diputacio-de-barcelona\/wp-json\/wp\/v2\/posts\/1683\/revisions"}],"predecessor-version":[{"id":52219,"href":"https:\/\/ccoo.app\/diputacio-de-barcelona\/wp-json\/wp\/v2\/posts\/1683\/revisions\/52219"}],"wp:featuredmedia":[{"embeddable":true,"href":"https:\/\/ccoo.app\/diputacio-de-barcelona\/wp-json\/wp\/v2\/media\/255"}],"wp:attachment":[{"href":"https:\/\/ccoo.app\/diputacio-de-barcelona\/wp-json\/wp\/v2\/media?parent=1683"}],"wp:term":[{"taxonomy":"category","embeddable":true,"href":"https:\/\/ccoo.app\/diputacio-de-barcelona\/wp-json\/wp\/v2\/categories?post=1683"},{"taxonomy":"post_tag","embeddable":true,"href":"https:\/\/ccoo.app\/diputacio-de-barcelona\/wp-json\/wp\/v2\/tags?post=1683"}],"curies":[{"name":"wp","href":"https:\/\/api.w.org\/{rel}","templated":true}]}}