{"id":1677,"date":"2017-07-24T09:23:03","date_gmt":"2017-07-24T08:23:03","guid":{"rendered":"https:\/\/diba.ccoo.cat\/?p=1677"},"modified":"2023-02-22T19:14:40","modified_gmt":"2023-02-22T18:14:40","slug":"comunicat-pel-personal-del-territori-de-parcs-naturals","status":"publish","type":"post","link":"https:\/\/ccoo.app\/diputacio-de-barcelona\/comunicat-pel-personal-del-territori-de-parcs-naturals\/","title":{"rendered":"COMUNICAT PEL\u00a0PERSONAL DEL TERRITORI DE PARCS NATURALS"},"content":{"rendered":"<div id=\"pl-1677\" class=\"panel-layout\">\n<div id=\"pg-1677-0\" class=\"panel-grid panel-no-style\">\n<div id=\"pgc-1677-0-0\" class=\"panel-grid-cell\">\n<div id=\"panel-1677-0-0-0\" class=\"so-panel widget widget_sow-editor panel-first-child panel-last-child\">\n<div class=\"so-widget-sow-editor so-widget-sow-editor-base\">\n<div class=\"siteorigin-widget-tinymce textwidget\">\n<p>\u00a0<\/p>\n<figure id=\"attachment_189\" aria-describedby=\"caption-attachment-189\" style=\"width: 459px\" class=\"wp-caption aligncenter\"><img loading=\"lazy\" decoding=\"async\" class=\"wp-image-189\" title=\"Secci\u00f3 Sindical de la Diutaci\u00f3 de Barcelona de la Federaci\u00f3 Sindical de Catalunya\" src=\"http:\/\/ccoo.app\/diputacio-de-barcelona\/wp-content\/blogs.dir\/6\/files\/sites\/186\/2015\/12\/ccoo-fsc-cat.png\" alt=\"Secci\u00f3 Sindical de la Diputaci\u00f3 de Barcelona de la Federaci\u00f3 Sindical de Catalunya\" width=\"469\" height=\"90\" \/><figcaption id=\"caption-attachment-189\" class=\"wp-caption-text\">Secci\u00f3 Sindical de la Diputaci\u00f3 de Barcelona<\/figcaption><\/figure>\n<h3 style=\"text-align: center\">\u00a0<\/h3>\n<\/div>\n<\/div>\n<\/div>\n<\/div>\n<\/div>\n<div id=\"pg-1677-1\" class=\"panel-grid panel-no-style\">\n<div id=\"pgc-1677-1-0\" class=\"panel-grid-cell\">\n<div id=\"panel-1677-1-0-0\" class=\"so-panel widget widget_sow-editor panel-first-child panel-last-child\">\n<div class=\"so-widget-sow-editor so-widget-sow-editor-base\">\n<div class=\"siteorigin-widget-tinymce textwidget\">\n<h1 style=\"text-align: center\"><span style=\"color: #ff0000\">COMUNICAT PEL\u00a0PERSONAL DEL TERRITORI DE PARCS NATURALS<\/span><\/h1>\n<p>Dijous 1 de Juny a Granollers va tenir lloc la 1\u00aa\u00a0assemblea de treballadors i treballadores\u00a0intercentres\u00a0de Parcs Naturals de la\u00a0DiBa.<\/p>\n<p>Amb una magn\u00edfica assist\u00e8ncia\u00a0vam poder trobar un \u00fanic espai on tinguessin pres\u00e8ncia i veu el personal de tots els parcs alhora.\u00a0A m\u00e9s,\u00a0tenint en compte que els assistents\u00a0portaven les aportacions dels que per raons de servei no havien pogut venir.<\/p>\n<p>Despr\u00e9s\u00a0d\u2019una assemblea de m\u00e9s de dues hores, es van\u00a0poder evidenciar moltes mancances del col\u00b7lectiu i es van recollir diferents propostes de millores.\u00a0<strong>Llavors CCOO, ens vam comprometre a fer arribar\u00a0aquestes reivindicacions\u00a0directament als\u00a0m\u00e0xims\u00a0responsables pol\u00edtics de la Diputaci\u00f3 de Barcelona.<\/strong>\u00a0<\/p>\n<p><strong>CCOO ENS REUNIM\u00a0AMB ELS DIPUTATS\u00a0DE L\u2019\u00c0REA<\/strong><\/p>\n<p>En els darrers dies, ens hem reunit amb:<\/p>\n<ul>\n<li>Dion\u00eds\u00a0Guiterasi Rubi\u00f3\u00a0(Vicepresident primer President delegat \u00c0rea Territori i Sostenibilitat)\u00a0\u00a0<\/li>\n<li>Jes\u00fas Calderer i Palau\u00a0(Diputat adjunt d&#8217;Espais Naturals).<\/li>\n<\/ul>\n<p>A continuaci\u00f3, podeu veure els temes que els hi vam exposar.<\/p>\n<p><strong><u>SISTEMES DE COMUNICACI\u00d3 I LOCALITZACI\u00d3\u00a0EFICA\u00c7OS<\/u><\/strong>\u00a0<\/p>\n<p>El\u00a0sistema\u00a0anal\u00f2gic actual\u00a0nom\u00e9s permet una comunicaci\u00f3 interna limitada, i en cap cas\u00a0la comunicaci\u00f3 est\u00e0 coordinada\u00a0amb altres cossos. Fins i tot, no hi ha coordinaci\u00f3 entre les oficines de la Diba, es a\u00a0dir, l\u2019Oficina de Prevenci\u00f3 d\u2019Incendis i Espais Naturals.<\/p>\n<p>Els actuals sistemes no permeten la\u00a0geolocalitzaci\u00f3\u00a0en cas de necessitat o urg\u00e8ncia. No estan\u00a0connectats\u00a0amb el 112.<\/p>\n<p>Els hi hem fet veure\u00a0que la seguretat del personal est\u00e0 en joc i per tant s\u2019ha d\u2019agilitzar les actuacions perqu\u00e8 el m\u00e9s aviat possible el col\u00b7lectiu disposi d\u2019un sistema que doni totes les garanties. A m\u00e9s que aix\u00f2 ajudaria a prestar un\u00a0servei m\u00e9s efectiu i de qualitat, podent passar d\u2019usuaris a servidors\u00a0eventuals\u00a0del 112 en l\u2019\u00e0mbit dels parcs de la Diputaci\u00f3.<\/p>\n<p><strong><u>PROTOCOL D\u2019ACTUACI\u00d3<\/u><\/strong><\/p>\n<p>Demanem disposar d\u2019un Protocol clar, espec\u00edfic i actualitzat\u00a0que indiqui com\u00a0s\u2019ha\u00a0d\u2019actuar davant les diferents situacions que\u00a0el personal es pot\u00a0trobar i tenint en compte les peculiaritats de cada parc.<\/p>\n<p>Que es treballi\u00a0nou protocol\u00a0obrint un proc\u00e9s participatiu on es tingui en compte al personal.\u00a0<\/p>\n<p><strong><u>DEMANEM M\u00c9S PERSONAL<\/u><\/strong><\/p>\n<p>Hi ha una clara manca de personal. Per la qual cosa, a m\u00e9s d\u2019incorporar m\u00e9s efectius, hem fet una petici\u00f3 que\u00a0entenem es podria executar\u00a0de manera immediata\u00a0i que no suposaria un cost econ\u00f2mic elevat:\u00a0<strong>q<\/strong>ue tots els \u201ccangurs\u201d passin d\u2019una jornada del 60 % a una del 100%.<\/p>\n<p>Hem insistit que s\u2019ha d\u2019evitar al m\u00e0xim que el personal tingui que treballar sol. En aquest sentit, s\u2019ha de cobrir amb personal totes les incid\u00e8ncies, baixes, permisos i abs\u00e8ncies encara que siguin de menys de 4 hores.\u00a0<\/p>\n<p><strong><u>M\u00c9S\u00a0<\/u><\/strong>I MILLOR\u00a0FORMACI\u00d3<\/p>\n<p>S\u2019ha\u00a0de realitzar formaci\u00f3 especifica d\u2019acord amb les funcions de cadasc\u00fa dels col\u00b7lectius.\u00a0La formaci\u00f3 ha de ser de qualitat,\u00a0tenir\u00a0continu\u00eftat, i hauria\u00a0de poder ser curricular.\u00a0Sempre tenint en compte que l\u2019itinerari formatiu\u00a0hauria d\u2019estar\u00a0consensuat amb el personal.<\/p>\n<p>Que el Pla de formaci\u00f3 inclogui formaci\u00f3 relacionada amb la\u00a0prevenci\u00f3\u00a0d&#8217;incendis, aix\u00ed com el reciclatge professional, a m\u00e9s d\u2019altres aspectes necessaris (com\u00a0actualitzacions normatives, t\u00e8cniques forestals, ofim\u00e0tica i\u00a0GIS, t\u00e8cniques en seguiments biol\u00f2gics, idiomes i \u00fas p\u00fablic, etc. en el cas del col\u00b7lectiu de guardes forestals).<\/p>\n<p><strong><u>EQUIPS DE PROTECCI\u00d3 INDIVIDUALS<\/u><\/strong><\/p>\n<p>Vam demanar que es revisi la dotaci\u00f3\u00a0d\u2019EPIs\u00a0d\u2019acord amb les funcions de cada col\u00b7lectiu, per\u00f2 cal determinar\u00a0quan abans\u00a0els protocols d\u2019actuaci\u00f3 segons els nous manuals de funcions,\u00a0per tal d\u2019adaptar-ne\u00a0els\u00a0EPI\u2019s.<\/p>\n<p>A m\u00e9s i de manera espec\u00edfica, hem demanat ulleres de sol (graduades si fos necessari) per a tot el personal com element imprescindible. Hem tornat a demanar la crema protectora INDIVIDUAL (cosa que hem demanat moltes vegades al Subcomit\u00e8 de Seguretat i Salut) i que es faci\u00a0amb\u00a0la suficient previsi\u00f3 perqu\u00e8 tothom en disposi abans de l\u2019estiu.\u00a0<\/p>\n<p><strong>CONCLUSIONS\u00a0<\/strong>Des de CCOO\u00a0DiBa, valorem positivament la reuni\u00f3, la qual s\u2019ha mantingut en un ambient cordial i receptiu.\u00a0Els m\u00e0xims\u00a0responsables de l\u2019\u00c0rea han pogut con\u00e8ixer de primera m\u00e0 les mancances del col\u00b7lectiu i les seves demandes. Entenem que ara, els hi toca articular els mecanismes adients perqu\u00e8, en els \u00e0mbits que corresponguin, es puguin implementar aquestes reivindicacions.<\/p>\n<h3 style=\"text-align: center\">Totes les propostes que hem fet tenen un \u00fanic objectiu: millorar la seguretat del personal i la qualitat del servei que es presta als Parcs. Estem conven\u00e7uts que aquest \u00e9s un objectiu compartit i per tant haurien de ser assumibles el m\u00e9s aviat possible per part de la corporaci\u00f3.<\/h3>\n<p style=\"text-align: center\">* \u00a0* \u00a0* \u00a0* \u00a0*<\/p>\n<\/div>\n<\/div>\n<\/div>\n<\/div>\n<\/div>\n<div id=\"pg-1677-2\" class=\"panel-grid panel-no-style\">\n<div id=\"pgc-1677-2-0\" class=\"panel-grid-cell\">\n<div id=\"panel-1677-2-0-0\" class=\"so-panel widget widget_sow-editor panel-first-child panel-last-child\">\n<div class=\"so-widget-sow-editor so-widget-sow-editor-base\">\n<div class=\"siteorigin-widget-tinymce textwidget\">\n<p><img loading=\"lazy\" decoding=\"async\" class=\"alignleft wp-image-226\" src=\"http:\/\/ccoo.app\/diputacio-de-barcelona\/wp-content\/blogs.dir\/6\/files\/sites\/186\/2016\/04\/estem-decidits-acontinuar-lluitant.png\" alt=\"Estem decidits a continuar lluitant !\" width=\"213\" height=\"89\" \/><\/p>\n<p><img loading=\"lazy\" decoding=\"async\" class=\"wp-image-262 alignright\" src=\"http:\/\/ccoo.app\/diputacio-de-barcelona\/wp-content\/blogs.dir\/6\/files\/sites\/186\/2016\/04\/afiliat_ccoo_cat.gif\" alt=\"Tota la informaci\u00f3 de com afiliar-se a CCOO Catalunya i forlmulari d'alta o baxia.\" width=\"90\" height=\"80\" \/><\/p>\n<p><img loading=\"lazy\" decoding=\"async\" class=\"wp-image-227 aligncenter\" src=\"http:\/\/ccoo.app\/diputacio-de-barcelona\/wp-content\/blogs.dir\/6\/files\/sites\/186\/2016\/04\/logo-peu-300x69.png\" alt=\"logo-peu\" width=\"952\" height=\"219\" srcset=\"https:\/\/ccoo.app\/diputacio-de-barcelona\/wp-content\/blogs.dir\/6\/files\/sites\/186\/2016\/04\/logo-peu-300x69.png 300w, https:\/\/ccoo.app\/diputacio-de-barcelona\/wp-content\/blogs.dir\/6\/files\/sites\/186\/2016\/04\/logo-peu.png 557w\" sizes=\"auto, (max-width: 952px) 100vw, 952px\" \/><\/p>\n<p style=\"text-align: center\"><small><\/small><small>Formulari d&#8217;<a href=\"\/afiliat\/\">alta<\/a>, <a href=\"\/afiliat\/\">baixa <\/a>o <a href=\"\/afiliat\/\">modificaci\u00f3 <\/a>de les dades personals o<br \/> contacta&#8217;ns a trav\u00e9s del tel\u00e8fon<strong> 934 022 985<\/strong> o correu: <a href=\"mailto:ccoo@diba.cat\"><strong>ccoo@diba.cat<\/strong><\/a><\/small><\/p>\n<\/div>\n<\/div>\n<\/div>\n<\/div>\n<\/div>\n<\/div>\n","protected":false},"excerpt":{"rendered":"<p>\u00a0 \u00a0 COMUNICAT PEL\u00a0PERSONAL DEL TERRITORI DE PARCS NATURALS Dijous 1 de Juny a Granollers va tenir lloc la 1\u00aa\u00a0assemblea de treballadors i treballadores\u00a0intercentres\u00a0de Parcs Naturals de la\u00a0DiBa. Amb una &#8230; <\/p>\n<p class=\"read-more-container\"><a title=\"COMUNICAT PEL\u00a0PERSONAL DEL TERRITORI DE PARCS NATURALS\" class=\"read-more button\" href=\"https:\/\/ccoo.app\/diputacio-de-barcelona\/comunicat-pel-personal-del-territori-de-parcs-naturals\/#more-1677\" aria-label=\"Leer m\u00e1s sobre COMUNICAT PEL\u00a0PERSONAL DEL TERRITORI DE PARCS NATURALS\">Continuar llegint<\/a><\/p>\n","protected":false},"author":4519,"featured_media":255,"comment_status":"open","ping_status":"open","sticky":false,"template":"","format":"standard","meta":{"footnotes":""},"categories":[38,19,20,33,35],"tags":[172],"class_list":["post-1677","post","type-post","status-publish","format-standard","has-post-thumbnail","hentry","category-a-tot-el-personal","category-comunicats","category-cursos","category-propostes-sindicals","category-salut-laboral","tag-parcs-naturals","generate-columns","tablet-grid-50","mobile-grid-100","grid-parent","grid-50"],"_links":{"self":[{"href":"https:\/\/ccoo.app\/diputacio-de-barcelona\/wp-json\/wp\/v2\/posts\/1677","targetHints":{"allow":["GET"]}}],"collection":[{"href":"https:\/\/ccoo.app\/diputacio-de-barcelona\/wp-json\/wp\/v2\/posts"}],"about":[{"href":"https:\/\/ccoo.app\/diputacio-de-barcelona\/wp-json\/wp\/v2\/types\/post"}],"author":[{"embeddable":true,"href":"https:\/\/ccoo.app\/diputacio-de-barcelona\/wp-json\/wp\/v2\/users\/4519"}],"replies":[{"embeddable":true,"href":"https:\/\/ccoo.app\/diputacio-de-barcelona\/wp-json\/wp\/v2\/comments?post=1677"}],"version-history":[{"count":1,"href":"https:\/\/ccoo.app\/diputacio-de-barcelona\/wp-json\/wp\/v2\/posts\/1677\/revisions"}],"predecessor-version":[{"id":52220,"href":"https:\/\/ccoo.app\/diputacio-de-barcelona\/wp-json\/wp\/v2\/posts\/1677\/revisions\/52220"}],"wp:featuredmedia":[{"embeddable":true,"href":"https:\/\/ccoo.app\/diputacio-de-barcelona\/wp-json\/wp\/v2\/media\/255"}],"wp:attachment":[{"href":"https:\/\/ccoo.app\/diputacio-de-barcelona\/wp-json\/wp\/v2\/media?parent=1677"}],"wp:term":[{"taxonomy":"category","embeddable":true,"href":"https:\/\/ccoo.app\/diputacio-de-barcelona\/wp-json\/wp\/v2\/categories?post=1677"},{"taxonomy":"post_tag","embeddable":true,"href":"https:\/\/ccoo.app\/diputacio-de-barcelona\/wp-json\/wp\/v2\/tags?post=1677"}],"curies":[{"name":"wp","href":"https:\/\/api.w.org\/{rel}","templated":true}]}}