{"id":1669,"date":"2017-07-18T09:03:26","date_gmt":"2017-07-18T08:03:26","guid":{"rendered":"https:\/\/diba.ccoo.cat\/?p=1669"},"modified":"2023-02-22T19:14:42","modified_gmt":"2023-02-22T18:14:42","slug":"convocatoria-promocio-interna-p-0114-administratiu","status":"publish","type":"post","link":"https:\/\/ccoo.app\/diputacio-de-barcelona\/convocatoria-promocio-interna-p-0114-administratiu\/","title":{"rendered":"CONVOCAT\u00d2RIA PROMOCI\u00d3 INTERNA P-01\/14 ADMINISTRATIU"},"content":{"rendered":"<div id=\"pl-1669\" class=\"panel-layout\">\n<div id=\"pg-1669-0\" class=\"panel-grid panel-no-style\">\n<div id=\"pgc-1669-0-0\" class=\"panel-grid-cell\">\n<div id=\"panel-1669-0-0-0\" class=\"so-panel widget widget_sow-editor panel-first-child panel-last-child\">\n<div class=\"so-widget-sow-editor so-widget-sow-editor-base\">\n<div class=\"siteorigin-widget-tinymce textwidget\">\n<p>\u00a0<\/p>\n<figure id=\"attachment_189\" aria-describedby=\"caption-attachment-189\" style=\"width: 459px\" class=\"wp-caption aligncenter\"><img loading=\"lazy\" decoding=\"async\" class=\"wp-image-189\" title=\"Secci\u00f3 Sindical de la Diutaci\u00f3 de Barcelona de la Federaci\u00f3 Sindical de Catalunya\" src=\"http:\/\/ccoo.app\/diputacio-de-barcelona\/wp-content\/blogs.dir\/6\/files\/sites\/186\/2015\/12\/ccoo-fsc-cat.png\" alt=\"Secci\u00f3 Sindical de la Diputaci\u00f3 de Barcelona de la Federaci\u00f3 Sindical de Catalunya\" width=\"469\" height=\"90\" \/><figcaption id=\"caption-attachment-189\" class=\"wp-caption-text\">Secci\u00f3 Sindical de la Diputaci\u00f3 de Barcelona<\/figcaption><\/figure>\n<h3 style=\"text-align: center\">\u00a0<\/h3>\n<\/div>\n<\/div>\n<\/div>\n<\/div>\n<\/div>\n<div id=\"pg-1669-1\" class=\"panel-grid panel-no-style\">\n<div id=\"pgc-1669-1-0\" class=\"panel-grid-cell\">\n<div id=\"panel-1669-1-0-0\" class=\"so-panel widget widget_sow-editor panel-first-child panel-last-child\">\n<div class=\"so-widget-sow-editor so-widget-sow-editor-base\">\n<div class=\"siteorigin-widget-tinymce textwidget\">\n<h1 style=\"text-align: center\"><span style=\"color: #800080\">CONVOCAT\u00d2RIA PROMOCI\u00d3 INTERNA P-01\/14 ADMINISTRATIU<\/span><\/h1>\n<h3><strong><span style=\"color: #000000\">Curs de preparaci\u00f3 per a la provisi\u00f3 de places d\u2019administratiu\/va<\/span><\/strong><\/h3>\n<p style=\"text-align: center\"><strong>Per\u00edode de preinscripci\u00f3:<\/strong>\u202f14\/07\/2017\u202fa\u202f21\/07\/2017\u00a0<\/p>\n<p style=\"text-align: center\"><strong>Setembre, octubre, novembre i desembre de 2017 de 16 a 19 h\u00a0\u00a0\u00a0\u00a0\u00a0\u00a0\u00a0\u00a0\u00a0\u00a0\u00a0\u00a0\u00a0\u00a0\u00a0\u00a0\u00a0\u00a0\u00a0\u00a0\u00a0<\/strong><\/p>\n<p style=\"text-align: center\"><strong>Recinte Escola Industrial Comte d\u2019Urgell, 187 Barcelona\u00a0<\/strong>\u00a0<\/p>\n<p style=\"text-align: center\"><strong>L\u2019acci\u00f3 formativa es centra en la part te\u00f2rica d\u2019aquesta convocat\u00f2ria.<\/strong><\/p>\n<p style=\"text-align: center\"><strong>75 hores lectives (25 sessions de 3h)<\/strong><\/p>\n<p><span style=\"color: #3366ff\"><a href=\"http:\/\/aplicacions.diba.cat\/gestforma\/publico\/detalleedicion.jsp?idapr=&amp;id_edicion=6795\">http:\/\/aplicacions.diba.cat\/gestforma\/publico\/detalleedicion.jsp?idapr=&amp;id_edicion=6795<\/a>\u00a0<\/span><\/p>\n<p><span style=\"color: #800080\"><strong>Objectiu<\/strong><\/span><\/p>\n<p>Identificar els elements clau (normatius, procedimentals, conceptuals) de cada \u00e0mbit de gesti\u00f3 p\u00fablica incl\u00f2s en el programa.<\/p>\n<p><span style=\"color: #800080\"><strong>Personal al qual s\u2019adre\u00e7a<\/strong><\/span><\/p>\n<p>Personal funcionari de la Diputaci\u00f3 de Barcelona, del subgrup de classificaci\u00f3 immediatament inferior, i que estigui desenvolupant un lloc de treball d&#8217;auxiliar administratiu i hagi estat adm\u00e8s en la convocat\u00f2ria de selecci\u00f3 P01\/14 Administratiu\u00a0(<a href=\"https:\/\/www.diba.cat\/web\/seleccio\/resultatsp0114\">https:\/\/www.diba.cat\/web\/seleccio\/resultatsp0114<\/a>)\u00a0<\/p>\n<p><span style=\"color: #800080\"><strong>Continguts i inscripci\u00f3<\/strong>\u00a0<\/span><\/p>\n<p><a href=\"http:\/\/aplicacions.diba.cat\/gestforma\/publico\/detalleedicion.jsp?idapr=&amp;id_edicion=6795\"><strong><em>Grup 1<\/em><\/strong><\/a><strong><em><u>\u00a0<\/u><\/em><\/strong>\u00a0<\/p>\n<p><a href=\"http:\/\/aplicacions.diba.cat\/gestforma\/publico\/detalleedicion.jsp?idapr=&amp;id_edicion=6793\"><strong><em>Grup 2\u00a0<\/em><\/strong><\/a>\u00a0<\/p>\n<p><a href=\"http:\/\/aplicacions.diba.cat\/gestforma\/publico\/detalleedicion.jsp?idapr=&amp;id_edicion=6792\"><strong><em>Grup 3<\/em><\/strong><\/a><strong><em><u>\u00a0<\/u><\/em><\/strong>\u00a0<\/p>\n<p><a href=\"http:\/\/aplicacions.diba.cat\/gestforma\/publico\/detalleedicion.jsp?idapr=&amp;id_edicion=6794\"><strong><em>Grup 4<\/em><\/strong><\/a>\u00a0<\/p>\n<p><span style=\"color: #800080\"><strong>Per a m\u00e9s informaci\u00f3<\/strong><\/span><br \/> \u00a0<br \/> Direcci\u00f3 de Serveis de Formaci\u00f3\u00a0<\/p>\n<p>934 049 300\u00a0<\/p>\n<p><u>ds.formacio@diba.cat<\/u>\u00a0<\/p>\n<p style=\"text-align: justify\">\u00a0<\/p>\n<p style=\"text-align: center\">* \u00a0* \u00a0* \u00a0* \u00a0*<\/p>\n<\/div>\n<\/div>\n<\/div>\n<\/div>\n<\/div>\n<div id=\"pg-1669-2\" class=\"panel-grid panel-no-style\">\n<div id=\"pgc-1669-2-0\" class=\"panel-grid-cell\">\n<div id=\"panel-1669-2-0-0\" class=\"so-panel widget widget_sow-editor panel-first-child panel-last-child\">\n<div class=\"so-widget-sow-editor so-widget-sow-editor-base\">\n<div class=\"siteorigin-widget-tinymce textwidget\">\n<p><img loading=\"lazy\" decoding=\"async\" class=\"alignleft wp-image-226\" src=\"http:\/\/ccoo.app\/diputacio-de-barcelona\/wp-content\/blogs.dir\/6\/files\/sites\/186\/2016\/04\/estem-decidits-acontinuar-lluitant.png\" alt=\"Estem decidits a continuar lluitant !\" width=\"213\" height=\"89\" \/><\/p>\n<p><img loading=\"lazy\" decoding=\"async\" class=\"wp-image-262 alignright\" src=\"http:\/\/ccoo.app\/diputacio-de-barcelona\/wp-content\/blogs.dir\/6\/files\/sites\/186\/2016\/04\/afiliat_ccoo_cat.gif\" alt=\"Tota la informaci\u00f3 de com afiliar-se a CCOO Catalunya i forlmulari d'alta o baxia.\" width=\"90\" height=\"80\" \/><\/p>\n<p><img loading=\"lazy\" decoding=\"async\" class=\"wp-image-227 aligncenter\" src=\"http:\/\/ccoo.app\/diputacio-de-barcelona\/wp-content\/blogs.dir\/6\/files\/sites\/186\/2016\/04\/logo-peu-300x69.png\" alt=\"logo-peu\" width=\"952\" height=\"219\" srcset=\"https:\/\/ccoo.app\/diputacio-de-barcelona\/wp-content\/blogs.dir\/6\/files\/sites\/186\/2016\/04\/logo-peu-300x69.png 300w, https:\/\/ccoo.app\/diputacio-de-barcelona\/wp-content\/blogs.dir\/6\/files\/sites\/186\/2016\/04\/logo-peu.png 557w\" sizes=\"auto, (max-width: 952px) 100vw, 952px\" \/><\/p>\n<p style=\"text-align: center\"><small><\/small><small>Formulari d&#8217;<a href=\"\/afiliat\/\">alta<\/a>, <a href=\"\/afiliat\/\">baixa <\/a>o <a href=\"\/afiliat\/\">modificaci\u00f3 <\/a>de les dades personals o<br \/> contacta&#8217;ns a trav\u00e9s del tel\u00e8fon<strong> 934 022 985<\/strong> o correu: <a href=\"mailto:ccoo@diba.cat\"><strong>ccoo@diba.cat<\/strong><\/a><\/small><\/p>\n<\/div>\n<\/div>\n<\/div>\n<\/div>\n<\/div>\n<\/div>\n","protected":false},"excerpt":{"rendered":"<p>\u00a0 \u00a0 CONVOCAT\u00d2RIA PROMOCI\u00d3 INTERNA P-01\/14 ADMINISTRATIU Curs de preparaci\u00f3 per a la provisi\u00f3 de places d\u2019administratiu\/va Per\u00edode de preinscripci\u00f3:\u202f14\/07\/2017\u202fa\u202f21\/07\/2017\u00a0 Setembre, octubre, novembre i desembre de 2017 de 16 a &#8230; <\/p>\n<p class=\"read-more-container\"><a title=\"CONVOCAT\u00d2RIA PROMOCI\u00d3 INTERNA P-01\/14 ADMINISTRATIU\" class=\"read-more button\" href=\"https:\/\/ccoo.app\/diputacio-de-barcelona\/convocatoria-promocio-interna-p-0114-administratiu\/#more-1669\" aria-label=\"Leer m\u00e1s sobre CONVOCAT\u00d2RIA PROMOCI\u00d3 INTERNA P-01\/14 ADMINISTRATIU\">Continuar llegint<\/a><\/p>\n","protected":false},"author":4519,"featured_media":255,"comment_status":"open","ping_status":"open","sticky":false,"template":"","format":"standard","meta":{"footnotes":""},"categories":[38,16,19,20],"tags":[],"class_list":["post-1669","post","type-post","status-publish","format-standard","has-post-thumbnail","hentry","category-a-tot-el-personal","category-carrera-professional","category-comunicats","category-cursos","generate-columns","tablet-grid-50","mobile-grid-100","grid-parent","grid-50"],"_links":{"self":[{"href":"https:\/\/ccoo.app\/diputacio-de-barcelona\/wp-json\/wp\/v2\/posts\/1669","targetHints":{"allow":["GET"]}}],"collection":[{"href":"https:\/\/ccoo.app\/diputacio-de-barcelona\/wp-json\/wp\/v2\/posts"}],"about":[{"href":"https:\/\/ccoo.app\/diputacio-de-barcelona\/wp-json\/wp\/v2\/types\/post"}],"author":[{"embeddable":true,"href":"https:\/\/ccoo.app\/diputacio-de-barcelona\/wp-json\/wp\/v2\/users\/4519"}],"replies":[{"embeddable":true,"href":"https:\/\/ccoo.app\/diputacio-de-barcelona\/wp-json\/wp\/v2\/comments?post=1669"}],"version-history":[{"count":1,"href":"https:\/\/ccoo.app\/diputacio-de-barcelona\/wp-json\/wp\/v2\/posts\/1669\/revisions"}],"predecessor-version":[{"id":52221,"href":"https:\/\/ccoo.app\/diputacio-de-barcelona\/wp-json\/wp\/v2\/posts\/1669\/revisions\/52221"}],"wp:featuredmedia":[{"embeddable":true,"href":"https:\/\/ccoo.app\/diputacio-de-barcelona\/wp-json\/wp\/v2\/media\/255"}],"wp:attachment":[{"href":"https:\/\/ccoo.app\/diputacio-de-barcelona\/wp-json\/wp\/v2\/media?parent=1669"}],"wp:term":[{"taxonomy":"category","embeddable":true,"href":"https:\/\/ccoo.app\/diputacio-de-barcelona\/wp-json\/wp\/v2\/categories?post=1669"},{"taxonomy":"post_tag","embeddable":true,"href":"https:\/\/ccoo.app\/diputacio-de-barcelona\/wp-json\/wp\/v2\/tags?post=1669"}],"curies":[{"name":"wp","href":"https:\/\/api.w.org\/{rel}","templated":true}]}}