{"id":1657,"date":"2017-07-18T08:29:42","date_gmt":"2017-07-18T07:29:42","guid":{"rendered":"https:\/\/diba.ccoo.cat\/?p=1657"},"modified":"2023-02-22T19:14:44","modified_gmt":"2023-02-22T18:14:44","slug":"vine-en-bici-a-la-feina-mobilitatccoodiba","status":"publish","type":"post","link":"https:\/\/ccoo.app\/diputacio-de-barcelona\/vine-en-bici-a-la-feina-mobilitatccoodiba\/","title":{"rendered":"VINE EN BICI A LA FEINA #MobilitatCCOODiBA"},"content":{"rendered":"<div id=\"pl-1657\" class=\"panel-layout\">\n<div id=\"pg-1657-0\" class=\"panel-grid panel-no-style\">\n<div id=\"pgc-1657-0-0\" class=\"panel-grid-cell\">\n<div id=\"panel-1657-0-0-0\" class=\"so-panel widget widget_sow-editor panel-first-child panel-last-child\">\n<div class=\"so-widget-sow-editor so-widget-sow-editor-base\">\n<div class=\"siteorigin-widget-tinymce textwidget\">\n<p>\u00a0<\/p>\n<figure id=\"attachment_189\" aria-describedby=\"caption-attachment-189\" style=\"width: 459px\" class=\"wp-caption aligncenter\"><img loading=\"lazy\" decoding=\"async\" class=\"wp-image-189\" title=\"Secci\u00f3 Sindical de la Diutaci\u00f3 de Barcelona de la Federaci\u00f3 Sindical de Catalunya\" src=\"http:\/\/ccoo.app\/diputacio-de-barcelona\/wp-content\/blogs.dir\/6\/files\/sites\/186\/2015\/12\/ccoo-fsc-cat.png\" alt=\"Secci\u00f3 Sindical de la Diputaci\u00f3 de Barcelona de la Federaci\u00f3 Sindical de Catalunya\" width=\"469\" height=\"90\" \/><figcaption id=\"caption-attachment-189\" class=\"wp-caption-text\">Secci\u00f3 Sindical de la Diputaci\u00f3 de Barcelona<\/figcaption><\/figure>\n<h3 style=\"text-align: center\">\u00a0<\/h3>\n<\/div>\n<\/div>\n<\/div>\n<\/div>\n<\/div>\n<div id=\"pg-1657-1\" class=\"panel-grid panel-no-style\">\n<div id=\"pgc-1657-1-0\" class=\"panel-grid-cell\">\n<div id=\"panel-1657-1-0-0\" class=\"so-panel widget widget_sow-editor panel-first-child panel-last-child\">\n<div class=\"so-widget-sow-editor so-widget-sow-editor-base\">\n<div class=\"siteorigin-widget-tinymce textwidget\">\n<h1 style=\"text-align: center\"><strong><span style=\"color: #ff0000\">VINE EN BICI A LA FEINA #MobilitatCCOODiBAA\u00a0<\/span><\/strong><\/h1>\n<h3><strong>Has pensat alguna vegada en\u00a0depla\u00e7ar-te\u00a0en bicicleta a la feina per\u00f2 no trobes el dia per fer-ho?\u00a0<\/strong><\/h3>\n<h3><strong>El\u00a0dia 21 de setembre 2017 t&#8217;ho posa en safata!<\/strong><\/h3>\n<p><strong>Que\u00a0<\/strong>s\u2019ha organitzat\u00a0per\u00a0ajudar-te a\u00a0anar en bici el dia 21S?<\/p>\n<ul>\n<li>Es facilitaran llocs segurs per aparcar la bicicleta, habilitant espais addicionals d\u2019aparcaments segurs als recintes participants (Urgell, Can Serra i annexes, Maternitat i Mundet).<\/li>\n<li>S\u2019organitzaran rutes segures que connectin els principals recintes de la Diputaci\u00f3 a Barcelona.<\/li>\n<li>Els inscrits rebran instruccions de seguretat.<\/li>\n<li>Es facilitaran els noms d\u2019APPs per comptabilitzar els km recorreguts.<\/li>\n<li>Es publicaran pl\u00e0nols amb els carrils bici m\u00e9s propers als recintes.<\/li>\n<\/ul>\n<p><strong>Que has de fer tu<\/strong>\u00a0per participar?<\/p>\n<p>\u00a0\u00a0\u00a0\u00a0\u00a0Nom\u00e9s t\u2019has d\u2019inscriure en el seg\u00fcent enlla\u00e7:\u00a0<\/p>\n<p><a href=\"https:\/\/formularis.diba.cat\/intradiba\/amb-bici-a-la-feina\">https:\/\/formularis.diba.cat\/intradiba\/amb-bici-a-la-feina<\/a>\u00a0<\/p>\n<p style=\"text-align: center\">* \u00a0* \u00a0* \u00a0* \u00a0*<\/p>\n<\/div>\n<\/div>\n<\/div>\n<\/div>\n<\/div>\n<div id=\"pg-1657-2\" class=\"panel-grid panel-no-style\">\n<div id=\"pgc-1657-2-0\" class=\"panel-grid-cell\">\n<div id=\"panel-1657-2-0-0\" class=\"so-panel widget widget_sow-editor panel-first-child panel-last-child\">\n<div class=\"so-widget-sow-editor so-widget-sow-editor-base\">\n<div class=\"siteorigin-widget-tinymce textwidget\">\n<p><img loading=\"lazy\" decoding=\"async\" class=\"alignleft wp-image-226\" src=\"http:\/\/ccoo.app\/diputacio-de-barcelona\/wp-content\/blogs.dir\/6\/files\/sites\/186\/2016\/04\/estem-decidits-acontinuar-lluitant.png\" alt=\"Estem decidits a continuar lluitant !\" width=\"213\" height=\"89\" \/><\/p>\n<p><img loading=\"lazy\" decoding=\"async\" class=\"wp-image-262 alignright\" src=\"http:\/\/ccoo.app\/diputacio-de-barcelona\/wp-content\/blogs.dir\/6\/files\/sites\/186\/2016\/04\/afiliat_ccoo_cat.gif\" alt=\"Tota la informaci\u00f3 de com afiliar-se a CCOO Catalunya i forlmulari d'alta o baxia.\" width=\"90\" height=\"80\" \/><\/p>\n<p><img loading=\"lazy\" decoding=\"async\" class=\"wp-image-227 aligncenter\" src=\"http:\/\/ccoo.app\/diputacio-de-barcelona\/wp-content\/blogs.dir\/6\/files\/sites\/186\/2016\/04\/logo-peu-300x69.png\" alt=\"logo-peu\" width=\"952\" height=\"219\" srcset=\"https:\/\/ccoo.app\/diputacio-de-barcelona\/wp-content\/blogs.dir\/6\/files\/sites\/186\/2016\/04\/logo-peu-300x69.png 300w, https:\/\/ccoo.app\/diputacio-de-barcelona\/wp-content\/blogs.dir\/6\/files\/sites\/186\/2016\/04\/logo-peu.png 557w\" sizes=\"auto, (max-width: 952px) 100vw, 952px\" \/><\/p>\n<p style=\"text-align: center\"><small><\/small><small>Formulari d&#8217;<a href=\"\/afiliat\/\">alta<\/a>, <a href=\"\/afiliat\/\">baixa <\/a>o <a href=\"\/afiliat\/\">modificaci\u00f3 <\/a>de les dades personals o<br \/> contacta&#8217;ns a trav\u00e9s del tel\u00e8fon<strong> 934 022 985<\/strong> o correu: <a href=\"mailto:ccoo@diba.cat\"><strong>ccoo@diba.cat<\/strong><\/a><\/small><\/p>\n<\/div>\n<\/div>\n<\/div>\n<\/div>\n<\/div>\n<\/div>\n","protected":false},"excerpt":{"rendered":"<p>\u00a0 \u00a0 VINE EN BICI A LA FEINA #MobilitatCCOODiBAA\u00a0 Has pensat alguna vegada en\u00a0depla\u00e7ar-te\u00a0en bicicleta a la feina per\u00f2 no trobes el dia per fer-ho?\u00a0 El\u00a0dia 21 de setembre 2017 &#8230; <\/p>\n<p class=\"read-more-container\"><a title=\"VINE EN BICI A LA FEINA #MobilitatCCOODiBA\" class=\"read-more button\" href=\"https:\/\/ccoo.app\/diputacio-de-barcelona\/vine-en-bici-a-la-feina-mobilitatccoodiba\/#more-1657\" aria-label=\"Leer m\u00e1s sobre VINE EN BICI A LA FEINA #MobilitatCCOODiBA\">Continuar llegint<\/a><\/p>\n","protected":false},"author":4519,"featured_media":255,"comment_status":"open","ping_status":"open","sticky":false,"template":"","format":"standard","meta":{"footnotes":""},"categories":[38,19],"tags":[154],"class_list":["post-1657","post","type-post","status-publish","format-standard","has-post-thumbnail","hentry","category-a-tot-el-personal","category-comunicats","tag-mobilitat-teletreball","generate-columns","tablet-grid-50","mobile-grid-100","grid-parent","grid-50"],"_links":{"self":[{"href":"https:\/\/ccoo.app\/diputacio-de-barcelona\/wp-json\/wp\/v2\/posts\/1657","targetHints":{"allow":["GET"]}}],"collection":[{"href":"https:\/\/ccoo.app\/diputacio-de-barcelona\/wp-json\/wp\/v2\/posts"}],"about":[{"href":"https:\/\/ccoo.app\/diputacio-de-barcelona\/wp-json\/wp\/v2\/types\/post"}],"author":[{"embeddable":true,"href":"https:\/\/ccoo.app\/diputacio-de-barcelona\/wp-json\/wp\/v2\/users\/4519"}],"replies":[{"embeddable":true,"href":"https:\/\/ccoo.app\/diputacio-de-barcelona\/wp-json\/wp\/v2\/comments?post=1657"}],"version-history":[{"count":1,"href":"https:\/\/ccoo.app\/diputacio-de-barcelona\/wp-json\/wp\/v2\/posts\/1657\/revisions"}],"predecessor-version":[{"id":52222,"href":"https:\/\/ccoo.app\/diputacio-de-barcelona\/wp-json\/wp\/v2\/posts\/1657\/revisions\/52222"}],"wp:featuredmedia":[{"embeddable":true,"href":"https:\/\/ccoo.app\/diputacio-de-barcelona\/wp-json\/wp\/v2\/media\/255"}],"wp:attachment":[{"href":"https:\/\/ccoo.app\/diputacio-de-barcelona\/wp-json\/wp\/v2\/media?parent=1657"}],"wp:term":[{"taxonomy":"category","embeddable":true,"href":"https:\/\/ccoo.app\/diputacio-de-barcelona\/wp-json\/wp\/v2\/categories?post=1657"},{"taxonomy":"post_tag","embeddable":true,"href":"https:\/\/ccoo.app\/diputacio-de-barcelona\/wp-json\/wp\/v2\/tags?post=1657"}],"curies":[{"name":"wp","href":"https:\/\/api.w.org\/{rel}","templated":true}]}}